{"id":21474,"date":"2022-11-17T12:37:58","date_gmt":"2022-11-17T15:37:58","guid":{"rendered":"http:\/\/pedroleopoldo.mg.gov.br\/?p=21474"},"modified":"2022-11-17T12:38:02","modified_gmt":"2022-11-17T15:38:02","slug":"prefeitura-de-pedro-leopoldo-e-defensoria-publica-de-minas-realizam-casamento-comunitario","status":"publish","type":"post","link":"https:\/\/arquivo.pedroleopoldo.mg.gov.br\/?p=21474","title":{"rendered":"Prefeitura de Pedro Leopoldo e Defensoria P\u00fablica de Minas realizam Casamento Comunit\u00e1rio"},"content":{"rendered":"\n<p>Vinte e sete casais de Pedro Leopoldo celebraram o amor e a formaliza\u00e7\u00e3o da uni\u00e3o por meio do Casamento Comunit\u00e1rio da Defensoria P\u00fablica de Minas Gerais (DPMG), na quarta-feira, 16. O evento aconteceu \u00e0s 18h no Laborat\u00f3rio Federal de Defesa Agropecu\u00e1ria de Minas Gerais. A iniciativa visa garantir a seguran\u00e7a jur\u00eddica do casal em quest\u00f5es como pens\u00e3o, aux\u00edlios, invent\u00e1rios, partilha e direito de heran\u00e7a, por meio da uni\u00e3o civil.<\/p>\n\n\n\n<p>A a\u00e7\u00e3o \u00e9 realizada por meio da Coordenadoria de Projetos, Conv\u00eanios e Parcerias&nbsp;(CooProC)&nbsp;e tem o objetivo de dar oportunidade aos casais de baixa renda de legalizarem sua situa\u00e7\u00e3o civil, com isen\u00e7\u00e3o de taxas e emolumentos, e realizarem o sonho da cerim\u00f4nia nupcial.<\/p>\n\n\n\n<p>O evento teve tudo o que pede uma ocasi\u00e3o especial como esta, como entrada dos noivos em marcha nupcial, tapete vermelho, bem-casados, distribui\u00e7\u00e3o de presentes, entre outras a\u00e7\u00f5es, viabilizadas por uma rede de solidariedade formada por parcerias volunt\u00e1rias.<\/p>\n\n\n\n<p>A Prefeitura de Pedro Leopoldo \u00e9 parceira do evento, atrav\u00e9s da Secretaria de Desenvolvimento Social. A Prefeita&nbsp;Eloisa&nbsp;Helena n\u00e3o p\u00f4de comparecer, mas mandou sua mensagem de carinho aos noivos. \u201cFiquei bastante chateada por n\u00e3o estar presente neste momento de tanta alegria e emo\u00e7\u00e3o, uma vez que ocorreu um pequeno acidente comigo, que impede minha locomo\u00e7\u00e3o. Mas fico muito feliz em poder contribuir de alguma forma com a realiza\u00e7\u00e3o deste sonho. Para n\u00f3s, apoiar, junto \u00e0 Defensoria P\u00fablica, a concretiza\u00e7\u00e3o desta uni\u00e3o, \u00e9 uma grande honra. Desejo, em nome da nossa gest\u00e3o, que todos voc\u00eas celebrem o amor e a alegria do matrim\u00f4nio e tenham garantidos todos os direitos relativos a esta uni\u00e3o. Desejo ainda, que formem fam\u00edlias aben\u00e7oadas por Deus, onde o amor, a parceria e o companheirismo reinem. Que a alegria fa\u00e7a morada no lar de voc\u00eas. Agradecemos ao Lanagro, Defensoria P\u00fablica, Secretaria Municipal de Desenvolvimento Social, cart\u00f3rios e todos os parceiros que, com muito carinho, ajudaram na realiza\u00e7\u00e3o deste evento t\u00e3o bonito e t\u00e3o sonhado por todos aqui. Aos noivos, todo meu carinho. Sejam muito felizes!\u201d, desejou.<\/p>\n\n\n\n<p>Adriane Ribeiro, 52, ap\u00f3s doze anos de relacionamento com o M\u00e1rio de Jesus, 64, agradeceu por ter tido a oportunidade de oficializar a rela\u00e7\u00e3o e o amor dos&nbsp;dois \u201cS\u00e3o&nbsp;doze anos de conviv\u00eancia, e ,agora, surgiu a oportunidade de colocarmos a alian\u00e7a. Agrade\u00e7o muito \u00e0 Prefeitura, \u00e0 Defensoria e&nbsp;o Cart\u00f3rio,&nbsp;que proporcionaram isso para gente. Esse dia nunca ser\u00e1 esquecido\u201d, celebrou.<\/p>\n\n\n\n<p>O Casamento Comunit\u00e1rio acontece como forma de proporcionar, tamb\u00e9m, a regulariza\u00e7\u00e3o de rela\u00e7\u00f5es familiares, valoriza\u00e7\u00e3o do afeto do casal e da fam\u00edlia, revelando-se importante fator de preven\u00e7\u00e3o aos conflitos sociais.<br><\/p>\n","protected":false},"excerpt":{"rendered":"<p>Vinte e sete casais de Pedro Leopoldo celebraram o amor e a formaliza\u00e7\u00e3o da uni\u00e3o por meio do Casamento Comunit\u00e1rio da Defensoria P\u00fablica de Minas Gerais (DPMG), na quarta-feira, 16. O evento aconteceu \u00e0s 18h no Laborat\u00f3rio Federal de Defesa Agropecu\u00e1ria de Minas Gerais. A iniciativa visa garantir a seguran\u00e7a jur\u00eddica do casal em quest\u00f5es &hellip; <a href=\"https:\/\/arquivo.pedroleopoldo.mg.gov.br\/?p=21474\" class=\"more-link\">Continuar lendo <span class=\"screen-reader-text\">Prefeitura de Pedro Leopoldo e Defensoria P\u00fablica de Minas realizam Casamento Comunit\u00e1rio<\/span><\/a><\/p>\n","protected":false},"author":1,"featured_media":21475,"comment_status":"closed","ping_status":"closed","sticky":false,"template":"","format":"standard","meta":{"footnotes":""},"categories":[4],"tags":[],"_links":{"self":[{"href":"https:\/\/arquivo.pedroleopoldo.mg.gov.br\/index.php?rest_route=\/wp\/v2\/posts\/21474"}],"collection":[{"href":"https:\/\/arquivo.pedroleopoldo.mg.gov.br\/index.php?rest_route=\/wp\/v2\/posts"}],"about":[{"href":"https:\/\/arquivo.pedroleopoldo.mg.gov.br\/index.php?rest_route=\/wp\/v2\/types\/post"}],"author":[{"embeddable":true,"href":"https:\/\/arquivo.pedroleopoldo.mg.gov.br\/index.php?rest_route=\/wp\/v2\/users\/1"}],"replies":[{"embeddable":true,"href":"https:\/\/arquivo.pedroleopoldo.mg.gov.br\/index.php?rest_route=%2Fwp%2Fv2%2Fcomments&post=21474"}],"version-history":[{"count":0,"href":"https:\/\/arquivo.pedroleopoldo.mg.gov.br\/index.php?rest_route=\/wp\/v2\/posts\/21474\/revisions"}],"wp:featuredmedia":[{"embeddable":true,"href":"https:\/\/arquivo.pedroleopoldo.mg.gov.br\/index.php?rest_route=\/wp\/v2\/media\/21475"}],"wp:attachment":[{"href":"https:\/\/arquivo.pedroleopoldo.mg.gov.br\/index.php?rest_route=%2Fwp%2Fv2%2Fmedia&parent=21474"}],"wp:term":[{"taxonomy":"category","embeddable":true,"href":"https:\/\/arquivo.pedroleopoldo.mg.gov.br\/index.php?rest_route=%2Fwp%2Fv2%2Fcategories&post=21474"},{"taxonomy":"post_tag","embeddable":true,"href":"https:\/\/arquivo.pedroleopoldo.mg.gov.br\/index.php?rest_route=%2Fwp%2Fv2%2Ftags&post=21474"}],"curies":[{"name":"wp","href":"https:\/\/api.w.org\/{rel}","templated":true}]}}