{"id":21471,"date":"2022-11-17T12:35:09","date_gmt":"2022-11-17T15:35:09","guid":{"rendered":"http:\/\/pedroleopoldo.mg.gov.br\/?p=21471"},"modified":"2022-11-17T12:35:14","modified_gmt":"2022-11-17T15:35:14","slug":"pedro-leopoldo-promove-1o-seminario-esportivo","status":"publish","type":"post","link":"https:\/\/arquivo.pedroleopoldo.mg.gov.br\/?p=21471","title":{"rendered":"Pedro Leopoldo promove 1\u00ba Semin\u00e1rio Esportivo"},"content":{"rendered":"\n<p>Teve in\u00edcio hoje o 1\u00ba Semin\u00e1rio Esportivo de Pedro Leopoldo para gestores, dirigentes e profissionais da \u00e1rea. Representantes de 17 prefeituras da regi\u00e3o estiveram presentes. Ser\u00e3o abordados temas como a import\u00e2ncia do esporte nas escolas e da mulher no esporte, capta\u00e7\u00e3o do ICMS esportivo e a relev\u00e2ncia dos esportes para deficientes, entre outros assuntos. &#8220;Este evento \u00e9 de grande relev\u00e2ncia, uma vez que neste Semin\u00e1rio vamos al\u00e9m de fazer o trivial, que \u00e9 incentivar e colocar os atletas para \u201cbater bola\u201d, e seguimos para o campo das ideias, conversando administrativamente sobre o potencial do esporte para nosso munic\u00edpio e para a regi\u00e3o. \u00c9 uma troca de experi\u00eancias de grande valia para todos. Nossa inten\u00e7\u00e3o \u00e9 melhorar cada vez mais o esporte&#8221;, disse a vice-prefeita, Ana Paula Santos. <\/p>\n\n\n\n<p>O evento acontece hoje e amanh\u00e3 no CEU \u2013 Centro de Esportes Unificados de Pedro Leopoldo, e, neste primeiro dia, contou com a presen\u00e7a do ex-atleta Serginho do V\u00f4lei, Campe\u00e3o Mundial pelo Cruzeiro, que explanou sobre a forma\u00e7\u00e3o de atletas. <\/p>\n\n\n\n<p>Para o Coordenador de Esportes, Juliano Pereira, buscar e compartilhar conhecimento \u00e9 a base para a concretiza\u00e7\u00e3o das melhorias pretendidas pelo Executivo. &#8220;Que possamos plantar esta semente para colhermos um esporte para todos. O esporte salva vidas. Hoje sa\u00edmos daqui, melhor do que entramos, certamente&#8221;, destacou.<\/p>\n\n\n\n<p>Uma iniciativa sensacional e in\u00e9dita da Prefeitura, atrav\u00e9s da Coordena\u00e7\u00e3o de Esportes do Munic\u00edpio!<\/p>\n","protected":false},"excerpt":{"rendered":"<p>Teve in\u00edcio hoje o 1\u00ba Semin\u00e1rio Esportivo de Pedro Leopoldo para gestores, dirigentes e profissionais da \u00e1rea. Representantes de 17 prefeituras da regi\u00e3o estiveram presentes. Ser\u00e3o abordados temas como a import\u00e2ncia do esporte nas escolas e da mulher no esporte, capta\u00e7\u00e3o do ICMS esportivo e a relev\u00e2ncia dos esportes para deficientes, entre outros assuntos. &#8220;Este &hellip; <a href=\"https:\/\/arquivo.pedroleopoldo.mg.gov.br\/?p=21471\" class=\"more-link\">Continuar lendo <span class=\"screen-reader-text\">Pedro Leopoldo promove 1\u00ba Semin\u00e1rio Esportivo<\/span><\/a><\/p>\n","protected":false},"author":1,"featured_media":21472,"comment_status":"closed","ping_status":"closed","sticky":false,"template":"","format":"standard","meta":{"footnotes":""},"categories":[4],"tags":[],"_links":{"self":[{"href":"https:\/\/arquivo.pedroleopoldo.mg.gov.br\/index.php?rest_route=\/wp\/v2\/posts\/21471"}],"collection":[{"href":"https:\/\/arquivo.pedroleopoldo.mg.gov.br\/index.php?rest_route=\/wp\/v2\/posts"}],"about":[{"href":"https:\/\/arquivo.pedroleopoldo.mg.gov.br\/index.php?rest_route=\/wp\/v2\/types\/post"}],"author":[{"embeddable":true,"href":"https:\/\/arquivo.pedroleopoldo.mg.gov.br\/index.php?rest_route=\/wp\/v2\/users\/1"}],"replies":[{"embeddable":true,"href":"https:\/\/arquivo.pedroleopoldo.mg.gov.br\/index.php?rest_route=%2Fwp%2Fv2%2Fcomments&post=21471"}],"version-history":[{"count":0,"href":"https:\/\/arquivo.pedroleopoldo.mg.gov.br\/index.php?rest_route=\/wp\/v2\/posts\/21471\/revisions"}],"wp:featuredmedia":[{"embeddable":true,"href":"https:\/\/arquivo.pedroleopoldo.mg.gov.br\/index.php?rest_route=\/wp\/v2\/media\/21472"}],"wp:attachment":[{"href":"https:\/\/arquivo.pedroleopoldo.mg.gov.br\/index.php?rest_route=%2Fwp%2Fv2%2Fmedia&parent=21471"}],"wp:term":[{"taxonomy":"category","embeddable":true,"href":"https:\/\/arquivo.pedroleopoldo.mg.gov.br\/index.php?rest_route=%2Fwp%2Fv2%2Fcategories&post=21471"},{"taxonomy":"post_tag","embeddable":true,"href":"https:\/\/arquivo.pedroleopoldo.mg.gov.br\/index.php?rest_route=%2Fwp%2Fv2%2Ftags&post=21471"}],"curies":[{"name":"wp","href":"https:\/\/api.w.org\/{rel}","templated":true}]}}