{"id":21449,"date":"2022-11-08T16:56:43","date_gmt":"2022-11-08T19:56:43","guid":{"rendered":"http:\/\/pedroleopoldo.mg.gov.br\/?p=21449"},"modified":"2022-11-08T16:56:47","modified_gmt":"2022-11-08T19:56:47","slug":"prefeitura-implanta-lindos-parquinhos-em-pracas-do-municipio","status":"publish","type":"post","link":"https:\/\/arquivo.pedroleopoldo.mg.gov.br\/?p=21449","title":{"rendered":"Prefeitura implanta lindos parquinhos em pra\u00e7as do munic\u00edpio"},"content":{"rendered":"\n<p><em>Atual gest\u00e3o tamb\u00e9m adquiriu novos brinquedos para as escolas e CEMAI\u00b4s do munic\u00edpio<\/em><\/p>\n\n\n\n<p>Levar lazer e divers\u00e3o aos pedroleopoldenses tamb\u00e9m \u00e9 um objetivo da atual gest\u00e3o. Por isso, a Prefeitura de Pedro Leopoldo instalou lindos parquinhos nas pra\u00e7as Jos\u00e9 dos Anjos, no bairro Lagoa de Santo Ant\u00f4nio, e Tancredo Neves, no Centro. A instala\u00e7\u00e3o come\u00e7ou a ser feita primeiramente nas escolas municipais e CEMAI\u00b4s, que hoje est\u00e3o todas compostas com novos brinquedos.<\/p>\n\n\n\n<p>Agora o objetivo \u00e9 alegrar os locais p\u00fablicos com os parquinhos tamb\u00e9m. Essa \u00e9 uma iniciativa in\u00e9dita no munic\u00edpio, que est\u00e1 sendo realizada para atender uma antiga demanda das fam\u00edlias.<\/p>\n\n\n\n<p>A Talita, moradora da rua Nossa Senhora das Gra\u00e7as, no Centro, ficou bem satisfeita com a coloca\u00e7\u00e3o dos brinquedos na pra\u00e7a Tancredo Neves, pois agora tem um lugar perto de casa para levar seu filho para se divertir. \u201cAchei a iniciativa bem bacana, pois \u00e9 uma op\u00e7\u00e3o a mais de lazer para as crian\u00e7as. Para mim foi \u00f3timo, pois moro aqui perto, posso trazer meu filho para brincar e nem preciso trazer brinquedo de casa mais\u201d, disse.<\/p>\n\n\n\n<p>Quem tamb\u00e9m gostou do parquinho foi Cl\u00e9cio Soares, morador da Lagoa. \u201cEu queria demais um brinquedo desse aqui. Tem pouca op\u00e7\u00e3o pra levar minha menina aqui pra brincar e isso vai salvar os nossos passeios pelo bairro! Ela amou, assim como eu e a m\u00e3e dele. Parece simples, mas deixou muita gente feliz!\u201d, disse.<\/p>\n\n\n\n<p>Para a Prefeita Eloisa Helena, dar aten\u00e7\u00e3o \u00e0s crian\u00e7as \u00e9 cuidar do futuro do munic\u00edpio. \u201cA aten\u00e7\u00e3o com nossos pequenos deve ser redobrada, afinal, eles est\u00e3o em fase de constru\u00e7\u00e3o, uma das fases mais importantes da vida. E brincar faz parte deste crescimento, faz parte da inf\u00e2ncia e tem que ser para todos. Colocamos brinquedos novos nas escolas e queremos levar lazer e alegria para todos. Estamos iluminando toda a cidade, pra\u00e7as, tudo com Led, para que as fam\u00edlias possam frequentar os espa\u00e7os p\u00fabicos com seguran\u00e7a\u201d, destacou.<\/p>\n\n\n\n<figure class=\"wp-block-image size-large\"><img decoding=\"async\" loading=\"lazy\" width=\"1024\" height=\"768\" src=\"http:\/\/pedroleopoldo.mg.gov.br\/wp-content\/uploads\/2022\/11\/WhatsApp-Image-2022-11-08-at-15.59.21-2-1024x768.jpeg\" alt=\"\" class=\"wp-image-21451\" srcset=\"https:\/\/arquivo.pedroleopoldo.mg.gov.br\/wp-content\/uploads\/2022\/11\/WhatsApp-Image-2022-11-08-at-15.59.21-2-1024x768.jpeg 1024w, https:\/\/arquivo.pedroleopoldo.mg.gov.br\/wp-content\/uploads\/2022\/11\/WhatsApp-Image-2022-11-08-at-15.59.21-2-300x225.jpeg 300w, https:\/\/arquivo.pedroleopoldo.mg.gov.br\/wp-content\/uploads\/2022\/11\/WhatsApp-Image-2022-11-08-at-15.59.21-2-768x576.jpeg 768w, https:\/\/arquivo.pedroleopoldo.mg.gov.br\/wp-content\/uploads\/2022\/11\/WhatsApp-Image-2022-11-08-at-15.59.21-2-1536x1152.jpeg 1536w, https:\/\/arquivo.pedroleopoldo.mg.gov.br\/wp-content\/uploads\/2022\/11\/WhatsApp-Image-2022-11-08-at-15.59.21-2.jpeg 1600w\" sizes=\"(max-width: 1024px) 100vw, 1024px\" \/><\/figure>\n\n\n\n<figure class=\"wp-block-image size-large\"><img decoding=\"async\" loading=\"lazy\" width=\"1024\" height=\"768\" src=\"http:\/\/pedroleopoldo.mg.gov.br\/wp-content\/uploads\/2022\/11\/WhatsApp-Image-2022-11-08-at-15.59.55-2-1024x768.jpeg\" alt=\"\" class=\"wp-image-21452\" srcset=\"https:\/\/arquivo.pedroleopoldo.mg.gov.br\/wp-content\/uploads\/2022\/11\/WhatsApp-Image-2022-11-08-at-15.59.55-2-1024x768.jpeg 1024w, https:\/\/arquivo.pedroleopoldo.mg.gov.br\/wp-content\/uploads\/2022\/11\/WhatsApp-Image-2022-11-08-at-15.59.55-2-300x225.jpeg 300w, https:\/\/arquivo.pedroleopoldo.mg.gov.br\/wp-content\/uploads\/2022\/11\/WhatsApp-Image-2022-11-08-at-15.59.55-2-768x576.jpeg 768w, https:\/\/arquivo.pedroleopoldo.mg.gov.br\/wp-content\/uploads\/2022\/11\/WhatsApp-Image-2022-11-08-at-15.59.55-2-1536x1152.jpeg 1536w, https:\/\/arquivo.pedroleopoldo.mg.gov.br\/wp-content\/uploads\/2022\/11\/WhatsApp-Image-2022-11-08-at-15.59.55-2.jpeg 1600w\" sizes=\"(max-width: 1024px) 100vw, 1024px\" \/><\/figure>\n\n\n\n<figure class=\"wp-block-image size-large\"><img decoding=\"async\" loading=\"lazy\" width=\"1024\" height=\"768\" src=\"http:\/\/pedroleopoldo.mg.gov.br\/wp-content\/uploads\/2022\/11\/WhatsApp-Image-2022-11-08-at-15.59.55-3-1024x768.jpeg\" alt=\"\" class=\"wp-image-21453\" srcset=\"https:\/\/arquivo.pedroleopoldo.mg.gov.br\/wp-content\/uploads\/2022\/11\/WhatsApp-Image-2022-11-08-at-15.59.55-3-1024x768.jpeg 1024w, https:\/\/arquivo.pedroleopoldo.mg.gov.br\/wp-content\/uploads\/2022\/11\/WhatsApp-Image-2022-11-08-at-15.59.55-3-300x225.jpeg 300w, https:\/\/arquivo.pedroleopoldo.mg.gov.br\/wp-content\/uploads\/2022\/11\/WhatsApp-Image-2022-11-08-at-15.59.55-3-768x576.jpeg 768w, https:\/\/arquivo.pedroleopoldo.mg.gov.br\/wp-content\/uploads\/2022\/11\/WhatsApp-Image-2022-11-08-at-15.59.55-3-1536x1152.jpeg 1536w, https:\/\/arquivo.pedroleopoldo.mg.gov.br\/wp-content\/uploads\/2022\/11\/WhatsApp-Image-2022-11-08-at-15.59.55-3.jpeg 1600w\" sizes=\"(max-width: 1024px) 100vw, 1024px\" \/><\/figure>\n\n\n\n<figure class=\"wp-block-image size-large\"><img decoding=\"async\" loading=\"lazy\" width=\"1024\" height=\"768\" src=\"http:\/\/pedroleopoldo.mg.gov.br\/wp-content\/uploads\/2022\/11\/WhatsApp-Image-2022-11-08-at-15.59.56-1-1024x768.jpeg\" alt=\"\" class=\"wp-image-21454\" srcset=\"https:\/\/arquivo.pedroleopoldo.mg.gov.br\/wp-content\/uploads\/2022\/11\/WhatsApp-Image-2022-11-08-at-15.59.56-1-1024x768.jpeg 1024w, https:\/\/arquivo.pedroleopoldo.mg.gov.br\/wp-content\/uploads\/2022\/11\/WhatsApp-Image-2022-11-08-at-15.59.56-1-300x225.jpeg 300w, https:\/\/arquivo.pedroleopoldo.mg.gov.br\/wp-content\/uploads\/2022\/11\/WhatsApp-Image-2022-11-08-at-15.59.56-1-768x576.jpeg 768w, https:\/\/arquivo.pedroleopoldo.mg.gov.br\/wp-content\/uploads\/2022\/11\/WhatsApp-Image-2022-11-08-at-15.59.56-1-1536x1152.jpeg 1536w, https:\/\/arquivo.pedroleopoldo.mg.gov.br\/wp-content\/uploads\/2022\/11\/WhatsApp-Image-2022-11-08-at-15.59.56-1.jpeg 1600w\" sizes=\"(max-width: 1024px) 100vw, 1024px\" \/><\/figure>\n\n\n\n<figure class=\"wp-block-image size-large\"><img decoding=\"async\" loading=\"lazy\" width=\"1024\" height=\"768\" src=\"http:\/\/pedroleopoldo.mg.gov.br\/wp-content\/uploads\/2022\/11\/WhatsApp-Image-2022-11-08-at-16.39.22-1-1024x768.jpeg\" alt=\"\" class=\"wp-image-21455\" srcset=\"https:\/\/arquivo.pedroleopoldo.mg.gov.br\/wp-content\/uploads\/2022\/11\/WhatsApp-Image-2022-11-08-at-16.39.22-1-1024x768.jpeg 1024w, https:\/\/arquivo.pedroleopoldo.mg.gov.br\/wp-content\/uploads\/2022\/11\/WhatsApp-Image-2022-11-08-at-16.39.22-1-300x225.jpeg 300w, https:\/\/arquivo.pedroleopoldo.mg.gov.br\/wp-content\/uploads\/2022\/11\/WhatsApp-Image-2022-11-08-at-16.39.22-1-768x576.jpeg 768w, https:\/\/arquivo.pedroleopoldo.mg.gov.br\/wp-content\/uploads\/2022\/11\/WhatsApp-Image-2022-11-08-at-16.39.22-1-1536x1152.jpeg 1536w, https:\/\/arquivo.pedroleopoldo.mg.gov.br\/wp-content\/uploads\/2022\/11\/WhatsApp-Image-2022-11-08-at-16.39.22-1.jpeg 1600w\" sizes=\"(max-width: 1024px) 100vw, 1024px\" \/><\/figure>\n\n\n\n<p><\/p>\n","protected":false},"excerpt":{"rendered":"<p>Atual gest\u00e3o tamb\u00e9m adquiriu novos brinquedos para as escolas e CEMAI\u00b4s do munic\u00edpio Levar lazer e divers\u00e3o aos pedroleopoldenses tamb\u00e9m \u00e9 um objetivo da atual gest\u00e3o. Por isso, a Prefeitura de Pedro Leopoldo instalou lindos parquinhos nas pra\u00e7as Jos\u00e9 dos Anjos, no bairro Lagoa de Santo Ant\u00f4nio, e Tancredo Neves, no Centro. A instala\u00e7\u00e3o come\u00e7ou &hellip; <a href=\"https:\/\/arquivo.pedroleopoldo.mg.gov.br\/?p=21449\" class=\"more-link\">Continuar lendo <span class=\"screen-reader-text\">Prefeitura implanta lindos parquinhos em pra\u00e7as do munic\u00edpio<\/span><\/a><\/p>\n","protected":false},"author":1,"featured_media":21450,"comment_status":"closed","ping_status":"closed","sticky":false,"template":"","format":"standard","meta":{"footnotes":""},"categories":[4],"tags":[],"_links":{"self":[{"href":"https:\/\/arquivo.pedroleopoldo.mg.gov.br\/index.php?rest_route=\/wp\/v2\/posts\/21449"}],"collection":[{"href":"https:\/\/arquivo.pedroleopoldo.mg.gov.br\/index.php?rest_route=\/wp\/v2\/posts"}],"about":[{"href":"https:\/\/arquivo.pedroleopoldo.mg.gov.br\/index.php?rest_route=\/wp\/v2\/types\/post"}],"author":[{"embeddable":true,"href":"https:\/\/arquivo.pedroleopoldo.mg.gov.br\/index.php?rest_route=\/wp\/v2\/users\/1"}],"replies":[{"embeddable":true,"href":"https:\/\/arquivo.pedroleopoldo.mg.gov.br\/index.php?rest_route=%2Fwp%2Fv2%2Fcomments&post=21449"}],"version-history":[{"count":0,"href":"https:\/\/arquivo.pedroleopoldo.mg.gov.br\/index.php?rest_route=\/wp\/v2\/posts\/21449\/revisions"}],"wp:featuredmedia":[{"embeddable":true,"href":"https:\/\/arquivo.pedroleopoldo.mg.gov.br\/index.php?rest_route=\/wp\/v2\/media\/21450"}],"wp:attachment":[{"href":"https:\/\/arquivo.pedroleopoldo.mg.gov.br\/index.php?rest_route=%2Fwp%2Fv2%2Fmedia&parent=21449"}],"wp:term":[{"taxonomy":"category","embeddable":true,"href":"https:\/\/arquivo.pedroleopoldo.mg.gov.br\/index.php?rest_route=%2Fwp%2Fv2%2Fcategories&post=21449"},{"taxonomy":"post_tag","embeddable":true,"href":"https:\/\/arquivo.pedroleopoldo.mg.gov.br\/index.php?rest_route=%2Fwp%2Fv2%2Ftags&post=21449"}],"curies":[{"name":"wp","href":"https:\/\/api.w.org\/{rel}","templated":true}]}}