{"id":21428,"date":"2022-10-28T16:44:51","date_gmt":"2022-10-28T19:44:51","guid":{"rendered":"http:\/\/pedroleopoldo.mg.gov.br\/?p=21428"},"modified":"2022-10-28T16:44:55","modified_gmt":"2022-10-28T19:44:55","slug":"pedro-leopoldo-inaugura-primeiro-ponto-de-apoio-a-saude-na-regiao-dos-matos","status":"publish","type":"post","link":"https:\/\/arquivo.pedroleopoldo.mg.gov.br\/?p=21428","title":{"rendered":"Pedro Leopoldo inaugura primeiro ponto de apoio \u00e0 sa\u00fade na Regi\u00e3o dos Matos"},"content":{"rendered":"\n<p><em>Os atendimentos acontecer\u00e3o todas as ter\u00e7as-feiras<\/em><\/p>\n\n\n\n<p>A Prefeitura de Pedro Leopoldo, atrav\u00e9s da Secretaria Municipal de Sa\u00fade, inaugurou esta semana um centro de apoio \u00e0 sa\u00fade para atender \u00e0 comunidade da regi\u00e3o dos Matos, uma inciativa in\u00e9dita naquela localidade.<\/p>\n\n\n\n<p>O ponto de apoio funcionar\u00e1 na antiga Escola Dos Matos, todos os dias, para agendamentos e informa\u00e7\u00f5es. J\u00e1 os atendimentos acontecer\u00e3o todas as ter\u00e7as-feiras, com a equipe m\u00e9dica composta por m\u00e9dico, enfermeiro e agente comunit\u00e1rio.<\/p>\n\n\n\n<p>O senhor L\u00e1zaro Carvalho, 75, presidente da Associa\u00e7\u00e3o dos Moradores da Regi\u00e3o dos Matos, foi uma das pessoas que solicitou que os atendimentos m\u00e9dicos acontecessem na regi\u00e3o e hoje est\u00e1 muito feliz com o pedido atendido. \u201c\u00c9 muito importante esse novo ponto de apoio, porque facilita muito a vida das pessoas daqui, porque n\u00e3o v\u00e3o precisar ir na cidade para consultar, pegar uma receita. \u00c9 fundamental, caiu como uma luva. Que Deus aben\u00e7oe toda a administra\u00e7\u00e3o. Agrade\u00e7o em nome de todo o pessoal aqui de Matos\u201d, disse.<\/p>\n\n\n\n<p>A prefeita Eloisa Helena e a vice-prefeita Ana Paula estiveram no local e comemoraram o novo feito da gest\u00e3o. \u201cEstamos muito felizes por estar aqui e fazer parte desse momento t\u00e3o especial. Trabalhar para melhorar e ampliar os servi\u00e7os de sa\u00fade do munic\u00edpio sempre foi prioridade para esta administra\u00e7\u00e3o. Trazer este ponto de apoio para a regi\u00e3o dos Matos \u00e9 mais uma de v\u00e1rias melhorias que estamos fazendo aqui\u201d, conclu\u00edram.<\/p>\n","protected":false},"excerpt":{"rendered":"<p>Os atendimentos acontecer\u00e3o todas as ter\u00e7as-feiras A Prefeitura de Pedro Leopoldo, atrav\u00e9s da Secretaria Municipal de Sa\u00fade, inaugurou esta semana um centro de apoio \u00e0 sa\u00fade para atender \u00e0 comunidade da regi\u00e3o dos Matos, uma inciativa in\u00e9dita naquela localidade. O ponto de apoio funcionar\u00e1 na antiga Escola Dos Matos, todos os dias, para agendamentos e &hellip; <a href=\"https:\/\/arquivo.pedroleopoldo.mg.gov.br\/?p=21428\" class=\"more-link\">Continuar lendo <span class=\"screen-reader-text\">Pedro Leopoldo inaugura primeiro ponto de apoio \u00e0 sa\u00fade na Regi\u00e3o dos Matos<\/span><\/a><\/p>\n","protected":false},"author":1,"featured_media":21429,"comment_status":"closed","ping_status":"closed","sticky":false,"template":"","format":"standard","meta":{"footnotes":""},"categories":[4],"tags":[],"_links":{"self":[{"href":"https:\/\/arquivo.pedroleopoldo.mg.gov.br\/index.php?rest_route=\/wp\/v2\/posts\/21428"}],"collection":[{"href":"https:\/\/arquivo.pedroleopoldo.mg.gov.br\/index.php?rest_route=\/wp\/v2\/posts"}],"about":[{"href":"https:\/\/arquivo.pedroleopoldo.mg.gov.br\/index.php?rest_route=\/wp\/v2\/types\/post"}],"author":[{"embeddable":true,"href":"https:\/\/arquivo.pedroleopoldo.mg.gov.br\/index.php?rest_route=\/wp\/v2\/users\/1"}],"replies":[{"embeddable":true,"href":"https:\/\/arquivo.pedroleopoldo.mg.gov.br\/index.php?rest_route=%2Fwp%2Fv2%2Fcomments&post=21428"}],"version-history":[{"count":0,"href":"https:\/\/arquivo.pedroleopoldo.mg.gov.br\/index.php?rest_route=\/wp\/v2\/posts\/21428\/revisions"}],"wp:featuredmedia":[{"embeddable":true,"href":"https:\/\/arquivo.pedroleopoldo.mg.gov.br\/index.php?rest_route=\/wp\/v2\/media\/21429"}],"wp:attachment":[{"href":"https:\/\/arquivo.pedroleopoldo.mg.gov.br\/index.php?rest_route=%2Fwp%2Fv2%2Fmedia&parent=21428"}],"wp:term":[{"taxonomy":"category","embeddable":true,"href":"https:\/\/arquivo.pedroleopoldo.mg.gov.br\/index.php?rest_route=%2Fwp%2Fv2%2Fcategories&post=21428"},{"taxonomy":"post_tag","embeddable":true,"href":"https:\/\/arquivo.pedroleopoldo.mg.gov.br\/index.php?rest_route=%2Fwp%2Fv2%2Ftags&post=21428"}],"curies":[{"name":"wp","href":"https:\/\/api.w.org\/{rel}","templated":true}]}}