{"id":21422,"date":"2022-10-28T16:30:45","date_gmt":"2022-10-28T19:30:45","guid":{"rendered":"http:\/\/pedroleopoldo.mg.gov.br\/?p=21422"},"modified":"2022-10-28T16:30:48","modified_gmt":"2022-10-28T19:30:48","slug":"prefeitura-de-pedro-leopoldo-conclui-obra-na-ponte-raul-ribeiro-em-vera-cruz","status":"publish","type":"post","link":"https:\/\/arquivo.pedroleopoldo.mg.gov.br\/?p=21422","title":{"rendered":"Prefeitura de Pedro Leopoldo conclui obra na Ponte Raul Ribeiro em Vera Cruz"},"content":{"rendered":"\n<p><em>Ponte recebeu reforma estrutural ap\u00f3s estragos causados pela chuva<\/em><\/p>\n\n\n\n<p>A Prefeitura de Pedro Leopoldo, por meio da Secretaria de Obras e Servi\u00e7os P\u00fablicos, concluiu a obra da Ponte Raul Ribeiro, conhecida tamb\u00e9m como Ponte do Roseiral, em Vera Cruz de Minas. Devido \u00e0s fortes chuvas no in\u00edcio do ano, a ponte sofreu uma deforma\u00e7\u00e3o no solo, no lado direito, resultando em uma ruptura por deslocamento, e ent\u00e3o a ponte cedeu. A partir disso, a equipe do Obras, com muita compet\u00eancia, realizou uma reforma estrutural no local e reconstruiu a funda\u00e7\u00e3o da ponte, tornando a passagem segura novamente.<\/p>\n\n\n\n<p>As obras executadas no local foram de extrema import\u00e2ncia, pois v\u00e1rias propriedades rurais da regi\u00e3o s\u00e3o ligadas por esta ponte. \u201cDepois que a chuva levou a ponte, n\u00f3s, aqui da regi\u00e3o, tivemos muita dificuldade para chegar em alguns lugares e, com certeza, depois dessa obra, a vida de muita gente aqui voltou ao normal, principalmente a vida de quem trabalha na \u00e1rea rural, que estava tendo muita dificuldade no dia a dia\u201d, disse o Sr. Geraldo Silva, morador de Vera Cruz.<\/p>\n\n\n\n<p>Para a Prefeita Eloisa Helena, a conclus\u00e3o de servi\u00e7os como este refor\u00e7am a seriedade e compromisso da gest\u00e3o em solucionar problemas da popula\u00e7\u00e3o. &#8220;Estamos nos empenhando para atender \u00e0s principais necessidades dos nossos moradores e essa demanda era muito importante para quem reside ali, pois v\u00e1rias pessoas foram prejudicadas ap\u00f3s os estragos ocasionados pelas chuvas. Nossa gest\u00e3o se esfor\u00e7a para levar qualidade de vida e conforto a todos\u201d, comentou.<\/p>\n","protected":false},"excerpt":{"rendered":"<p>Ponte recebeu reforma estrutural ap\u00f3s estragos causados pela chuva A Prefeitura de Pedro Leopoldo, por meio da Secretaria de Obras e Servi\u00e7os P\u00fablicos, concluiu a obra da Ponte Raul Ribeiro, conhecida tamb\u00e9m como Ponte do Roseiral, em Vera Cruz de Minas. Devido \u00e0s fortes chuvas no in\u00edcio do ano, a ponte sofreu uma deforma\u00e7\u00e3o no &hellip; <a href=\"https:\/\/arquivo.pedroleopoldo.mg.gov.br\/?p=21422\" class=\"more-link\">Continuar lendo <span class=\"screen-reader-text\">Prefeitura de Pedro Leopoldo conclui obra na Ponte Raul Ribeiro em Vera Cruz<\/span><\/a><\/p>\n","protected":false},"author":1,"featured_media":21423,"comment_status":"closed","ping_status":"closed","sticky":false,"template":"","format":"standard","meta":{"footnotes":""},"categories":[4],"tags":[],"_links":{"self":[{"href":"https:\/\/arquivo.pedroleopoldo.mg.gov.br\/index.php?rest_route=\/wp\/v2\/posts\/21422"}],"collection":[{"href":"https:\/\/arquivo.pedroleopoldo.mg.gov.br\/index.php?rest_route=\/wp\/v2\/posts"}],"about":[{"href":"https:\/\/arquivo.pedroleopoldo.mg.gov.br\/index.php?rest_route=\/wp\/v2\/types\/post"}],"author":[{"embeddable":true,"href":"https:\/\/arquivo.pedroleopoldo.mg.gov.br\/index.php?rest_route=\/wp\/v2\/users\/1"}],"replies":[{"embeddable":true,"href":"https:\/\/arquivo.pedroleopoldo.mg.gov.br\/index.php?rest_route=%2Fwp%2Fv2%2Fcomments&post=21422"}],"version-history":[{"count":0,"href":"https:\/\/arquivo.pedroleopoldo.mg.gov.br\/index.php?rest_route=\/wp\/v2\/posts\/21422\/revisions"}],"wp:featuredmedia":[{"embeddable":true,"href":"https:\/\/arquivo.pedroleopoldo.mg.gov.br\/index.php?rest_route=\/wp\/v2\/media\/21423"}],"wp:attachment":[{"href":"https:\/\/arquivo.pedroleopoldo.mg.gov.br\/index.php?rest_route=%2Fwp%2Fv2%2Fmedia&parent=21422"}],"wp:term":[{"taxonomy":"category","embeddable":true,"href":"https:\/\/arquivo.pedroleopoldo.mg.gov.br\/index.php?rest_route=%2Fwp%2Fv2%2Fcategories&post=21422"},{"taxonomy":"post_tag","embeddable":true,"href":"https:\/\/arquivo.pedroleopoldo.mg.gov.br\/index.php?rest_route=%2Fwp%2Fv2%2Ftags&post=21422"}],"curies":[{"name":"wp","href":"https:\/\/api.w.org\/{rel}","templated":true}]}}