{"id":21388,"date":"2022-10-25T17:11:56","date_gmt":"2022-10-25T20:11:56","guid":{"rendered":"http:\/\/pedroleopoldo.mg.gov.br\/?p=21388"},"modified":"2022-10-25T17:11:59","modified_gmt":"2022-10-25T20:11:59","slug":"prefeitura-de-pedro-leopoldo-realiza-maior-evento-esportivo-entre-escolas-do-municipio","status":"publish","type":"post","link":"https:\/\/arquivo.pedroleopoldo.mg.gov.br\/?p=21388","title":{"rendered":"Prefeitura de Pedro Leopoldo realiza maior evento esportivo entre escolas do munic\u00edpio"},"content":{"rendered":"\n<p><em>Tradicional JEMPEL chega com muitas novidades na edi\u00e7\u00e3o de 2022<\/em><\/p>\n\n\n\n<p>Teve in\u00edcio, no dia 17 de outubro, o JEMPEL, maior evento esportivo entre escolas de Pedro Leopoldo. Essa edi\u00e7\u00e3o est\u00e1 mais que especial, sendo considerada a maior de todos os tempos, com a mais completa participa\u00e7\u00e3o de escolas da hist\u00f3ria, totalizando 17, com mais de 800 alunos inscritos, incluindo institui\u00e7\u00f5es estaduais, municipais e particulares.<\/p>\n\n\n\n<p>Neste ano, os Jogos Estudantis do Munic\u00edpio de Pedro Leopoldo (JEMPEL), contam com duas novas modalidades: skate e badminton; completando, assim, nove esportes, que incluem xadrez, handebol, futsal, queimada, atletismo, v\u00f4lei e basquete. Participam das competi\u00e7\u00f5es alunos de 8 a 16 anos, sendo divididos por categorias, para melhor atender a todos. Alunos de 8, 9 e 10 anos participam do \u201cJempelzinho\u201d, j\u00e1 os de 11, 12 e 13 anos fazem parte da categoria A, e os adolescentes de 14, 15 e 16 formam a categoria B.<\/p>\n\n\n\n<p>A finalidade do evento \u00e9 estimular a socializa\u00e7\u00e3o entre escolas e alunos por meio do esporte, incentivar a pr\u00e1tica regular de atividades f\u00edsicas e criar oportunidades para os alunos e professores conhecerem novos espa\u00e7os para a elabora\u00e7\u00e3o, constru\u00e7\u00e3o e troca de experi\u00eancias e conhecimentos.<\/p>\n\n\n\n<p>A abertura do evento aconteceu no CEPPEL, na noite de 17 de outubro, e contou com a presen\u00e7a de v\u00e1rias autoridades do munic\u00edpio, pais, alunos e professores. A noite foi recheada de momentos incr\u00edveis, com apresenta\u00e7\u00e3o das escolas participantes, performance de dan\u00e7a, teatro e fanfarra. Ocorreu tamb\u00e9m a cerim\u00f4nia de acendimento da tocha ol\u00edmpica. Foi uma noite de muita divers\u00e3o, incentivo ao esporte e busca pelos sonhos.<\/p>\n\n\n\n<p>A Prefeita Eloisa Helena esteve presente na cerim\u00f4nia. \u201cContinuaremos investindo cada vez mais na inclus\u00e3o, seja ela esportiva, educacional, ou em qualquer outra \u00e1rea, porque nosso governo entende que todos precisam ter seus direitos garantidos, sem exce\u00e7\u00e3o! Desejo a todos muito sucesso, muita garra e que o esp\u00edrito esportivo se sobressaia, porque ganhar \u00e9 \u00f3timo, mas fazer valer a oportunidade \u00e9 o que importa&#8221;, disse.<\/p>\n\n\n\n<p>O JEMPEL acontece do dia 17 de outubro a 04 de novembro e os palcos das competi\u00e7\u00f5es ser\u00e3o as quadras do CEPPEL e do bairro Santo Ant\u00f4nio da Barra, Pra\u00e7a da Esta\u00e7\u00e3o, Pista de Skate e Pista de Cooper da Fazenda Modelo. Todos os jogos acontecer\u00e3o durante o dia.<\/p>\n\n\n\n<p>A Prefeitura de Pedro Leopoldo, por meio da Secretaria Municipal de Educa\u00e7\u00e3o e da Secretaria Municipal de Cultura, Esporte, Lazer, Juventude e Turismo, investe no esporte escolar, sabendo que as pr\u00e1ticas fortalecem o desenvolvimento da capacidade psicomotora e ampliam os la\u00e7os de cidadania e socializa\u00e7\u00e3o das crian\u00e7as e jovens. Cuidar das crian\u00e7as e adolescentes \u00e9 prioridade para a atual gest\u00e3o.<\/p>\n\n\n\n<figure class=\"wp-block-image size-large\"><img decoding=\"async\" loading=\"lazy\" width=\"1024\" height=\"768\" src=\"http:\/\/pedroleopoldo.mg.gov.br\/wp-content\/uploads\/2022\/10\/WhatsApp-Image-2022-10-18-at-15.33.07-2-1024x768.jpeg\" alt=\"\" class=\"wp-image-21390\" srcset=\"https:\/\/arquivo.pedroleopoldo.mg.gov.br\/wp-content\/uploads\/2022\/10\/WhatsApp-Image-2022-10-18-at-15.33.07-2-1024x768.jpeg 1024w, https:\/\/arquivo.pedroleopoldo.mg.gov.br\/wp-content\/uploads\/2022\/10\/WhatsApp-Image-2022-10-18-at-15.33.07-2-300x225.jpeg 300w, https:\/\/arquivo.pedroleopoldo.mg.gov.br\/wp-content\/uploads\/2022\/10\/WhatsApp-Image-2022-10-18-at-15.33.07-2-768x576.jpeg 768w, https:\/\/arquivo.pedroleopoldo.mg.gov.br\/wp-content\/uploads\/2022\/10\/WhatsApp-Image-2022-10-18-at-15.33.07-2-1536x1152.jpeg 1536w, https:\/\/arquivo.pedroleopoldo.mg.gov.br\/wp-content\/uploads\/2022\/10\/WhatsApp-Image-2022-10-18-at-15.33.07-2.jpeg 1600w\" sizes=\"(max-width: 1024px) 100vw, 1024px\" \/><\/figure>\n\n\n\n<figure class=\"wp-block-image size-large\"><img decoding=\"async\" loading=\"lazy\" width=\"1024\" height=\"768\" src=\"http:\/\/pedroleopoldo.mg.gov.br\/wp-content\/uploads\/2022\/10\/WhatsApp-Image-2022-10-18-at-15.33.07-3-1024x768.jpeg\" alt=\"\" class=\"wp-image-21391\" srcset=\"https:\/\/arquivo.pedroleopoldo.mg.gov.br\/wp-content\/uploads\/2022\/10\/WhatsApp-Image-2022-10-18-at-15.33.07-3-1024x768.jpeg 1024w, https:\/\/arquivo.pedroleopoldo.mg.gov.br\/wp-content\/uploads\/2022\/10\/WhatsApp-Image-2022-10-18-at-15.33.07-3-300x225.jpeg 300w, https:\/\/arquivo.pedroleopoldo.mg.gov.br\/wp-content\/uploads\/2022\/10\/WhatsApp-Image-2022-10-18-at-15.33.07-3-768x576.jpeg 768w, https:\/\/arquivo.pedroleopoldo.mg.gov.br\/wp-content\/uploads\/2022\/10\/WhatsApp-Image-2022-10-18-at-15.33.07-3-1536x1152.jpeg 1536w, https:\/\/arquivo.pedroleopoldo.mg.gov.br\/wp-content\/uploads\/2022\/10\/WhatsApp-Image-2022-10-18-at-15.33.07-3.jpeg 1600w\" sizes=\"(max-width: 1024px) 100vw, 1024px\" \/><\/figure>\n\n\n\n<figure class=\"wp-block-image size-large\"><img decoding=\"async\" loading=\"lazy\" width=\"1024\" height=\"768\" src=\"http:\/\/pedroleopoldo.mg.gov.br\/wp-content\/uploads\/2022\/10\/WhatsApp-Image-2022-10-18-at-15.33.07-4-1024x768.jpeg\" alt=\"\" class=\"wp-image-21392\" srcset=\"https:\/\/arquivo.pedroleopoldo.mg.gov.br\/wp-content\/uploads\/2022\/10\/WhatsApp-Image-2022-10-18-at-15.33.07-4-1024x768.jpeg 1024w, https:\/\/arquivo.pedroleopoldo.mg.gov.br\/wp-content\/uploads\/2022\/10\/WhatsApp-Image-2022-10-18-at-15.33.07-4-300x225.jpeg 300w, https:\/\/arquivo.pedroleopoldo.mg.gov.br\/wp-content\/uploads\/2022\/10\/WhatsApp-Image-2022-10-18-at-15.33.07-4-768x576.jpeg 768w, https:\/\/arquivo.pedroleopoldo.mg.gov.br\/wp-content\/uploads\/2022\/10\/WhatsApp-Image-2022-10-18-at-15.33.07-4-1536x1152.jpeg 1536w, https:\/\/arquivo.pedroleopoldo.mg.gov.br\/wp-content\/uploads\/2022\/10\/WhatsApp-Image-2022-10-18-at-15.33.07-4.jpeg 1600w\" sizes=\"(max-width: 1024px) 100vw, 1024px\" \/><\/figure>\n\n\n\n<figure class=\"wp-block-image size-large\"><img decoding=\"async\" loading=\"lazy\" width=\"1024\" height=\"771\" src=\"http:\/\/pedroleopoldo.mg.gov.br\/wp-content\/uploads\/2022\/10\/WhatsApp-Image-2022-10-25-at-17.09.25-1024x771.jpeg\" alt=\"\" class=\"wp-image-21393\" srcset=\"https:\/\/arquivo.pedroleopoldo.mg.gov.br\/wp-content\/uploads\/2022\/10\/WhatsApp-Image-2022-10-25-at-17.09.25-1024x771.jpeg 1024w, https:\/\/arquivo.pedroleopoldo.mg.gov.br\/wp-content\/uploads\/2022\/10\/WhatsApp-Image-2022-10-25-at-17.09.25-300x226.jpeg 300w, https:\/\/arquivo.pedroleopoldo.mg.gov.br\/wp-content\/uploads\/2022\/10\/WhatsApp-Image-2022-10-25-at-17.09.25-768x578.jpeg 768w, https:\/\/arquivo.pedroleopoldo.mg.gov.br\/wp-content\/uploads\/2022\/10\/WhatsApp-Image-2022-10-25-at-17.09.25-1536x1156.jpeg 1536w, https:\/\/arquivo.pedroleopoldo.mg.gov.br\/wp-content\/uploads\/2022\/10\/WhatsApp-Image-2022-10-25-at-17.09.25.jpeg 1600w\" sizes=\"(max-width: 1024px) 100vw, 1024px\" \/><\/figure>\n\n\n\n<figure class=\"wp-block-image size-large\"><img decoding=\"async\" loading=\"lazy\" width=\"1024\" height=\"771\" src=\"http:\/\/pedroleopoldo.mg.gov.br\/wp-content\/uploads\/2022\/10\/WhatsApp-Image-2022-10-25-at-17.09.25-1-1024x771.jpeg\" alt=\"\" class=\"wp-image-21394\" srcset=\"https:\/\/arquivo.pedroleopoldo.mg.gov.br\/wp-content\/uploads\/2022\/10\/WhatsApp-Image-2022-10-25-at-17.09.25-1-1024x771.jpeg 1024w, https:\/\/arquivo.pedroleopoldo.mg.gov.br\/wp-content\/uploads\/2022\/10\/WhatsApp-Image-2022-10-25-at-17.09.25-1-300x226.jpeg 300w, https:\/\/arquivo.pedroleopoldo.mg.gov.br\/wp-content\/uploads\/2022\/10\/WhatsApp-Image-2022-10-25-at-17.09.25-1-768x578.jpeg 768w, https:\/\/arquivo.pedroleopoldo.mg.gov.br\/wp-content\/uploads\/2022\/10\/WhatsApp-Image-2022-10-25-at-17.09.25-1-1536x1156.jpeg 1536w, https:\/\/arquivo.pedroleopoldo.mg.gov.br\/wp-content\/uploads\/2022\/10\/WhatsApp-Image-2022-10-25-at-17.09.25-1.jpeg 1600w\" sizes=\"(max-width: 1024px) 100vw, 1024px\" \/><\/figure>\n\n\n\n<figure class=\"wp-block-image size-large\"><img decoding=\"async\" loading=\"lazy\" width=\"1024\" height=\"771\" src=\"http:\/\/pedroleopoldo.mg.gov.br\/wp-content\/uploads\/2022\/10\/WhatsApp-Image-2022-10-25-at-17.09.25-2-1024x771.jpeg\" alt=\"\" class=\"wp-image-21395\" srcset=\"https:\/\/arquivo.pedroleopoldo.mg.gov.br\/wp-content\/uploads\/2022\/10\/WhatsApp-Image-2022-10-25-at-17.09.25-2-1024x771.jpeg 1024w, https:\/\/arquivo.pedroleopoldo.mg.gov.br\/wp-content\/uploads\/2022\/10\/WhatsApp-Image-2022-10-25-at-17.09.25-2-300x226.jpeg 300w, https:\/\/arquivo.pedroleopoldo.mg.gov.br\/wp-content\/uploads\/2022\/10\/WhatsApp-Image-2022-10-25-at-17.09.25-2-768x578.jpeg 768w, https:\/\/arquivo.pedroleopoldo.mg.gov.br\/wp-content\/uploads\/2022\/10\/WhatsApp-Image-2022-10-25-at-17.09.25-2-1536x1156.jpeg 1536w, https:\/\/arquivo.pedroleopoldo.mg.gov.br\/wp-content\/uploads\/2022\/10\/WhatsApp-Image-2022-10-25-at-17.09.25-2.jpeg 1600w\" sizes=\"(max-width: 1024px) 100vw, 1024px\" \/><\/figure>\n\n\n\n<figure class=\"wp-block-image size-large\"><img decoding=\"async\" loading=\"lazy\" width=\"1024\" height=\"770\" src=\"http:\/\/pedroleopoldo.mg.gov.br\/wp-content\/uploads\/2022\/10\/WhatsApp-Image-2022-10-25-at-17.09.26-1024x770.jpeg\" alt=\"\" class=\"wp-image-21396\" srcset=\"https:\/\/arquivo.pedroleopoldo.mg.gov.br\/wp-content\/uploads\/2022\/10\/WhatsApp-Image-2022-10-25-at-17.09.26-1024x770.jpeg 1024w, https:\/\/arquivo.pedroleopoldo.mg.gov.br\/wp-content\/uploads\/2022\/10\/WhatsApp-Image-2022-10-25-at-17.09.26-300x226.jpeg 300w, https:\/\/arquivo.pedroleopoldo.mg.gov.br\/wp-content\/uploads\/2022\/10\/WhatsApp-Image-2022-10-25-at-17.09.26-768x578.jpeg 768w, https:\/\/arquivo.pedroleopoldo.mg.gov.br\/wp-content\/uploads\/2022\/10\/WhatsApp-Image-2022-10-25-at-17.09.26.jpeg 1280w\" sizes=\"(max-width: 1024px) 100vw, 1024px\" \/><\/figure>\n\n\n\n<figure class=\"wp-block-image size-large\"><img decoding=\"async\" loading=\"lazy\" width=\"1024\" height=\"771\" src=\"http:\/\/pedroleopoldo.mg.gov.br\/wp-content\/uploads\/2022\/10\/WhatsApp-Image-2022-10-25-at-17.09.26-1-1024x771.jpeg\" alt=\"\" class=\"wp-image-21397\" srcset=\"https:\/\/arquivo.pedroleopoldo.mg.gov.br\/wp-content\/uploads\/2022\/10\/WhatsApp-Image-2022-10-25-at-17.09.26-1-1024x771.jpeg 1024w, https:\/\/arquivo.pedroleopoldo.mg.gov.br\/wp-content\/uploads\/2022\/10\/WhatsApp-Image-2022-10-25-at-17.09.26-1-300x226.jpeg 300w, https:\/\/arquivo.pedroleopoldo.mg.gov.br\/wp-content\/uploads\/2022\/10\/WhatsApp-Image-2022-10-25-at-17.09.26-1-768x578.jpeg 768w, https:\/\/arquivo.pedroleopoldo.mg.gov.br\/wp-content\/uploads\/2022\/10\/WhatsApp-Image-2022-10-25-at-17.09.26-1-1536x1156.jpeg 1536w, https:\/\/arquivo.pedroleopoldo.mg.gov.br\/wp-content\/uploads\/2022\/10\/WhatsApp-Image-2022-10-25-at-17.09.26-1.jpeg 1600w\" sizes=\"(max-width: 1024px) 100vw, 1024px\" \/><\/figure>\n\n\n\n<figure class=\"wp-block-image size-large\"><img decoding=\"async\" loading=\"lazy\" width=\"768\" height=\"1024\" src=\"http:\/\/pedroleopoldo.mg.gov.br\/wp-content\/uploads\/2022\/10\/WhatsApp-Image-2022-10-25-at-17.09.35-1.jpeg\" alt=\"\" class=\"wp-image-21398\" srcset=\"https:\/\/arquivo.pedroleopoldo.mg.gov.br\/wp-content\/uploads\/2022\/10\/WhatsApp-Image-2022-10-25-at-17.09.35-1.jpeg 768w, https:\/\/arquivo.pedroleopoldo.mg.gov.br\/wp-content\/uploads\/2022\/10\/WhatsApp-Image-2022-10-25-at-17.09.35-1-225x300.jpeg 225w\" sizes=\"(max-width: 768px) 100vw, 768px\" \/><\/figure>\n\n\n\n<p><\/p>\n","protected":false},"excerpt":{"rendered":"<p>Tradicional JEMPEL chega com muitas novidades na edi\u00e7\u00e3o de 2022 Teve in\u00edcio, no dia 17 de outubro, o JEMPEL, maior evento esportivo entre escolas de Pedro Leopoldo. Essa edi\u00e7\u00e3o est\u00e1 mais que especial, sendo considerada a maior de todos os tempos, com a mais completa participa\u00e7\u00e3o de escolas da hist\u00f3ria, totalizando 17, com mais de &hellip; <a href=\"https:\/\/arquivo.pedroleopoldo.mg.gov.br\/?p=21388\" class=\"more-link\">Continuar lendo <span class=\"screen-reader-text\">Prefeitura de Pedro Leopoldo realiza maior evento esportivo entre escolas do munic\u00edpio<\/span><\/a><\/p>\n","protected":false},"author":1,"featured_media":21389,"comment_status":"closed","ping_status":"closed","sticky":false,"template":"","format":"standard","meta":{"footnotes":""},"categories":[4],"tags":[],"_links":{"self":[{"href":"https:\/\/arquivo.pedroleopoldo.mg.gov.br\/index.php?rest_route=\/wp\/v2\/posts\/21388"}],"collection":[{"href":"https:\/\/arquivo.pedroleopoldo.mg.gov.br\/index.php?rest_route=\/wp\/v2\/posts"}],"about":[{"href":"https:\/\/arquivo.pedroleopoldo.mg.gov.br\/index.php?rest_route=\/wp\/v2\/types\/post"}],"author":[{"embeddable":true,"href":"https:\/\/arquivo.pedroleopoldo.mg.gov.br\/index.php?rest_route=\/wp\/v2\/users\/1"}],"replies":[{"embeddable":true,"href":"https:\/\/arquivo.pedroleopoldo.mg.gov.br\/index.php?rest_route=%2Fwp%2Fv2%2Fcomments&post=21388"}],"version-history":[{"count":0,"href":"https:\/\/arquivo.pedroleopoldo.mg.gov.br\/index.php?rest_route=\/wp\/v2\/posts\/21388\/revisions"}],"wp:featuredmedia":[{"embeddable":true,"href":"https:\/\/arquivo.pedroleopoldo.mg.gov.br\/index.php?rest_route=\/wp\/v2\/media\/21389"}],"wp:attachment":[{"href":"https:\/\/arquivo.pedroleopoldo.mg.gov.br\/index.php?rest_route=%2Fwp%2Fv2%2Fmedia&parent=21388"}],"wp:term":[{"taxonomy":"category","embeddable":true,"href":"https:\/\/arquivo.pedroleopoldo.mg.gov.br\/index.php?rest_route=%2Fwp%2Fv2%2Fcategories&post=21388"},{"taxonomy":"post_tag","embeddable":true,"href":"https:\/\/arquivo.pedroleopoldo.mg.gov.br\/index.php?rest_route=%2Fwp%2Fv2%2Ftags&post=21388"}],"curies":[{"name":"wp","href":"https:\/\/api.w.org\/{rel}","templated":true}]}}