{"id":21386,"date":"2022-10-25T17:04:23","date_gmt":"2022-10-25T20:04:23","guid":{"rendered":"http:\/\/pedroleopoldo.mg.gov.br\/?p=21386"},"modified":"2022-10-25T17:04:27","modified_gmt":"2022-10-25T20:04:27","slug":"governo-municipal-entrega-projeto-para-pagar-recomposicao-salarial-da-educacao","status":"publish","type":"post","link":"https:\/\/arquivo.pedroleopoldo.mg.gov.br\/?p=21386","title":{"rendered":"Governo Municipal entrega projeto para pagar recomposi\u00e7\u00e3o salarial da educa\u00e7\u00e3o"},"content":{"rendered":"\n<p><em>A complementa\u00e7\u00e3o de 20% para os professores era uma reivindica\u00e7\u00e3o antiga da classe <\/em><\/p>\n\n\n\n<p>A Prefeitura de Pedro Leopoldo valoriza muito a educa\u00e7\u00e3o. Entre outras conquistas, agora chegou a vez de atender a uma reivindica\u00e7\u00e3o de anos feita pelos professores, que \u00e9 o pagamento da recomposi\u00e7\u00e3o salarial. Nesta semana, a Prefeita Eloisa Helena entrega \u00e0 C\u00e2mara o Projeto de Lei que busca valorizar os educadores, por meio da complementa\u00e7\u00e3o dos vencimentos em 20%.<br>Mesmo sem a previs\u00e3o legal do Governo Federal, a Prefeita Eloisa trabalhou para viabilizar este reajuste, reconhecendo a import\u00e2ncia destes profissionais.<br>Caso haja a a aprova\u00e7\u00e3o pelos vereadores do Projeto de Lei da Prefeita, o aumento ser\u00e1 concedido j\u00e1 a partir do m\u00eas de novembro e o sal\u00e1rio j\u00e1 ser\u00e1 creditado com a recomposi\u00e7\u00e3o no 5\u00ba dia \u00fatil de dezembro.<br>Este \u00e9 mais um feito da atual gest\u00e3o para a melhoria da educa\u00e7\u00e3o do munic\u00edpio, que se empenha constantemente para melhorar a qualidade de vida e de trabalho dos servidores da educa\u00e7\u00e3o. O objetivo \u00e9 que, por meio de a\u00e7\u00f5es como esta, os benef\u00edcios cheguem a todos os alunos da rede.<br>A Prefeita Eloisa Helena aproveitou a oportunidade para agradecer estes profissionais por todo amor e dedica\u00e7\u00e3o a essa profiss\u00e3o t\u00e3o fundamental para a constru\u00e7\u00e3o de uma sociedade. &#8220;Voc\u00eas s\u00e3o o nosso maior exemplo de coragem, determina\u00e7\u00e3o e amor na constru\u00e7\u00e3o de um mundo melhor. Gratid\u00e3o por repartirem seus conhecimentos, viv\u00eancias e experi\u00eancias, que nos fazem acreditar que somos capazes de tornar nossos sonhos realidade. Trabalhamos muito para conseguir garantir este direito da classe, porque sabemos que educa\u00e7\u00e3o \u00e9 a base de tudo&#8221;, destacou.<br>Para Cleonice Leal e L\u00facia Gon\u00e7alves, professoras da Escola Municipal Jos\u00e9 Pedro Filho, essa a\u00e7\u00e3o \u00e9 de extrema import\u00e2ncia para a valoriza\u00e7\u00e3o do educador. \u201cQuero agradecer \u00e0 Prefeitura por este reajuste. Sou grata n\u00e3o s\u00f3 pelo aumento, mas por tudo que esta gest\u00e3o faz pela nossa cidade e pelos funcion\u00e1rios&#8221;, destacou Cleonice.<br>L\u00facia tamb\u00e9m expressou seus sentimentos em rela\u00e7\u00e3o ao novo Projeto de Lei. \u201c\u00c9 com imensa satisfa\u00e7\u00e3o que, em nome dos professores, agrade\u00e7o a todos que se empenharam nesta conquista. Gratid\u00e3o por nos proporcionar essa felicidade em tempos t\u00e3o dif\u00edceis. O reajuste salarial \u00e9 t\u00e3o almejado por tantos de n\u00f3s. Obrigada a todos os envolvidos nesse processo de reconhecimento ao nosso trabalho\u201d, refor\u00e7ou.<br>Assim que o Projeto for protocolado na C\u00e2mara, ele passar\u00e1 pelas comiss\u00f5es e ent\u00e3o seguir\u00e1 para vota\u00e7\u00e3o dos vereadores.<\/p>\n","protected":false},"excerpt":{"rendered":"<p>A complementa\u00e7\u00e3o de 20% para os professores era uma reivindica\u00e7\u00e3o antiga da classe A Prefeitura de Pedro Leopoldo valoriza muito a educa\u00e7\u00e3o. Entre outras conquistas, agora chegou a vez de atender a uma reivindica\u00e7\u00e3o de anos feita pelos professores, que \u00e9 o pagamento da recomposi\u00e7\u00e3o salarial. Nesta semana, a Prefeita Eloisa Helena entrega \u00e0 C\u00e2mara &hellip; <a href=\"https:\/\/arquivo.pedroleopoldo.mg.gov.br\/?p=21386\" class=\"more-link\">Continuar lendo <span class=\"screen-reader-text\">Governo Municipal entrega projeto para pagar recomposi\u00e7\u00e3o salarial da educa\u00e7\u00e3o<\/span><\/a><\/p>\n","protected":false},"author":1,"featured_media":19929,"comment_status":"closed","ping_status":"closed","sticky":false,"template":"","format":"standard","meta":{"footnotes":""},"categories":[4],"tags":[],"_links":{"self":[{"href":"https:\/\/arquivo.pedroleopoldo.mg.gov.br\/index.php?rest_route=\/wp\/v2\/posts\/21386"}],"collection":[{"href":"https:\/\/arquivo.pedroleopoldo.mg.gov.br\/index.php?rest_route=\/wp\/v2\/posts"}],"about":[{"href":"https:\/\/arquivo.pedroleopoldo.mg.gov.br\/index.php?rest_route=\/wp\/v2\/types\/post"}],"author":[{"embeddable":true,"href":"https:\/\/arquivo.pedroleopoldo.mg.gov.br\/index.php?rest_route=\/wp\/v2\/users\/1"}],"replies":[{"embeddable":true,"href":"https:\/\/arquivo.pedroleopoldo.mg.gov.br\/index.php?rest_route=%2Fwp%2Fv2%2Fcomments&post=21386"}],"version-history":[{"count":0,"href":"https:\/\/arquivo.pedroleopoldo.mg.gov.br\/index.php?rest_route=\/wp\/v2\/posts\/21386\/revisions"}],"wp:featuredmedia":[{"embeddable":true,"href":"https:\/\/arquivo.pedroleopoldo.mg.gov.br\/index.php?rest_route=\/wp\/v2\/media\/19929"}],"wp:attachment":[{"href":"https:\/\/arquivo.pedroleopoldo.mg.gov.br\/index.php?rest_route=%2Fwp%2Fv2%2Fmedia&parent=21386"}],"wp:term":[{"taxonomy":"category","embeddable":true,"href":"https:\/\/arquivo.pedroleopoldo.mg.gov.br\/index.php?rest_route=%2Fwp%2Fv2%2Fcategories&post=21386"},{"taxonomy":"post_tag","embeddable":true,"href":"https:\/\/arquivo.pedroleopoldo.mg.gov.br\/index.php?rest_route=%2Fwp%2Fv2%2Ftags&post=21386"}],"curies":[{"name":"wp","href":"https:\/\/api.w.org\/{rel}","templated":true}]}}