{"id":21273,"date":"2022-09-29T10:20:10","date_gmt":"2022-09-29T13:20:10","guid":{"rendered":"http:\/\/pedroleopoldo.mg.gov.br\/?p=21273"},"modified":"2022-09-29T10:20:15","modified_gmt":"2022-09-29T13:20:15","slug":"prefeitura-revitaliza-pracas-do-municipio","status":"publish","type":"post","link":"https:\/\/arquivo.pedroleopoldo.mg.gov.br\/?p=21273","title":{"rendered":"Prefeitura revitaliza pra\u00e7as do munic\u00edpio"},"content":{"rendered":"\n<p><strong><em>Reforma do paisagismo e implanta\u00e7\u00e3o de novo meio de ilumina\u00e7\u00e3o s\u00e3o alguns dos investimentos<\/em><\/strong><\/p>\n\n\n\n<p>As pra\u00e7as s\u00e3o lugares de lazer e bem-estar e devem estar bem cuidadas para serem atraentes e acolhedoras. Pensando nisso, a Prefeitura de Pedro Leopoldo, atrav\u00e9s da Secretaria Municipal de Obras, est\u00e1 revitalizando todas as pra\u00e7as do munic\u00edpio. Esta transforma\u00e7\u00e3o inclui poda, capina, constru\u00e7\u00e3o de canteiros, ilumina\u00e7\u00e3o de Led, pintura, entre outros servi\u00e7os.<\/p>\n\n\n\n<p>A maioria dos bairros j\u00e1 recebeu essa a\u00e7\u00e3o e o objetivo da Prefeitura \u00e9 atender todo o munic\u00edpio. Para a Prefeita Elo\u00edsa Helena, investir no lazer dos moradores \u00e9 algo relevante em seu governo. &#8221; As fam\u00edlias precisam ter op\u00e7\u00f5es de divers\u00e3o, lugares para levarem as crian\u00e7as para brincar. E as pra\u00e7as sempre foram espa\u00e7os destinados a isso. Por isso, estamos empenhados em melhorar esses locais, os tornando mais aconchegantes, agrad\u00e1veis e seguros&#8221;, disse.<\/p>\n\n\n\n<p>Al\u00e9m de investir no paisagismo, melhorar a seguran\u00e7a das pra\u00e7as \u00e9 tambem uma prioridade para a atual gest\u00e3o. E isso est\u00e1 sendo feito por meio da implanta\u00e7\u00e3o de l\u00e2mpadas de Led. &#8220;Antes eu tinha receio de trazer minha filha para brincar \u00e0 noite, mas agora que foram colocadas novas l\u00e2mpadas, mais claras, sempre trago ela depois da escola.&#8221; comentou Daniella Pereira, moradora da Regi\u00e3o Norte.<\/p>\n\n\n\n<p><strong>Mais seguran\u00e7a atrav\u00e9s da nova Ilumina\u00e7\u00e3o de Led<\/strong><\/p>\n\n\n\n<p>O munic\u00edpio est\u00e1 recebendo uma nova ilumina\u00e7\u00e3o, com luzes mais fortes, melhores para o meio ambiente e com maior durabilidade. Atrav\u00e9s da implanta\u00e7\u00e3o dessas l\u00e2mpadas nas pra\u00e7as, a Prefeitura busca tornar estes espa\u00e7os locais mais seguros e mais convidativos. Al\u00e9m das pra\u00e7as, o objetivo \u00e9 atender todo o munic\u00edpio com a nova ilumina\u00e7\u00e3o. Mais de 2700 novos pontos de Led j\u00e1 foram implantados nesta gest\u00e3o.<\/p>\n\n\n\n<p><\/p>\n","protected":false},"excerpt":{"rendered":"<p>Reforma do paisagismo e implanta\u00e7\u00e3o de novo meio de ilumina\u00e7\u00e3o s\u00e3o alguns dos investimentos As pra\u00e7as s\u00e3o lugares de lazer e bem-estar e devem estar bem cuidadas para serem atraentes e acolhedoras. Pensando nisso, a Prefeitura de Pedro Leopoldo, atrav\u00e9s da Secretaria Municipal de Obras, est\u00e1 revitalizando todas as pra\u00e7as do munic\u00edpio. Esta transforma\u00e7\u00e3o inclui &hellip; <a href=\"https:\/\/arquivo.pedroleopoldo.mg.gov.br\/?p=21273\" class=\"more-link\">Continuar lendo <span class=\"screen-reader-text\">Prefeitura revitaliza pra\u00e7as do munic\u00edpio<\/span><\/a><\/p>\n","protected":false},"author":1,"featured_media":21274,"comment_status":"closed","ping_status":"closed","sticky":false,"template":"","format":"standard","meta":{"footnotes":""},"categories":[4],"tags":[],"_links":{"self":[{"href":"https:\/\/arquivo.pedroleopoldo.mg.gov.br\/index.php?rest_route=\/wp\/v2\/posts\/21273"}],"collection":[{"href":"https:\/\/arquivo.pedroleopoldo.mg.gov.br\/index.php?rest_route=\/wp\/v2\/posts"}],"about":[{"href":"https:\/\/arquivo.pedroleopoldo.mg.gov.br\/index.php?rest_route=\/wp\/v2\/types\/post"}],"author":[{"embeddable":true,"href":"https:\/\/arquivo.pedroleopoldo.mg.gov.br\/index.php?rest_route=\/wp\/v2\/users\/1"}],"replies":[{"embeddable":true,"href":"https:\/\/arquivo.pedroleopoldo.mg.gov.br\/index.php?rest_route=%2Fwp%2Fv2%2Fcomments&post=21273"}],"version-history":[{"count":0,"href":"https:\/\/arquivo.pedroleopoldo.mg.gov.br\/index.php?rest_route=\/wp\/v2\/posts\/21273\/revisions"}],"wp:featuredmedia":[{"embeddable":true,"href":"https:\/\/arquivo.pedroleopoldo.mg.gov.br\/index.php?rest_route=\/wp\/v2\/media\/21274"}],"wp:attachment":[{"href":"https:\/\/arquivo.pedroleopoldo.mg.gov.br\/index.php?rest_route=%2Fwp%2Fv2%2Fmedia&parent=21273"}],"wp:term":[{"taxonomy":"category","embeddable":true,"href":"https:\/\/arquivo.pedroleopoldo.mg.gov.br\/index.php?rest_route=%2Fwp%2Fv2%2Fcategories&post=21273"},{"taxonomy":"post_tag","embeddable":true,"href":"https:\/\/arquivo.pedroleopoldo.mg.gov.br\/index.php?rest_route=%2Fwp%2Fv2%2Ftags&post=21273"}],"curies":[{"name":"wp","href":"https:\/\/api.w.org\/{rel}","templated":true}]}}