{"id":21185,"date":"2022-08-23T16:58:33","date_gmt":"2022-08-23T19:58:33","guid":{"rendered":"http:\/\/pedroleopoldo.mg.gov.br\/?p=21185"},"modified":"2022-08-23T16:58:38","modified_gmt":"2022-08-23T19:58:38","slug":"pedro-leopoldo-nunca-esteve-tao-iluminada","status":"publish","type":"post","link":"https:\/\/arquivo.pedroleopoldo.mg.gov.br\/?p=21185","title":{"rendered":"Pedro Leopoldo nunca esteve t\u00e3o iluminada"},"content":{"rendered":"\n<p><em>J\u00e1 s\u00e3o mais de 4 mil l\u00e2mpadas trocadas e mais de 1500 Led\u2019s instalados por esta administra\u00e7\u00e3o<\/em><\/p>\n\n\n\n<p>A ilumina\u00e7\u00e3o p\u00fablica \u00e9 pe\u00e7a fundamental para ampliar a seguran\u00e7a, e, por isto, a Prefeitura de Pedro Leopoldo, atrav\u00e9s da Secretaria de Obras, tem investido bastante nesse setor. Somente de junho de 2021 a julho de 2022 foram instaladas aproximadamente 1500 novas l\u00e2mpadas de Led, espalhadas em diversos pontos do munic\u00edpio, e mais de 4 mil l\u00e2mpadas queimadas foram trocadas.<\/p>\n\n\n\n<p>A escolha pelo Led se deve ao fato das l\u00e2mpadas clarearem mais o ambiente que as comuns, serem mais econ\u00f4micas e terem maior durabilidade. Todos os bairros j\u00e1 foram atendidos, com pelo menos uma rua de cada bairro com Led, e todas as ruas do munic\u00edpio, sem exce\u00e7\u00e3o, j\u00e1 passaram por trocas de l\u00e2mpadas queimadas. O objetivo da atual administra\u00e7\u00e3o \u00e9 fazer a instala\u00e7\u00e3o da nova tecnologia em todo o munic\u00edpio. Para o comerciante, Sr. Augusto Barbosa, morador da Quinta do Sumidouro, a mudan\u00e7a traz muitos benef\u00edcios. \u201c\u00c9 not\u00f3rio como melhorou muito a ilumina\u00e7\u00e3o das ruas do bairro. \u00c9 melhor pro com\u00e9rcio, para as pessoas, para a cidade. Agora me sinto muito mais seguro para&nbsp;andar \u00e0 noite aqui\u201d, disse.<\/p>\n\n\n\n<p><em>Vandalismo<\/em><\/p>\n\n\n\n<p>A Prefeitura de Pedro Leopoldo vem fazendo o poss\u00edvel para melhorar a qualidade de vida dos pedroleopoldenses, mas, infelizmente, o vandalismo atrapalha o servi\u00e7o e aumenta o gasto do dinheiro p\u00fablico. \u201cA pedido da Prefeita Eloisa a gente arruma, instala, troca, d\u00e1 manuten\u00e7\u00e3o, todo dia, para trazer mais seguran\u00e7a para todos os bairros. Todo dia, at\u00e9 fim de semana e feriado. Mas \u00e9 impressionante como frequentemente as l\u00e2mpadas s\u00e3o quebradas, por tiro de chumbinho, pedrada, fios s\u00e3o roubados. \u00c9 lament\u00e1vel. A gente poderia estar ainda mais avan\u00e7ado, caso as pessoas tivessem consci\u00eancia da import\u00e2ncia de conservar o patrim\u00f4nio p\u00fablico para elas mesmas\u201d, disse o respons\u00e1vel pelo servi\u00e7o de ilumina\u00e7\u00e3o p\u00fablica em Pedro Leopoldo, Marcos Paulo Sales.<\/p>\n\n\n\n<p>Vale lembrar que o n\u00famero para solicitar troca de l\u00e2mpadas queimadas \u00e9 o 0800 2765020 e o pedido para instala\u00e7\u00e3o de Led deve ser feito pelo e-mail&nbsp;<a href=\"mailto:protocolo@pedroleopoldo.mg.gov.br\" target=\"_blank\" rel=\"noreferrer noopener\">protocolo@pedroleopoldo.mg.gov.br<\/a><br>Ambas solicita\u00e7\u00f5es ser\u00e3o avaliadas e atendidas seguindo crit\u00e9rios t\u00e9cnicos de prioridade e autoriza\u00e7\u00e3o da Cemig.<\/p>\n","protected":false},"excerpt":{"rendered":"<p>J\u00e1 s\u00e3o mais de 4 mil l\u00e2mpadas trocadas e mais de 1500 Led\u2019s instalados por esta administra\u00e7\u00e3o A ilumina\u00e7\u00e3o p\u00fablica \u00e9 pe\u00e7a fundamental para ampliar a seguran\u00e7a, e, por isto, a Prefeitura de Pedro Leopoldo, atrav\u00e9s da Secretaria de Obras, tem investido bastante nesse setor. Somente de junho de 2021 a julho de 2022 foram &hellip; <a href=\"https:\/\/arquivo.pedroleopoldo.mg.gov.br\/?p=21185\" class=\"more-link\">Continuar lendo <span class=\"screen-reader-text\">Pedro Leopoldo nunca esteve t\u00e3o iluminada<\/span><\/a><\/p>\n","protected":false},"author":1,"featured_media":21186,"comment_status":"closed","ping_status":"closed","sticky":false,"template":"","format":"standard","meta":{"footnotes":""},"categories":[4],"tags":[],"_links":{"self":[{"href":"https:\/\/arquivo.pedroleopoldo.mg.gov.br\/index.php?rest_route=\/wp\/v2\/posts\/21185"}],"collection":[{"href":"https:\/\/arquivo.pedroleopoldo.mg.gov.br\/index.php?rest_route=\/wp\/v2\/posts"}],"about":[{"href":"https:\/\/arquivo.pedroleopoldo.mg.gov.br\/index.php?rest_route=\/wp\/v2\/types\/post"}],"author":[{"embeddable":true,"href":"https:\/\/arquivo.pedroleopoldo.mg.gov.br\/index.php?rest_route=\/wp\/v2\/users\/1"}],"replies":[{"embeddable":true,"href":"https:\/\/arquivo.pedroleopoldo.mg.gov.br\/index.php?rest_route=%2Fwp%2Fv2%2Fcomments&post=21185"}],"version-history":[{"count":0,"href":"https:\/\/arquivo.pedroleopoldo.mg.gov.br\/index.php?rest_route=\/wp\/v2\/posts\/21185\/revisions"}],"wp:featuredmedia":[{"embeddable":true,"href":"https:\/\/arquivo.pedroleopoldo.mg.gov.br\/index.php?rest_route=\/wp\/v2\/media\/21186"}],"wp:attachment":[{"href":"https:\/\/arquivo.pedroleopoldo.mg.gov.br\/index.php?rest_route=%2Fwp%2Fv2%2Fmedia&parent=21185"}],"wp:term":[{"taxonomy":"category","embeddable":true,"href":"https:\/\/arquivo.pedroleopoldo.mg.gov.br\/index.php?rest_route=%2Fwp%2Fv2%2Fcategories&post=21185"},{"taxonomy":"post_tag","embeddable":true,"href":"https:\/\/arquivo.pedroleopoldo.mg.gov.br\/index.php?rest_route=%2Fwp%2Fv2%2Ftags&post=21185"}],"curies":[{"name":"wp","href":"https:\/\/api.w.org\/{rel}","templated":true}]}}