{"id":20975,"date":"2022-06-30T17:29:59","date_gmt":"2022-06-30T20:29:59","guid":{"rendered":"http:\/\/pedroleopoldo.mg.gov.br\/?p=20975"},"modified":"2022-06-30T17:30:03","modified_gmt":"2022-06-30T20:30:03","slug":"contrapartida-referente-a-lei-aldir-blanc-2020","status":"publish","type":"post","link":"https:\/\/arquivo.pedroleopoldo.mg.gov.br\/?p=20975","title":{"rendered":"Contrapartida referente \u00e0 Lei Aldir Blanc 2020"},"content":{"rendered":"\n<h2 class=\"wp-block-heading\"><em>Apresenta\u00e7\u00e3o do Bal\u00e9 Paula Couto &#8211; Cemai Vov\u00f4 Hil\u00e1rio e Neec &#8211; Mar\u00e7o e abril de 2022<\/em><\/h2>\n\n\n\n<figure class=\"wp-block-image size-large\"><img decoding=\"async\" loading=\"lazy\" width=\"1024\" height=\"768\" src=\"http:\/\/pedroleopoldo.mg.gov.br\/wp-content\/uploads\/2022\/06\/WhatsApp-Image-2022-06-30-at-17.13.27-1024x768.jpeg\" alt=\"\" class=\"wp-image-20977\" srcset=\"https:\/\/arquivo.pedroleopoldo.mg.gov.br\/wp-content\/uploads\/2022\/06\/WhatsApp-Image-2022-06-30-at-17.13.27-1024x768.jpeg 1024w, https:\/\/arquivo.pedroleopoldo.mg.gov.br\/wp-content\/uploads\/2022\/06\/WhatsApp-Image-2022-06-30-at-17.13.27-300x225.jpeg 300w, https:\/\/arquivo.pedroleopoldo.mg.gov.br\/wp-content\/uploads\/2022\/06\/WhatsApp-Image-2022-06-30-at-17.13.27-768x576.jpeg 768w, https:\/\/arquivo.pedroleopoldo.mg.gov.br\/wp-content\/uploads\/2022\/06\/WhatsApp-Image-2022-06-30-at-17.13.27-1536x1152.jpeg 1536w, https:\/\/arquivo.pedroleopoldo.mg.gov.br\/wp-content\/uploads\/2022\/06\/WhatsApp-Image-2022-06-30-at-17.13.27.jpeg 1600w\" sizes=\"(max-width: 1024px) 100vw, 1024px\" \/><\/figure>\n\n\n\n<figure class=\"wp-block-image size-large\"><img decoding=\"async\" loading=\"lazy\" width=\"1024\" height=\"768\" src=\"http:\/\/pedroleopoldo.mg.gov.br\/wp-content\/uploads\/2022\/06\/WhatsApp-Image-2022-06-30-at-17.11.49-1024x768.jpeg\" alt=\"\" class=\"wp-image-20978\" srcset=\"https:\/\/arquivo.pedroleopoldo.mg.gov.br\/wp-content\/uploads\/2022\/06\/WhatsApp-Image-2022-06-30-at-17.11.49-1024x768.jpeg 1024w, https:\/\/arquivo.pedroleopoldo.mg.gov.br\/wp-content\/uploads\/2022\/06\/WhatsApp-Image-2022-06-30-at-17.11.49-300x225.jpeg 300w, https:\/\/arquivo.pedroleopoldo.mg.gov.br\/wp-content\/uploads\/2022\/06\/WhatsApp-Image-2022-06-30-at-17.11.49-768x576.jpeg 768w, https:\/\/arquivo.pedroleopoldo.mg.gov.br\/wp-content\/uploads\/2022\/06\/WhatsApp-Image-2022-06-30-at-17.11.49-1536x1152.jpeg 1536w, https:\/\/arquivo.pedroleopoldo.mg.gov.br\/wp-content\/uploads\/2022\/06\/WhatsApp-Image-2022-06-30-at-17.11.49.jpeg 1600w\" sizes=\"(max-width: 1024px) 100vw, 1024px\" \/><\/figure>\n\n\n\n<figure class=\"wp-block-image size-large\"><img decoding=\"async\" loading=\"lazy\" width=\"1024\" height=\"768\" src=\"http:\/\/pedroleopoldo.mg.gov.br\/wp-content\/uploads\/2022\/06\/WhatsApp-Image-2022-06-30-at-17.11.49-1-1024x768.jpeg\" alt=\"\" class=\"wp-image-20979\" srcset=\"https:\/\/arquivo.pedroleopoldo.mg.gov.br\/wp-content\/uploads\/2022\/06\/WhatsApp-Image-2022-06-30-at-17.11.49-1-1024x768.jpeg 1024w, https:\/\/arquivo.pedroleopoldo.mg.gov.br\/wp-content\/uploads\/2022\/06\/WhatsApp-Image-2022-06-30-at-17.11.49-1-300x225.jpeg 300w, https:\/\/arquivo.pedroleopoldo.mg.gov.br\/wp-content\/uploads\/2022\/06\/WhatsApp-Image-2022-06-30-at-17.11.49-1-768x576.jpeg 768w, https:\/\/arquivo.pedroleopoldo.mg.gov.br\/wp-content\/uploads\/2022\/06\/WhatsApp-Image-2022-06-30-at-17.11.49-1-1536x1152.jpeg 1536w, https:\/\/arquivo.pedroleopoldo.mg.gov.br\/wp-content\/uploads\/2022\/06\/WhatsApp-Image-2022-06-30-at-17.11.49-1.jpeg 1600w\" sizes=\"(max-width: 1024px) 100vw, 1024px\" \/><\/figure>\n\n\n\n<h2 class=\"wp-block-heading\"><em>Oficina Portraits Factory Filmes LTDA<\/em> (<em>Ernane Alves) &#8211; Escola Dona Carmen Barroso &#8211; 3 e 5\/05\/2022<\/em><\/h2>\n\n\n<a href=\"https:\/\/pedroleopoldo.mg.gov.br\/wp-content\/uploads\/2022\/06\/Oficina-de-Introdu\u00e7\u00e3o-ao-Document\u00e1rio-Contra-Partida-Ernane-Alves-Lei-ALdir-Blanc-2020.pdf\" class=\"pdfemb-viewer\" style=\"\" data-width=\"max\" data-height=\"max\" data-toolbar=\"both\" data-toolbar-fixed=\"on\">Oficina-de-Introdu\u00e7\u00e3o-ao-Document\u00e1rio-Contra-Partida-Ernane-Alves-Lei-ALdir-Blanc-2020<\/a>\n<p class=\"wp-block-pdfemb-pdf-embedder-viewer\"><\/p>\n","protected":false},"excerpt":{"rendered":"<p>Apresenta\u00e7\u00e3o do Bal\u00e9 Paula Couto &#8211; Cemai Vov\u00f4 Hil\u00e1rio e Neec &#8211; Mar\u00e7o e abril de 2022 Oficina Portraits Factory Filmes LTDA (Ernane Alves) &#8211; Escola Dona Carmen Barroso &#8211; 3 e 5\/05\/2022<\/p>\n","protected":false},"author":1,"featured_media":0,"comment_status":"closed","ping_status":"closed","sticky":false,"template":"","format":"standard","meta":{"footnotes":""},"categories":[68],"tags":[],"_links":{"self":[{"href":"https:\/\/arquivo.pedroleopoldo.mg.gov.br\/index.php?rest_route=\/wp\/v2\/posts\/20975"}],"collection":[{"href":"https:\/\/arquivo.pedroleopoldo.mg.gov.br\/index.php?rest_route=\/wp\/v2\/posts"}],"about":[{"href":"https:\/\/arquivo.pedroleopoldo.mg.gov.br\/index.php?rest_route=\/wp\/v2\/types\/post"}],"author":[{"embeddable":true,"href":"https:\/\/arquivo.pedroleopoldo.mg.gov.br\/index.php?rest_route=\/wp\/v2\/users\/1"}],"replies":[{"embeddable":true,"href":"https:\/\/arquivo.pedroleopoldo.mg.gov.br\/index.php?rest_route=%2Fwp%2Fv2%2Fcomments&post=20975"}],"version-history":[{"count":0,"href":"https:\/\/arquivo.pedroleopoldo.mg.gov.br\/index.php?rest_route=\/wp\/v2\/posts\/20975\/revisions"}],"wp:attachment":[{"href":"https:\/\/arquivo.pedroleopoldo.mg.gov.br\/index.php?rest_route=%2Fwp%2Fv2%2Fmedia&parent=20975"}],"wp:term":[{"taxonomy":"category","embeddable":true,"href":"https:\/\/arquivo.pedroleopoldo.mg.gov.br\/index.php?rest_route=%2Fwp%2Fv2%2Fcategories&post=20975"},{"taxonomy":"post_tag","embeddable":true,"href":"https:\/\/arquivo.pedroleopoldo.mg.gov.br\/index.php?rest_route=%2Fwp%2Fv2%2Ftags&post=20975"}],"curies":[{"name":"wp","href":"https:\/\/api.w.org\/{rel}","templated":true}]}}