{"id":20967,"date":"2022-06-30T12:53:50","date_gmt":"2022-06-30T15:53:50","guid":{"rendered":"http:\/\/pedroleopoldo.mg.gov.br\/?p=20967"},"modified":"2022-06-30T12:53:55","modified_gmt":"2022-06-30T15:53:55","slug":"pedro-leopoldo-elege-representantes-do-conselho-lgbtqia","status":"publish","type":"post","link":"https:\/\/arquivo.pedroleopoldo.mg.gov.br\/?p=20967","title":{"rendered":"Pedro Leopoldo elege representantes do Conselho LGBTQIA+"},"content":{"rendered":"\n<p><em>A cria\u00e7\u00e3o do Conselho LGBTQIA+ \u00e9 uma iniciativa in\u00e9dita em Pedro Leopoldo, proposta pela atual gest\u00e3o para direcionar pol\u00edticas p\u00fablicas \u00e0 classe<\/em><\/p>\n\n\n\n<p>A Prefeitura de Pedro Leopoldo, por meio da Secretaria Municipal de Desenvolvimento Social, tem dedicado parte de seu trabalho aos Conselhos Municipais que fazem parte da administra\u00e7\u00e3o, dentre eles o Conselho de Pol\u00edticas P\u00fablicas Municipais para a Popula\u00e7\u00e3o LGBTQIA+.&nbsp;<\/p>\n\n\n\n<p>Na \u00faltima ter\u00e7a-feira, 28 de junho, al\u00e9m de celebrar o Dia Mundial do Orgulho LGBTQIA+, a Prefeitura promoveu a elei\u00e7\u00e3o de representantes da sociedade civil que ir\u00e3o atuar com o objetivo de formular, propor diretrizes, acompanhar, fiscalizar e avaliar o desenvolvimento das pol\u00edticas p\u00fablicas de combate \u00e0 discrimina\u00e7\u00e3o e \u00e0 promo\u00e7\u00e3o e defesa dos direitos de L\u00e9sbicas, Gays, Bissexuais, Travestis, Transexuais, Transg\u00eaneros, Queers, Intersexuais, Assexuais e de todas as identidades de g\u00eaneros e orienta\u00e7\u00f5es sexuais n\u00e3o h\u00e9tero-cisg\u00eaneras.&nbsp;<\/p>\n\n\n\n<p>Ap\u00f3s aprova\u00e7\u00e3o da C\u00e2mara Legislativa e san\u00e7\u00e3o da Prefeita Eloisa Helena, o Conselho teve indica\u00e7\u00e3o dos representantes do Poder Executivo, faltando apenas a realiza\u00e7\u00e3o da elei\u00e7\u00e3o da sociedade civil para sua completa composi\u00e7\u00e3o.<\/p>\n\n\n\n<p>Oito candidatos concorreram \u00e0 elei\u00e7\u00e3o. A composi\u00e7\u00e3o do Conselho ficou organizada da seguinte forma: dois representantes da popula\u00e7\u00e3o LGBTQIA +, os titulares J\u00falio San e Soraia Pires e seus suplentes Bru Bessa e Luiza Helena; uma pessoa transexual ou travesti, sendo titular Val\u00e9ria Lanzonni e, suplente, Bruno Fernandes; um representante LGBTQIA + de movimentos sociais, titular Ot\u00e1vio Pereira e suplente Gabe Freitas e um representante da OAB &#8211; Ordem dos Advogados Brasileiros, que, em raz\u00e3o da sua natureza jur\u00eddica os representantes da OAB foram indicados pelo Presidente da 40\u00aa Subse\u00e7\u00e3o da OAB\/MG.<\/p>\n\n\n\n<p><\/p>\n","protected":false},"excerpt":{"rendered":"<p>A cria\u00e7\u00e3o do Conselho LGBTQIA+ \u00e9 uma iniciativa in\u00e9dita em Pedro Leopoldo, proposta pela atual gest\u00e3o para direcionar pol\u00edticas p\u00fablicas \u00e0 classe A Prefeitura de Pedro Leopoldo, por meio da Secretaria Municipal de Desenvolvimento Social, tem dedicado parte de seu trabalho aos Conselhos Municipais que fazem parte da administra\u00e7\u00e3o, dentre eles o Conselho de Pol\u00edticas &hellip; <a href=\"https:\/\/arquivo.pedroleopoldo.mg.gov.br\/?p=20967\" class=\"more-link\">Continuar lendo <span class=\"screen-reader-text\">Pedro Leopoldo elege representantes do Conselho LGBTQIA+<\/span><\/a><\/p>\n","protected":false},"author":1,"featured_media":20968,"comment_status":"closed","ping_status":"closed","sticky":false,"template":"","format":"standard","meta":{"footnotes":""},"categories":[4],"tags":[],"_links":{"self":[{"href":"https:\/\/arquivo.pedroleopoldo.mg.gov.br\/index.php?rest_route=\/wp\/v2\/posts\/20967"}],"collection":[{"href":"https:\/\/arquivo.pedroleopoldo.mg.gov.br\/index.php?rest_route=\/wp\/v2\/posts"}],"about":[{"href":"https:\/\/arquivo.pedroleopoldo.mg.gov.br\/index.php?rest_route=\/wp\/v2\/types\/post"}],"author":[{"embeddable":true,"href":"https:\/\/arquivo.pedroleopoldo.mg.gov.br\/index.php?rest_route=\/wp\/v2\/users\/1"}],"replies":[{"embeddable":true,"href":"https:\/\/arquivo.pedroleopoldo.mg.gov.br\/index.php?rest_route=%2Fwp%2Fv2%2Fcomments&post=20967"}],"version-history":[{"count":0,"href":"https:\/\/arquivo.pedroleopoldo.mg.gov.br\/index.php?rest_route=\/wp\/v2\/posts\/20967\/revisions"}],"wp:featuredmedia":[{"embeddable":true,"href":"https:\/\/arquivo.pedroleopoldo.mg.gov.br\/index.php?rest_route=\/wp\/v2\/media\/20968"}],"wp:attachment":[{"href":"https:\/\/arquivo.pedroleopoldo.mg.gov.br\/index.php?rest_route=%2Fwp%2Fv2%2Fmedia&parent=20967"}],"wp:term":[{"taxonomy":"category","embeddable":true,"href":"https:\/\/arquivo.pedroleopoldo.mg.gov.br\/index.php?rest_route=%2Fwp%2Fv2%2Fcategories&post=20967"},{"taxonomy":"post_tag","embeddable":true,"href":"https:\/\/arquivo.pedroleopoldo.mg.gov.br\/index.php?rest_route=%2Fwp%2Fv2%2Ftags&post=20967"}],"curies":[{"name":"wp","href":"https:\/\/api.w.org\/{rel}","templated":true}]}}