{"id":20940,"date":"2022-06-27T16:11:00","date_gmt":"2022-06-27T19:11:00","guid":{"rendered":"http:\/\/pedroleopoldo.mg.gov.br\/?p=20940"},"modified":"2022-06-27T16:11:04","modified_gmt":"2022-06-27T19:11:04","slug":"alunos-do-proerd-concluem-suas-participacoes-no-programa","status":"publish","type":"post","link":"https:\/\/arquivo.pedroleopoldo.mg.gov.br\/?p=20940","title":{"rendered":"Alunos do PROERD concluem suas participa\u00e7\u00f5es no Programa"},"content":{"rendered":"\n<p>Aconteceu na da \u00faltima sexta, 24, no Gin\u00e1sio Poliesportivo de Matozinhos, mais uma formatura do PROERD. Desta vez se formaram os alunos do 1\u00ba Semestre das cidades de Pedro Leopoldo, Matozinhos, Capim Branco e Prudente de Morais. <\/p>\n\n\n\n<p>O Programa Educacional de Resist\u00eancia \u00e0s Drogas (Proerd) consiste em um esfor\u00e7o cooperativo estabelecido entre a Pol\u00edcia Militar, Prefeituras, Escolas e a Fam\u00edlias.<\/p>\n\n\n\n<figure class=\"wp-block-image size-large\"><img decoding=\"async\" loading=\"lazy\" width=\"1024\" height=\"770\" src=\"http:\/\/pedroleopoldo.mg.gov.br\/wp-content\/uploads\/2022\/06\/WhatsApp-Image-2022-06-27-at-16.08.07-1-1024x770.jpeg\" alt=\"\" class=\"wp-image-20946\" srcset=\"https:\/\/arquivo.pedroleopoldo.mg.gov.br\/wp-content\/uploads\/2022\/06\/WhatsApp-Image-2022-06-27-at-16.08.07-1-1024x770.jpeg 1024w, https:\/\/arquivo.pedroleopoldo.mg.gov.br\/wp-content\/uploads\/2022\/06\/WhatsApp-Image-2022-06-27-at-16.08.07-1-300x226.jpeg 300w, https:\/\/arquivo.pedroleopoldo.mg.gov.br\/wp-content\/uploads\/2022\/06\/WhatsApp-Image-2022-06-27-at-16.08.07-1-768x578.jpeg 768w, https:\/\/arquivo.pedroleopoldo.mg.gov.br\/wp-content\/uploads\/2022\/06\/WhatsApp-Image-2022-06-27-at-16.08.07-1.jpeg 1203w\" sizes=\"(max-width: 1024px) 100vw, 1024px\" \/><\/figure>\n\n\n\n<figure class=\"wp-block-image size-large\"><img decoding=\"async\" loading=\"lazy\" width=\"1024\" height=\"770\" src=\"http:\/\/pedroleopoldo.mg.gov.br\/wp-content\/uploads\/2022\/06\/WhatsApp-Image-2022-06-27-at-16.08.16-1-1024x770.jpeg\" alt=\"\" class=\"wp-image-20947\" srcset=\"https:\/\/arquivo.pedroleopoldo.mg.gov.br\/wp-content\/uploads\/2022\/06\/WhatsApp-Image-2022-06-27-at-16.08.16-1-1024x770.jpeg 1024w, https:\/\/arquivo.pedroleopoldo.mg.gov.br\/wp-content\/uploads\/2022\/06\/WhatsApp-Image-2022-06-27-at-16.08.16-1-300x226.jpeg 300w, https:\/\/arquivo.pedroleopoldo.mg.gov.br\/wp-content\/uploads\/2022\/06\/WhatsApp-Image-2022-06-27-at-16.08.16-1-768x578.jpeg 768w, https:\/\/arquivo.pedroleopoldo.mg.gov.br\/wp-content\/uploads\/2022\/06\/WhatsApp-Image-2022-06-27-at-16.08.16-1.jpeg 1203w\" sizes=\"(max-width: 1024px) 100vw, 1024px\" \/><\/figure>\n\n\n\n<figure class=\"wp-block-image size-large\"><img decoding=\"async\" loading=\"lazy\" width=\"1024\" height=\"770\" src=\"http:\/\/pedroleopoldo.mg.gov.br\/wp-content\/uploads\/2022\/06\/WhatsApp-Image-2022-06-27-at-16.08.25-1-1024x770.jpeg\" alt=\"\" class=\"wp-image-20948\" srcset=\"https:\/\/arquivo.pedroleopoldo.mg.gov.br\/wp-content\/uploads\/2022\/06\/WhatsApp-Image-2022-06-27-at-16.08.25-1-1024x770.jpeg 1024w, https:\/\/arquivo.pedroleopoldo.mg.gov.br\/wp-content\/uploads\/2022\/06\/WhatsApp-Image-2022-06-27-at-16.08.25-1-300x226.jpeg 300w, https:\/\/arquivo.pedroleopoldo.mg.gov.br\/wp-content\/uploads\/2022\/06\/WhatsApp-Image-2022-06-27-at-16.08.25-1-768x578.jpeg 768w, https:\/\/arquivo.pedroleopoldo.mg.gov.br\/wp-content\/uploads\/2022\/06\/WhatsApp-Image-2022-06-27-at-16.08.25-1.jpeg 1203w\" sizes=\"(max-width: 1024px) 100vw, 1024px\" \/><\/figure>\n","protected":false},"excerpt":{"rendered":"<p>Aconteceu na da \u00faltima sexta, 24, no Gin\u00e1sio Poliesportivo de Matozinhos, mais uma formatura do PROERD. Desta vez se formaram os alunos do 1\u00ba Semestre das cidades de Pedro Leopoldo, Matozinhos, Capim Branco e Prudente de Morais. O Programa Educacional de Resist\u00eancia \u00e0s Drogas (Proerd) consiste em um esfor\u00e7o cooperativo estabelecido entre a Pol\u00edcia Militar, &hellip; <a href=\"https:\/\/arquivo.pedroleopoldo.mg.gov.br\/?p=20940\" class=\"more-link\">Continuar lendo <span class=\"screen-reader-text\">Alunos do PROERD concluem suas participa\u00e7\u00f5es no Programa<\/span><\/a><\/p>\n","protected":false},"author":1,"featured_media":20941,"comment_status":"closed","ping_status":"closed","sticky":false,"template":"","format":"standard","meta":{"footnotes":""},"categories":[4],"tags":[],"_links":{"self":[{"href":"https:\/\/arquivo.pedroleopoldo.mg.gov.br\/index.php?rest_route=\/wp\/v2\/posts\/20940"}],"collection":[{"href":"https:\/\/arquivo.pedroleopoldo.mg.gov.br\/index.php?rest_route=\/wp\/v2\/posts"}],"about":[{"href":"https:\/\/arquivo.pedroleopoldo.mg.gov.br\/index.php?rest_route=\/wp\/v2\/types\/post"}],"author":[{"embeddable":true,"href":"https:\/\/arquivo.pedroleopoldo.mg.gov.br\/index.php?rest_route=\/wp\/v2\/users\/1"}],"replies":[{"embeddable":true,"href":"https:\/\/arquivo.pedroleopoldo.mg.gov.br\/index.php?rest_route=%2Fwp%2Fv2%2Fcomments&post=20940"}],"version-history":[{"count":0,"href":"https:\/\/arquivo.pedroleopoldo.mg.gov.br\/index.php?rest_route=\/wp\/v2\/posts\/20940\/revisions"}],"wp:featuredmedia":[{"embeddable":true,"href":"https:\/\/arquivo.pedroleopoldo.mg.gov.br\/index.php?rest_route=\/wp\/v2\/media\/20941"}],"wp:attachment":[{"href":"https:\/\/arquivo.pedroleopoldo.mg.gov.br\/index.php?rest_route=%2Fwp%2Fv2%2Fmedia&parent=20940"}],"wp:term":[{"taxonomy":"category","embeddable":true,"href":"https:\/\/arquivo.pedroleopoldo.mg.gov.br\/index.php?rest_route=%2Fwp%2Fv2%2Fcategories&post=20940"},{"taxonomy":"post_tag","embeddable":true,"href":"https:\/\/arquivo.pedroleopoldo.mg.gov.br\/index.php?rest_route=%2Fwp%2Fv2%2Ftags&post=20940"}],"curies":[{"name":"wp","href":"https:\/\/api.w.org\/{rel}","templated":true}]}}