{"id":20928,"date":"2022-06-27T15:59:24","date_gmt":"2022-06-27T18:59:24","guid":{"rendered":"http:\/\/pedroleopoldo.mg.gov.br\/?p=20928"},"modified":"2022-06-27T15:59:28","modified_gmt":"2022-06-27T18:59:28","slug":"secretaria-de-desenvolvimento-social-comeca-a-efetivar-os-conselhos-criados","status":"publish","type":"post","link":"https:\/\/arquivo.pedroleopoldo.mg.gov.br\/?p=20928","title":{"rendered":"Secretaria de Desenvolvimento Social come\u00e7a a efetivar os Conselhos criados"},"content":{"rendered":"\n<p>A gest\u00e3o segue trabalhando no intuito de ativar todos os Conselhos vinculados ao Desenvolvimento Social. Agora foi a vez do Conselho do Idoso, que estava inativo h\u00e1 mais de dois anos. O primeiro passo para sua ativa\u00e7\u00e3o foi a portaria nomeando os conselheiros membros do executivo, em 18 de maio de 2022. <\/p>\n\n\n\n<p>J\u00e1 na manh\u00e3 de quarta-feira, 22, aconteceu a primeira reuni\u00e3o onde esses representantes se encontraram para dar continuidade ao processo. Os membros do Conselho exercer\u00e3o o mandato pelo per\u00edodo de dois anos.<\/p>\n","protected":false},"excerpt":{"rendered":"<p>A gest\u00e3o segue trabalhando no intuito de ativar todos os Conselhos vinculados ao Desenvolvimento Social. Agora foi a vez do Conselho do Idoso, que estava inativo h\u00e1 mais de dois anos. O primeiro passo para sua ativa\u00e7\u00e3o foi a portaria nomeando os conselheiros membros do executivo, em 18 de maio de 2022. J\u00e1 na manh\u00e3 &hellip; <a href=\"https:\/\/arquivo.pedroleopoldo.mg.gov.br\/?p=20928\" class=\"more-link\">Continuar lendo <span class=\"screen-reader-text\">Secretaria de Desenvolvimento Social come\u00e7a a efetivar os Conselhos criados<\/span><\/a><\/p>\n","protected":false},"author":1,"featured_media":20929,"comment_status":"closed","ping_status":"closed","sticky":false,"template":"","format":"standard","meta":{"footnotes":""},"categories":[4],"tags":[],"_links":{"self":[{"href":"https:\/\/arquivo.pedroleopoldo.mg.gov.br\/index.php?rest_route=\/wp\/v2\/posts\/20928"}],"collection":[{"href":"https:\/\/arquivo.pedroleopoldo.mg.gov.br\/index.php?rest_route=\/wp\/v2\/posts"}],"about":[{"href":"https:\/\/arquivo.pedroleopoldo.mg.gov.br\/index.php?rest_route=\/wp\/v2\/types\/post"}],"author":[{"embeddable":true,"href":"https:\/\/arquivo.pedroleopoldo.mg.gov.br\/index.php?rest_route=\/wp\/v2\/users\/1"}],"replies":[{"embeddable":true,"href":"https:\/\/arquivo.pedroleopoldo.mg.gov.br\/index.php?rest_route=%2Fwp%2Fv2%2Fcomments&post=20928"}],"version-history":[{"count":0,"href":"https:\/\/arquivo.pedroleopoldo.mg.gov.br\/index.php?rest_route=\/wp\/v2\/posts\/20928\/revisions"}],"wp:featuredmedia":[{"embeddable":true,"href":"https:\/\/arquivo.pedroleopoldo.mg.gov.br\/index.php?rest_route=\/wp\/v2\/media\/20929"}],"wp:attachment":[{"href":"https:\/\/arquivo.pedroleopoldo.mg.gov.br\/index.php?rest_route=%2Fwp%2Fv2%2Fmedia&parent=20928"}],"wp:term":[{"taxonomy":"category","embeddable":true,"href":"https:\/\/arquivo.pedroleopoldo.mg.gov.br\/index.php?rest_route=%2Fwp%2Fv2%2Fcategories&post=20928"},{"taxonomy":"post_tag","embeddable":true,"href":"https:\/\/arquivo.pedroleopoldo.mg.gov.br\/index.php?rest_route=%2Fwp%2Fv2%2Ftags&post=20928"}],"curies":[{"name":"wp","href":"https:\/\/api.w.org\/{rel}","templated":true}]}}