{"id":20917,"date":"2022-06-27T15:43:28","date_gmt":"2022-06-27T18:43:28","guid":{"rendered":"http:\/\/pedroleopoldo.mg.gov.br\/?p=20917"},"modified":"2022-06-27T15:43:34","modified_gmt":"2022-06-27T18:43:34","slug":"novo-secretario-assume-a-pasta-do-planejamento-urbano","status":"publish","type":"post","link":"https:\/\/arquivo.pedroleopoldo.mg.gov.br\/?p=20917","title":{"rendered":"Novo Secret\u00e1rio assume a pasta do Planejamento Urbano"},"content":{"rendered":"\n<p>Na \u00faltima semana os Secret\u00e1rios Municipais e as Chefes do Executivo, Eloisa e Ana Paula, deram as boas vindas ao novo Secret\u00e1rio de Planejamento Urbano de Pedro Leopoldo, Gerson Alfredo Viana dos Santos. Gersinho, como \u00e9 carinhosamente conhecido, \u00e9 arquiteto formado pela UFMG. <\/p>\n\n\n\n<p>\u00c9 ainda fundador e ex-presidente da Associa\u00e7\u00e3o de Engenheiros de Pedro Leopoldo. O novo secret\u00e1rio exerce a atividade de arquiteto no munic\u00edpio e regi\u00e3o h\u00e1 39 anos, tendo participado da elabora\u00e7\u00e3o do primeiro Plano Diretor do Munic\u00edpio e coordenado o trabalho de elabora\u00e7\u00e3o do C\u00f3digo de Obras Municipal.<\/p>\n\n\n\n<figure class=\"wp-block-image size-large\"><img decoding=\"async\" loading=\"lazy\" width=\"768\" height=\"1024\" src=\"http:\/\/pedroleopoldo.mg.gov.br\/wp-content\/uploads\/2022\/06\/WhatsApp-Image-2022-06-27-at-15.42.24-768x1024.jpeg\" alt=\"\" class=\"wp-image-20919\" srcset=\"https:\/\/arquivo.pedroleopoldo.mg.gov.br\/wp-content\/uploads\/2022\/06\/WhatsApp-Image-2022-06-27-at-15.42.24-768x1024.jpeg 768w, https:\/\/arquivo.pedroleopoldo.mg.gov.br\/wp-content\/uploads\/2022\/06\/WhatsApp-Image-2022-06-27-at-15.42.24-225x300.jpeg 225w, https:\/\/arquivo.pedroleopoldo.mg.gov.br\/wp-content\/uploads\/2022\/06\/WhatsApp-Image-2022-06-27-at-15.42.24-1152x1536.jpeg 1152w, https:\/\/arquivo.pedroleopoldo.mg.gov.br\/wp-content\/uploads\/2022\/06\/WhatsApp-Image-2022-06-27-at-15.42.24.jpeg 1200w\" sizes=\"(max-width: 768px) 100vw, 768px\" \/><figcaption>Gerson Alfredo Viana dos Santos<\/figcaption><\/figure>\n","protected":false},"excerpt":{"rendered":"<p>Na \u00faltima semana os Secret\u00e1rios Municipais e as Chefes do Executivo, Eloisa e Ana Paula, deram as boas vindas ao novo Secret\u00e1rio de Planejamento Urbano de Pedro Leopoldo, Gerson Alfredo Viana dos Santos. Gersinho, como \u00e9 carinhosamente conhecido, \u00e9 arquiteto formado pela UFMG. \u00c9 ainda fundador e ex-presidente da Associa\u00e7\u00e3o de Engenheiros de Pedro Leopoldo. &hellip; <a href=\"https:\/\/arquivo.pedroleopoldo.mg.gov.br\/?p=20917\" class=\"more-link\">Continuar lendo <span class=\"screen-reader-text\">Novo Secret\u00e1rio assume a pasta do Planejamento Urbano<\/span><\/a><\/p>\n","protected":false},"author":1,"featured_media":20918,"comment_status":"closed","ping_status":"closed","sticky":false,"template":"","format":"standard","meta":{"footnotes":""},"categories":[4],"tags":[],"_links":{"self":[{"href":"https:\/\/arquivo.pedroleopoldo.mg.gov.br\/index.php?rest_route=\/wp\/v2\/posts\/20917"}],"collection":[{"href":"https:\/\/arquivo.pedroleopoldo.mg.gov.br\/index.php?rest_route=\/wp\/v2\/posts"}],"about":[{"href":"https:\/\/arquivo.pedroleopoldo.mg.gov.br\/index.php?rest_route=\/wp\/v2\/types\/post"}],"author":[{"embeddable":true,"href":"https:\/\/arquivo.pedroleopoldo.mg.gov.br\/index.php?rest_route=\/wp\/v2\/users\/1"}],"replies":[{"embeddable":true,"href":"https:\/\/arquivo.pedroleopoldo.mg.gov.br\/index.php?rest_route=%2Fwp%2Fv2%2Fcomments&post=20917"}],"version-history":[{"count":0,"href":"https:\/\/arquivo.pedroleopoldo.mg.gov.br\/index.php?rest_route=\/wp\/v2\/posts\/20917\/revisions"}],"wp:featuredmedia":[{"embeddable":true,"href":"https:\/\/arquivo.pedroleopoldo.mg.gov.br\/index.php?rest_route=\/wp\/v2\/media\/20918"}],"wp:attachment":[{"href":"https:\/\/arquivo.pedroleopoldo.mg.gov.br\/index.php?rest_route=%2Fwp%2Fv2%2Fmedia&parent=20917"}],"wp:term":[{"taxonomy":"category","embeddable":true,"href":"https:\/\/arquivo.pedroleopoldo.mg.gov.br\/index.php?rest_route=%2Fwp%2Fv2%2Fcategories&post=20917"},{"taxonomy":"post_tag","embeddable":true,"href":"https:\/\/arquivo.pedroleopoldo.mg.gov.br\/index.php?rest_route=%2Fwp%2Fv2%2Ftags&post=20917"}],"curies":[{"name":"wp","href":"https:\/\/api.w.org\/{rel}","templated":true}]}}