{"id":20863,"date":"2022-06-14T15:07:00","date_gmt":"2022-06-14T18:07:00","guid":{"rendered":"http:\/\/pedroleopoldo.mg.gov.br\/?p=20863"},"modified":"2022-06-14T15:12:27","modified_gmt":"2022-06-14T18:12:27","slug":"febre-maculosa","status":"publish","type":"post","link":"https:\/\/arquivo.pedroleopoldo.mg.gov.br\/?p=20863","title":{"rendered":"Febre Maculosa"},"content":{"rendered":"\n<h2 class=\"wp-block-heading\"><em>Entenda o que \u00e9, quais os sintomas, como se transmite, forma de preven\u00e7\u00e3o e veja ainda os dados da doen\u00e7a em Pedro Leopoldo nos \u00faltimos anos<\/em><\/h2>\n\n\n\n<p><strong>Febre maculosa<\/strong><\/p>\n\n\n\n<p>A Febre Maculosa \u00e9 uma doen\u00e7a infecciosa, febril aguda, de gravidade vari\u00e1vel e se apresenta com altas taxas de letalidade. A doen\u00e7a pode ser transmitida aos seres humanos por meio da picada de carrapatos e pulgas infectados.<\/p>\n\n\n\n<p><strong>Transmiss\u00e3o<\/strong><\/p>\n\n\n\n<p>A transmiss\u00e3o ocorre quando um carrapato infectado fica aderido ao corpo da pessoa por um per\u00edodo de, no m\u00ednimo, 4 horas, ou pela picada de pulga infectada. N\u00e3o existe transmiss\u00e3o da doen\u00e7a de uma pessoa para outra.<\/p>\n\n\n\n<p>No Brasil, um dos principais carrapatos envolvidos na transmiss\u00e3o da febre maculosa da bact\u00e9ria R. rickettsii s\u00e3o carrapatos do g\u00eanero Amblyomma, que possuem ampla dispers\u00e3o por todo o pa\u00eds e s\u00e3o popularmente conhecidos como \u201ccarrapato estrela\u201d ou \u201ccarrapato-do-cavalo\u201d. Cavalos, bois, c\u00e3es e capivaras s\u00e3o os principais hospedeiros de carrapatos potencialmente infectados e reservat\u00f3rios de Rickettsia.<\/p>\n\n\n\n<p><strong>Diagn\u00f3stico e tratamento<\/strong><\/p>\n\n\n\n<p>Febre Maculosa \u00e9 uma doen\u00e7a infecciosa febril aguda que, se n\u00e3o for diagnosticada e\/ou tratada a tempo, pode levar a pessoa a \u00f3bito. Por isso, \u00c9 FUNDAMENTAL que o tratamento seja iniciado logo ap\u00f3s o surgimento dos primeiros sintomas.<\/p>\n\n\n\n<p><em>Sintomas<\/em><\/p>\n\n\n\n<p>Os principais sintomas da Febre Maculosa s\u00e3o: * Dor de cabe\u00e7a e\/ou Dores no corpo; * Febres e calafrios; * Mal estar; * N\u00e1useas e v\u00f4mitos; * Manchas ou Pontos avermelhados na pele, principalmente nas m\u00e3os e p\u00e9s.<\/p>\n\n\n\n<p>ATEN\u00c7\u00c3O<\/p>\n\n\n\n<p>Esses sintomas geralmente aparecem entre o 2\u00ba e o 14\u00ba dia ap\u00f3s o contato com o carrapato. Por isso, se voc\u00ea frequentou locais como \u00e1reas rurais, parques, matas, rios e cachoeiras ou teve contato com animais silvestres ou dom\u00e9sticos ou tem hist\u00f3ria de picada de carrapato, PROCURE IMEDIATAMENTE A UNIDADE DE SA\u00daDE MAIS PR\u00d3XIMA DE SUA CASA!<\/p>\n\n\n\n<p><strong>PREVEN\u00c7\u00c3O<\/strong><\/p>\n\n\n\n<p>&#8211; Sempre que poss\u00edvel, evitar frequentar ambientes prop\u00edcios a infesta\u00e7\u00f5es de carrapatos, como pastagens, matas, terrenos baldios, margem de lagoas.<\/p>\n\n\n\n<p>&#8211; Ao adentrar em matas ou em ambientes sabidamente infestados por carrapatos:<\/p>\n\n\n\n<p>* Use roupas claras e com mangas compridas para facilitar a visualiza\u00e7\u00e3o de carrapatos;<\/p>\n\n\n\n<p>* Use cal\u00e7as compridas, inserindo a parte inferior por dentro de botas, preferencialmente de cano longo e vedadas com fita adesiva de dupla face;<\/p>\n\n\n\n<p>* Examine o pr\u00f3prio corpo a cada duas horas a fim de verificar a presen\u00e7a de carrapatos.<\/p>\n\n\n\n<p>*Quanto mais r\u00e1pido os mesmos forem retirados menor a chance de infec\u00e7\u00e3o;<\/p>\n\n\n\n<p>* Aplique carrapaticidas em c\u00e3es e cavalos (caso os tenha), de acordo com as recomenda\u00e7\u00f5es do(a) M\u00e9dico(a) Veterin\u00e1rio(a);<\/p>\n\n\n\n<p>* Mantenha os terrenos e gramados capinados rente ao solo, facilitando a penetra\u00e7\u00e3o dos raios solares, cuja a\u00e7\u00e3o normalmente \u00e9 fatal para os micuins (fase larval do carrapato estrela);<\/p>\n\n\n\n<p>* N\u00e3o esmague o carrapato com as unhas, pois o mesmo pode liberar as bact\u00e9rias e infectar partes do corpo com les\u00f5es.<\/p>\n\n\n\n<p><strong>Notifica\u00e7\u00f5es e \u00f3bitos Febre Maculosa Pedro Leopoldo<\/strong><\/p>\n\n\n\n<p>2017 &#8211; 2 casos notificados, 1 \u00f3bito<\/p>\n\n\n\n<p>2018 &#8211; 6 casos notificados, 0 \u00f3bitos<\/p>\n\n\n\n<p>2019 &#8211; 5 casos notificados, 0 \u00f3bitos<\/p>\n\n\n\n<p>2020 &#8211; 2 casos notificados, 0 \u00f3bitos<\/p>\n\n\n\n<p>2021 &#8211; 5 casos notificados, 2 \u00f3bitos<\/p>\n\n\n\n<p>2022 (at\u00e9 14\/06) &#8211; 1 casos notificado, 0 \u00f3bitos<\/p>\n","protected":false},"excerpt":{"rendered":"<p>Entenda o que \u00e9, quais os sintomas, como se transmite, forma de preven\u00e7\u00e3o e veja ainda os dados da doen\u00e7a em Pedro Leopoldo nos \u00faltimos anos Febre maculosa A Febre Maculosa \u00e9 uma doen\u00e7a infecciosa, febril aguda, de gravidade vari\u00e1vel e se apresenta com altas taxas de letalidade. A doen\u00e7a pode ser transmitida aos seres &hellip; <a href=\"https:\/\/arquivo.pedroleopoldo.mg.gov.br\/?p=20863\" class=\"more-link\">Continuar lendo <span class=\"screen-reader-text\">Febre Maculosa<\/span><\/a><\/p>\n","protected":false},"author":1,"featured_media":20867,"comment_status":"closed","ping_status":"closed","sticky":false,"template":"","format":"standard","meta":{"footnotes":""},"categories":[4],"tags":[],"_links":{"self":[{"href":"https:\/\/arquivo.pedroleopoldo.mg.gov.br\/index.php?rest_route=\/wp\/v2\/posts\/20863"}],"collection":[{"href":"https:\/\/arquivo.pedroleopoldo.mg.gov.br\/index.php?rest_route=\/wp\/v2\/posts"}],"about":[{"href":"https:\/\/arquivo.pedroleopoldo.mg.gov.br\/index.php?rest_route=\/wp\/v2\/types\/post"}],"author":[{"embeddable":true,"href":"https:\/\/arquivo.pedroleopoldo.mg.gov.br\/index.php?rest_route=\/wp\/v2\/users\/1"}],"replies":[{"embeddable":true,"href":"https:\/\/arquivo.pedroleopoldo.mg.gov.br\/index.php?rest_route=%2Fwp%2Fv2%2Fcomments&post=20863"}],"version-history":[{"count":0,"href":"https:\/\/arquivo.pedroleopoldo.mg.gov.br\/index.php?rest_route=\/wp\/v2\/posts\/20863\/revisions"}],"wp:featuredmedia":[{"embeddable":true,"href":"https:\/\/arquivo.pedroleopoldo.mg.gov.br\/index.php?rest_route=\/wp\/v2\/media\/20867"}],"wp:attachment":[{"href":"https:\/\/arquivo.pedroleopoldo.mg.gov.br\/index.php?rest_route=%2Fwp%2Fv2%2Fmedia&parent=20863"}],"wp:term":[{"taxonomy":"category","embeddable":true,"href":"https:\/\/arquivo.pedroleopoldo.mg.gov.br\/index.php?rest_route=%2Fwp%2Fv2%2Fcategories&post=20863"},{"taxonomy":"post_tag","embeddable":true,"href":"https:\/\/arquivo.pedroleopoldo.mg.gov.br\/index.php?rest_route=%2Fwp%2Fv2%2Ftags&post=20863"}],"curies":[{"name":"wp","href":"https:\/\/api.w.org\/{rel}","templated":true}]}}