{"id":20564,"date":"2022-04-27T16:08:41","date_gmt":"2022-04-27T19:08:41","guid":{"rendered":"http:\/\/pedroleopoldo.mg.gov.br\/?p=20564"},"modified":"2022-04-27T16:08:47","modified_gmt":"2022-04-27T19:08:47","slug":"prefeitura-e-cruz-vermelha-distribuem-beneficio-alimentacao-para-cerca-de-450-pessoas-em-pl","status":"publish","type":"post","link":"https:\/\/arquivo.pedroleopoldo.mg.gov.br\/?p=20564","title":{"rendered":"Prefeitura e Cruz Vermelha distribuem benef\u00edcio alimenta\u00e7\u00e3o para cerca de 450 pessoas em PL"},"content":{"rendered":"\n<p><em>Em uma a\u00e7\u00e3o pontual, os tickets-alimenta\u00e7\u00e3o nos valores de R$250,00 e R$200,00 foram entregues aos moradores de Fidalgo, Vera Cruz e Manoel Brand\u00e3o<\/em><\/p>\n\n\n\n<p>Moradores previamente cadastrados no CRAS e no programa Cad\u00danico das regi\u00f5es de Fidalgo, Vera Cruz e Manoel Brand\u00e3o, vinculados \u00e0 Secretaria Municipal de Desenvolvimento Social, receberam da Prefeitura de Pedro Leopoldo, em parceria com a Cruz Vermelha de Minas Gerais, cart\u00f5es de alimenta\u00e7\u00e3o nos valores de R$200,00 e R$250,00, o\u00a0 \u201cCart\u00e3o Humanit\u00e1rio\u201d. O benef\u00edcio pode ser utilizado exclusivamente para a aquisi\u00e7\u00e3o de itens b\u00e1sicos de alimenta\u00e7\u00e3o e higiene, n\u00e3o sendo recarreg\u00e1vel, podendo o benef\u00edcio ser utilizado uma \u00fanica vez.\u00a0<\/p>\n\n\n\n<p>A Secret\u00e1ria de Desenvolvimento Social, Viviane Sena, explicou que a a\u00e7\u00e3o foi feita em Fidalgo e Vera Cruz devido \u00e0 dist\u00e2ncia desses distritos dos equipamentos do CRAS de Pedro Leopoldo. Os moradores de Manoel Brand\u00e3o contemplados estiveram em Vera Cruz por meio de transporte ofertado pelo munic\u00edpio. \u201cUm grande problema enfrentado por nossos usu\u00e1rios \u00e9 a dist\u00e2ncia do territ\u00f3rio onde residem, dificultando o acessos aos servi\u00e7os prestados pelos Centros de Refer\u00eancia em Assist\u00eancia Social, e, por isso, neste momento, priorizamos estas regi\u00f5es. Vale ressaltar que ambos os locais possuem um alto n\u00famero de fam\u00edlias com vulnerabilidade socioecon\u00f4mica que est\u00e3o em nossos cadastros\u201d, pontuou a Secret\u00e1ria.\u00a0<\/p>\n\n\n\n<p>As pessoas contempladas foram eleg\u00edveis de acordo com crit\u00e9rios t\u00e9cnicos pr\u00e9-estabelecidos, al\u00e9m de terem sido atendidas previamente por uma equipe de servidores da Secretaria, coordenada pelo Chefe de Divis\u00e3o, Glauber Leles.\u00a0<\/p>\n\n\n\n<p>O Cad\u00danico \u00e9 o Cadastro \u00danico para Programas Sociais, um instrumento de coleta de dados e informa\u00e7\u00f5es que objetiva identificar todas as fam\u00edlias de baixa renda existentes no munic\u00edpio, para fins de inclus\u00e3o em programas sociais e distribui\u00e7\u00e3o de renda.\u00a0<\/p>\n\n\n\n<p>A Sra. T\u00e2nia Elizabeth Rodrigues, moradora de Fidalgo, agradeceu ao receber o ticket. \u201cEste benef\u00edcio vai me ajudar e muito! Estou em um momento em que meu filho est\u00e1 desempregado, sou divorciada, e minha \u00fanica renda \u00e9 o aux\u00edlio do governo. Voc\u00eas nem imaginam o quanto Deus vai aben\u00e7oar voc\u00eas. Chegou em uma hora muito boa\u201d, disse emocionada.\u00a0<\/p>\n\n\n\n<p>J\u00e1 Vera L\u00facia, que trata de uma enfermidade, contou as suas dificuldades e a import\u00e2ncia dessa ajuda. \u201cEnfrento o desemprego h\u00e1 2 anos e comecei um tratamento de c\u00e2ncer na garganta, o que me impossibilita ter for\u00e7a e disposi\u00e7\u00e3o para conseguir trabalhar. \u00c9 uma ajuda que vai ser muito v\u00e1lida pra mim. N\u00e3o s\u00f3 para mim, mas para diversas outras fam\u00edlias\u201d, contou.<\/p>\n\n\n\n<figure class=\"wp-block-gallery columns-3 is-cropped wp-block-gallery-1 is-layout-flex wp-block-gallery-is-layout-flex\"><ul class=\"blocks-gallery-grid\"><li class=\"blocks-gallery-item\"><figure><img decoding=\"async\" loading=\"lazy\" width=\"1024\" height=\"768\" src=\"http:\/\/pedroleopoldo.mg.gov.br\/wp-content\/uploads\/2022\/04\/WhatsApp-Image-2022-04-26-at-13.43.24-1-1024x768.jpeg\" alt=\"\" data-id=\"20565\" data-full-url=\"http:\/\/pedroleopoldo.mg.gov.br\/wp-content\/uploads\/2022\/04\/WhatsApp-Image-2022-04-26-at-13.43.24-1.jpeg\" data-link=\"http:\/\/pedroleopoldo.mg.gov.br\/?attachment_id=20565\" class=\"wp-image-20565\" srcset=\"https:\/\/arquivo.pedroleopoldo.mg.gov.br\/wp-content\/uploads\/2022\/04\/WhatsApp-Image-2022-04-26-at-13.43.24-1-1024x768.jpeg 1024w, https:\/\/arquivo.pedroleopoldo.mg.gov.br\/wp-content\/uploads\/2022\/04\/WhatsApp-Image-2022-04-26-at-13.43.24-1-300x225.jpeg 300w, https:\/\/arquivo.pedroleopoldo.mg.gov.br\/wp-content\/uploads\/2022\/04\/WhatsApp-Image-2022-04-26-at-13.43.24-1-768x576.jpeg 768w, https:\/\/arquivo.pedroleopoldo.mg.gov.br\/wp-content\/uploads\/2022\/04\/WhatsApp-Image-2022-04-26-at-13.43.24-1-1536x1152.jpeg 1536w, https:\/\/arquivo.pedroleopoldo.mg.gov.br\/wp-content\/uploads\/2022\/04\/WhatsApp-Image-2022-04-26-at-13.43.24-1.jpeg 1600w\" sizes=\"(max-width: 1024px) 100vw, 1024px\" \/><\/figure><\/li><li class=\"blocks-gallery-item\"><figure><img decoding=\"async\" loading=\"lazy\" width=\"1024\" height=\"768\" src=\"http:\/\/pedroleopoldo.mg.gov.br\/wp-content\/uploads\/2022\/04\/WhatsApp-Image-2022-04-26-at-13.43.23-1-1024x768.jpeg\" alt=\"\" data-id=\"20566\" data-full-url=\"http:\/\/pedroleopoldo.mg.gov.br\/wp-content\/uploads\/2022\/04\/WhatsApp-Image-2022-04-26-at-13.43.23-1.jpeg\" data-link=\"http:\/\/pedroleopoldo.mg.gov.br\/?attachment_id=20566\" class=\"wp-image-20566\" srcset=\"https:\/\/arquivo.pedroleopoldo.mg.gov.br\/wp-content\/uploads\/2022\/04\/WhatsApp-Image-2022-04-26-at-13.43.23-1-1024x768.jpeg 1024w, https:\/\/arquivo.pedroleopoldo.mg.gov.br\/wp-content\/uploads\/2022\/04\/WhatsApp-Image-2022-04-26-at-13.43.23-1-300x225.jpeg 300w, https:\/\/arquivo.pedroleopoldo.mg.gov.br\/wp-content\/uploads\/2022\/04\/WhatsApp-Image-2022-04-26-at-13.43.23-1-768x576.jpeg 768w, https:\/\/arquivo.pedroleopoldo.mg.gov.br\/wp-content\/uploads\/2022\/04\/WhatsApp-Image-2022-04-26-at-13.43.23-1-1536x1152.jpeg 1536w, https:\/\/arquivo.pedroleopoldo.mg.gov.br\/wp-content\/uploads\/2022\/04\/WhatsApp-Image-2022-04-26-at-13.43.23-1.jpeg 1600w\" sizes=\"(max-width: 1024px) 100vw, 1024px\" \/><\/figure><\/li><li class=\"blocks-gallery-item\"><figure><img decoding=\"async\" loading=\"lazy\" width=\"1024\" height=\"768\" src=\"http:\/\/pedroleopoldo.mg.gov.br\/wp-content\/uploads\/2022\/04\/WhatsApp-Image-2022-04-26-at-13.43.23-1024x768.jpeg\" alt=\"\" data-id=\"20567\" data-full-url=\"http:\/\/pedroleopoldo.mg.gov.br\/wp-content\/uploads\/2022\/04\/WhatsApp-Image-2022-04-26-at-13.43.23.jpeg\" data-link=\"http:\/\/pedroleopoldo.mg.gov.br\/?attachment_id=20567\" class=\"wp-image-20567\" srcset=\"https:\/\/arquivo.pedroleopoldo.mg.gov.br\/wp-content\/uploads\/2022\/04\/WhatsApp-Image-2022-04-26-at-13.43.23-1024x768.jpeg 1024w, https:\/\/arquivo.pedroleopoldo.mg.gov.br\/wp-content\/uploads\/2022\/04\/WhatsApp-Image-2022-04-26-at-13.43.23-300x225.jpeg 300w, https:\/\/arquivo.pedroleopoldo.mg.gov.br\/wp-content\/uploads\/2022\/04\/WhatsApp-Image-2022-04-26-at-13.43.23-768x576.jpeg 768w, https:\/\/arquivo.pedroleopoldo.mg.gov.br\/wp-content\/uploads\/2022\/04\/WhatsApp-Image-2022-04-26-at-13.43.23-1536x1152.jpeg 1536w, https:\/\/arquivo.pedroleopoldo.mg.gov.br\/wp-content\/uploads\/2022\/04\/WhatsApp-Image-2022-04-26-at-13.43.23.jpeg 1600w\" sizes=\"(max-width: 1024px) 100vw, 1024px\" \/><\/figure><\/li><li class=\"blocks-gallery-item\"><figure><img decoding=\"async\" loading=\"lazy\" width=\"1024\" height=\"768\" src=\"http:\/\/pedroleopoldo.mg.gov.br\/wp-content\/uploads\/2022\/04\/WhatsApp-Image-2022-04-26-at-13.43.22-1-1024x768.jpeg\" alt=\"\" data-id=\"20568\" data-full-url=\"http:\/\/pedroleopoldo.mg.gov.br\/wp-content\/uploads\/2022\/04\/WhatsApp-Image-2022-04-26-at-13.43.22-1.jpeg\" data-link=\"http:\/\/pedroleopoldo.mg.gov.br\/?attachment_id=20568\" class=\"wp-image-20568\" srcset=\"https:\/\/arquivo.pedroleopoldo.mg.gov.br\/wp-content\/uploads\/2022\/04\/WhatsApp-Image-2022-04-26-at-13.43.22-1-1024x768.jpeg 1024w, https:\/\/arquivo.pedroleopoldo.mg.gov.br\/wp-content\/uploads\/2022\/04\/WhatsApp-Image-2022-04-26-at-13.43.22-1-300x225.jpeg 300w, https:\/\/arquivo.pedroleopoldo.mg.gov.br\/wp-content\/uploads\/2022\/04\/WhatsApp-Image-2022-04-26-at-13.43.22-1-768x576.jpeg 768w, https:\/\/arquivo.pedroleopoldo.mg.gov.br\/wp-content\/uploads\/2022\/04\/WhatsApp-Image-2022-04-26-at-13.43.22-1-1536x1152.jpeg 1536w, https:\/\/arquivo.pedroleopoldo.mg.gov.br\/wp-content\/uploads\/2022\/04\/WhatsApp-Image-2022-04-26-at-13.43.22-1.jpeg 1600w\" sizes=\"(max-width: 1024px) 100vw, 1024px\" \/><\/figure><\/li><li class=\"blocks-gallery-item\"><figure><img decoding=\"async\" loading=\"lazy\" width=\"1024\" height=\"768\" src=\"http:\/\/pedroleopoldo.mg.gov.br\/wp-content\/uploads\/2022\/04\/WhatsApp-Image-2022-04-27-at-14.52.11-3.jpeg\" alt=\"\" data-id=\"20576\" data-full-url=\"http:\/\/pedroleopoldo.mg.gov.br\/wp-content\/uploads\/2022\/04\/WhatsApp-Image-2022-04-27-at-14.52.11-3.jpeg\" data-link=\"http:\/\/pedroleopoldo.mg.gov.br\/?attachment_id=20576\" class=\"wp-image-20576\" srcset=\"https:\/\/arquivo.pedroleopoldo.mg.gov.br\/wp-content\/uploads\/2022\/04\/WhatsApp-Image-2022-04-27-at-14.52.11-3.jpeg 1024w, https:\/\/arquivo.pedroleopoldo.mg.gov.br\/wp-content\/uploads\/2022\/04\/WhatsApp-Image-2022-04-27-at-14.52.11-3-300x225.jpeg 300w, https:\/\/arquivo.pedroleopoldo.mg.gov.br\/wp-content\/uploads\/2022\/04\/WhatsApp-Image-2022-04-27-at-14.52.11-3-768x576.jpeg 768w\" sizes=\"(max-width: 1024px) 100vw, 1024px\" \/><\/figure><\/li><li class=\"blocks-gallery-item\"><figure><img decoding=\"async\" loading=\"lazy\" width=\"1024\" height=\"768\" src=\"http:\/\/pedroleopoldo.mg.gov.br\/wp-content\/uploads\/2022\/04\/WhatsApp-Image-2022-04-26-at-13.43.22-1024x768.jpeg\" alt=\"\" data-id=\"20570\" data-full-url=\"http:\/\/pedroleopoldo.mg.gov.br\/wp-content\/uploads\/2022\/04\/WhatsApp-Image-2022-04-26-at-13.43.22.jpeg\" data-link=\"http:\/\/pedroleopoldo.mg.gov.br\/?attachment_id=20570\" class=\"wp-image-20570\" srcset=\"https:\/\/arquivo.pedroleopoldo.mg.gov.br\/wp-content\/uploads\/2022\/04\/WhatsApp-Image-2022-04-26-at-13.43.22-1024x768.jpeg 1024w, https:\/\/arquivo.pedroleopoldo.mg.gov.br\/wp-content\/uploads\/2022\/04\/WhatsApp-Image-2022-04-26-at-13.43.22-300x225.jpeg 300w, https:\/\/arquivo.pedroleopoldo.mg.gov.br\/wp-content\/uploads\/2022\/04\/WhatsApp-Image-2022-04-26-at-13.43.22-768x576.jpeg 768w, https:\/\/arquivo.pedroleopoldo.mg.gov.br\/wp-content\/uploads\/2022\/04\/WhatsApp-Image-2022-04-26-at-13.43.22-1536x1152.jpeg 1536w, https:\/\/arquivo.pedroleopoldo.mg.gov.br\/wp-content\/uploads\/2022\/04\/WhatsApp-Image-2022-04-26-at-13.43.22.jpeg 1600w\" sizes=\"(max-width: 1024px) 100vw, 1024px\" \/><\/figure><\/li><li class=\"blocks-gallery-item\"><figure><img decoding=\"async\" loading=\"lazy\" width=\"1024\" height=\"768\" src=\"http:\/\/pedroleopoldo.mg.gov.br\/wp-content\/uploads\/2022\/04\/WhatsApp-Image-2022-04-26-at-13.43.21-1024x768.jpeg\" alt=\"\" data-id=\"20572\" data-full-url=\"http:\/\/pedroleopoldo.mg.gov.br\/wp-content\/uploads\/2022\/04\/WhatsApp-Image-2022-04-26-at-13.43.21.jpeg\" data-link=\"http:\/\/pedroleopoldo.mg.gov.br\/?attachment_id=20572\" class=\"wp-image-20572\" srcset=\"https:\/\/arquivo.pedroleopoldo.mg.gov.br\/wp-content\/uploads\/2022\/04\/WhatsApp-Image-2022-04-26-at-13.43.21-1024x768.jpeg 1024w, https:\/\/arquivo.pedroleopoldo.mg.gov.br\/wp-content\/uploads\/2022\/04\/WhatsApp-Image-2022-04-26-at-13.43.21-300x225.jpeg 300w, https:\/\/arquivo.pedroleopoldo.mg.gov.br\/wp-content\/uploads\/2022\/04\/WhatsApp-Image-2022-04-26-at-13.43.21-768x576.jpeg 768w, https:\/\/arquivo.pedroleopoldo.mg.gov.br\/wp-content\/uploads\/2022\/04\/WhatsApp-Image-2022-04-26-at-13.43.21-1536x1152.jpeg 1536w, https:\/\/arquivo.pedroleopoldo.mg.gov.br\/wp-content\/uploads\/2022\/04\/WhatsApp-Image-2022-04-26-at-13.43.21.jpeg 1600w\" sizes=\"(max-width: 1024px) 100vw, 1024px\" \/><\/figure><\/li><li class=\"blocks-gallery-item\"><figure><img decoding=\"async\" loading=\"lazy\" width=\"1024\" height=\"768\" src=\"http:\/\/pedroleopoldo.mg.gov.br\/wp-content\/uploads\/2022\/04\/WhatsApp-Image-2022-04-27-at-14.52.11-2.jpeg\" alt=\"\" data-id=\"20577\" data-full-url=\"http:\/\/pedroleopoldo.mg.gov.br\/wp-content\/uploads\/2022\/04\/WhatsApp-Image-2022-04-27-at-14.52.11-2.jpeg\" data-link=\"http:\/\/pedroleopoldo.mg.gov.br\/?attachment_id=20577\" class=\"wp-image-20577\" srcset=\"https:\/\/arquivo.pedroleopoldo.mg.gov.br\/wp-content\/uploads\/2022\/04\/WhatsApp-Image-2022-04-27-at-14.52.11-2.jpeg 1024w, https:\/\/arquivo.pedroleopoldo.mg.gov.br\/wp-content\/uploads\/2022\/04\/WhatsApp-Image-2022-04-27-at-14.52.11-2-300x225.jpeg 300w, https:\/\/arquivo.pedroleopoldo.mg.gov.br\/wp-content\/uploads\/2022\/04\/WhatsApp-Image-2022-04-27-at-14.52.11-2-768x576.jpeg 768w\" sizes=\"(max-width: 1024px) 100vw, 1024px\" \/><\/figure><\/li><li class=\"blocks-gallery-item\"><figure><img decoding=\"async\" loading=\"lazy\" width=\"1024\" height=\"768\" src=\"http:\/\/pedroleopoldo.mg.gov.br\/wp-content\/uploads\/2022\/04\/WhatsApp-Image-2022-04-27-at-14.52.11-1.jpeg\" alt=\"\" data-id=\"20578\" data-full-url=\"http:\/\/pedroleopoldo.mg.gov.br\/wp-content\/uploads\/2022\/04\/WhatsApp-Image-2022-04-27-at-14.52.11-1.jpeg\" data-link=\"http:\/\/pedroleopoldo.mg.gov.br\/?attachment_id=20578\" class=\"wp-image-20578\" srcset=\"https:\/\/arquivo.pedroleopoldo.mg.gov.br\/wp-content\/uploads\/2022\/04\/WhatsApp-Image-2022-04-27-at-14.52.11-1.jpeg 1024w, https:\/\/arquivo.pedroleopoldo.mg.gov.br\/wp-content\/uploads\/2022\/04\/WhatsApp-Image-2022-04-27-at-14.52.11-1-300x225.jpeg 300w, https:\/\/arquivo.pedroleopoldo.mg.gov.br\/wp-content\/uploads\/2022\/04\/WhatsApp-Image-2022-04-27-at-14.52.11-1-768x576.jpeg 768w\" sizes=\"(max-width: 1024px) 100vw, 1024px\" \/><\/figure><\/li><\/ul><\/figure>\n","protected":false},"excerpt":{"rendered":"<p>Em uma a\u00e7\u00e3o pontual, os tickets-alimenta\u00e7\u00e3o nos valores de R$250,00 e R$200,00 foram entregues aos moradores de Fidalgo, Vera Cruz e Manoel Brand\u00e3o Moradores previamente cadastrados no CRAS e no programa Cad\u00danico das regi\u00f5es de Fidalgo, Vera Cruz e Manoel Brand\u00e3o, vinculados \u00e0 Secretaria Municipal de Desenvolvimento Social, receberam da Prefeitura de Pedro Leopoldo, em &hellip; <a href=\"https:\/\/arquivo.pedroleopoldo.mg.gov.br\/?p=20564\" class=\"more-link\">Continuar lendo <span class=\"screen-reader-text\">Prefeitura e Cruz Vermelha distribuem benef\u00edcio alimenta\u00e7\u00e3o para cerca de 450 pessoas em PL<\/span><\/a><\/p>\n","protected":false},"author":1,"featured_media":20574,"comment_status":"closed","ping_status":"closed","sticky":false,"template":"","format":"standard","meta":{"footnotes":""},"categories":[4],"tags":[],"_links":{"self":[{"href":"https:\/\/arquivo.pedroleopoldo.mg.gov.br\/index.php?rest_route=\/wp\/v2\/posts\/20564"}],"collection":[{"href":"https:\/\/arquivo.pedroleopoldo.mg.gov.br\/index.php?rest_route=\/wp\/v2\/posts"}],"about":[{"href":"https:\/\/arquivo.pedroleopoldo.mg.gov.br\/index.php?rest_route=\/wp\/v2\/types\/post"}],"author":[{"embeddable":true,"href":"https:\/\/arquivo.pedroleopoldo.mg.gov.br\/index.php?rest_route=\/wp\/v2\/users\/1"}],"replies":[{"embeddable":true,"href":"https:\/\/arquivo.pedroleopoldo.mg.gov.br\/index.php?rest_route=%2Fwp%2Fv2%2Fcomments&post=20564"}],"version-history":[{"count":0,"href":"https:\/\/arquivo.pedroleopoldo.mg.gov.br\/index.php?rest_route=\/wp\/v2\/posts\/20564\/revisions"}],"wp:featuredmedia":[{"embeddable":true,"href":"https:\/\/arquivo.pedroleopoldo.mg.gov.br\/index.php?rest_route=\/wp\/v2\/media\/20574"}],"wp:attachment":[{"href":"https:\/\/arquivo.pedroleopoldo.mg.gov.br\/index.php?rest_route=%2Fwp%2Fv2%2Fmedia&parent=20564"}],"wp:term":[{"taxonomy":"category","embeddable":true,"href":"https:\/\/arquivo.pedroleopoldo.mg.gov.br\/index.php?rest_route=%2Fwp%2Fv2%2Fcategories&post=20564"},{"taxonomy":"post_tag","embeddable":true,"href":"https:\/\/arquivo.pedroleopoldo.mg.gov.br\/index.php?rest_route=%2Fwp%2Fv2%2Ftags&post=20564"}],"curies":[{"name":"wp","href":"https:\/\/api.w.org\/{rel}","templated":true}]}}