{"id":20550,"date":"2022-04-26T17:02:56","date_gmt":"2022-04-26T20:02:56","guid":{"rendered":"http:\/\/pedroleopoldo.mg.gov.br\/?p=20550"},"modified":"2022-04-26T17:03:01","modified_gmt":"2022-04-26T20:03:01","slug":"secretaria-de-educacao-da-inicio-as-aulas-do-eja","status":"publish","type":"post","link":"https:\/\/arquivo.pedroleopoldo.mg.gov.br\/?p=20550","title":{"rendered":"Secretaria de Educa\u00e7\u00e3o d\u00e1 in\u00edcio \u00e0s aulas do EJA"},"content":{"rendered":"\n<p>A Prefeitura de Pedro Leopoldo, atrav\u00e9s da Secretaria Municipal de Educa\u00e7\u00e3o e em parceria com o Sesi\/Fiemg, deu in\u00edcio \u00e0s aula da EJA &#8211; Educa\u00e7\u00e3o de Jovens e Adultos, uma modalidade de ensino destinada ao p\u00fablico que n\u00e3o completou, abandonou ou n\u00e3o teve acesso \u00e0 educa\u00e7\u00e3o formal na idade apropriada. <\/p>\n\n\n\n<p>O programa atender\u00e1 os anos finais do ensino fundamental ( 6\u00ba ao 9\u00ba ano) e o ensino m\u00e9dio (1\u00ba, 2\u00ba e 3\u00ba anos). A aula inaugural aconteceu na noite de ontem, dia 25, na Escola Municipal Heitor Cl\u00e1udio de Sales, onde as aulas acontecer\u00e3o presencialmente \u00e0s segundas-feiras. Outras atividades ser\u00e3o desempenhadas de forma online. Para mais informa\u00e7\u00f5es, o telefone \u00e9 o 3662-1955!<\/p>\n\n\n","protected":false},"excerpt":{"rendered":"<p>A Prefeitura de Pedro Leopoldo, atrav\u00e9s da Secretaria Municipal de Educa\u00e7\u00e3o e em parceria com o Sesi\/Fiemg, deu in\u00edcio \u00e0s aula da EJA &#8211; Educa\u00e7\u00e3o de Jovens e Adultos, uma modalidade de ensino destinada ao p\u00fablico que n\u00e3o completou, abandonou ou n\u00e3o teve acesso \u00e0 educa\u00e7\u00e3o formal na idade apropriada. O programa atender\u00e1 os anos &hellip; <a href=\"https:\/\/arquivo.pedroleopoldo.mg.gov.br\/?p=20550\" class=\"more-link\">Continuar lendo <span class=\"screen-reader-text\">Secretaria de Educa\u00e7\u00e3o d\u00e1 in\u00edcio \u00e0s aulas do EJA<\/span><\/a><\/p>\n","protected":false},"author":1,"featured_media":20551,"comment_status":"closed","ping_status":"closed","sticky":false,"template":"","format":"standard","meta":{"footnotes":""},"categories":[4],"tags":[],"_links":{"self":[{"href":"https:\/\/arquivo.pedroleopoldo.mg.gov.br\/index.php?rest_route=\/wp\/v2\/posts\/20550"}],"collection":[{"href":"https:\/\/arquivo.pedroleopoldo.mg.gov.br\/index.php?rest_route=\/wp\/v2\/posts"}],"about":[{"href":"https:\/\/arquivo.pedroleopoldo.mg.gov.br\/index.php?rest_route=\/wp\/v2\/types\/post"}],"author":[{"embeddable":true,"href":"https:\/\/arquivo.pedroleopoldo.mg.gov.br\/index.php?rest_route=\/wp\/v2\/users\/1"}],"replies":[{"embeddable":true,"href":"https:\/\/arquivo.pedroleopoldo.mg.gov.br\/index.php?rest_route=%2Fwp%2Fv2%2Fcomments&post=20550"}],"version-history":[{"count":0,"href":"https:\/\/arquivo.pedroleopoldo.mg.gov.br\/index.php?rest_route=\/wp\/v2\/posts\/20550\/revisions"}],"wp:featuredmedia":[{"embeddable":true,"href":"https:\/\/arquivo.pedroleopoldo.mg.gov.br\/index.php?rest_route=\/wp\/v2\/media\/20551"}],"wp:attachment":[{"href":"https:\/\/arquivo.pedroleopoldo.mg.gov.br\/index.php?rest_route=%2Fwp%2Fv2%2Fmedia&parent=20550"}],"wp:term":[{"taxonomy":"category","embeddable":true,"href":"https:\/\/arquivo.pedroleopoldo.mg.gov.br\/index.php?rest_route=%2Fwp%2Fv2%2Fcategories&post=20550"},{"taxonomy":"post_tag","embeddable":true,"href":"https:\/\/arquivo.pedroleopoldo.mg.gov.br\/index.php?rest_route=%2Fwp%2Fv2%2Ftags&post=20550"}],"curies":[{"name":"wp","href":"https:\/\/api.w.org\/{rel}","templated":true}]}}