{"id":20517,"date":"2022-04-25T15:23:51","date_gmt":"2022-04-25T18:23:51","guid":{"rendered":"http:\/\/pedroleopoldo.mg.gov.br\/?p=20517"},"modified":"2022-04-25T15:23:55","modified_gmt":"2022-04-25T18:23:55","slug":"prefeitura-de-pedro-leopoldo-promove-fim-de-semana-de-atracoes-em-comemoracao-ao-dia-do-trabalhador","status":"publish","type":"post","link":"https:\/\/arquivo.pedroleopoldo.mg.gov.br\/?p=20517","title":{"rendered":"Prefeitura de Pedro Leopoldo promove fim de semana de atra\u00e7\u00f5es em comemora\u00e7\u00e3o ao Dia do Trabalhador"},"content":{"rendered":"\n<p><em>Centro e Regi\u00e3o Norte receber\u00e3o eventos para celebrar o dia 1\u00ba de Maio<\/em><\/p>\n\n\n\n<p>Aos poucos, com a redu\u00e7\u00e3o significativa dos n\u00fameros relativos \u00e0 pandemia no Brasil, os eventos est\u00e3o voltando a acontecer. E a Prefeitura de Pedro Leopoldo, atrav\u00e9s da Secretaria Municipal de Cultura, arrega\u00e7ou as mangas e j\u00e1 tem no planejamento muito entretenimento para a popula\u00e7\u00e3o, trazendo de volta a esperan\u00e7a e a alegria do conv\u00edvio social. Ap\u00f3s o retorno em grande estilo da tradicional Feirinha, agora \u00e9 a vez da Festa do Trabalhador, que ser\u00e1 descentralizada, para atingir todos os p\u00fablicos.<\/p>\n\n\n\n<p>O fim de semana recheado de atra\u00e7\u00f5es come\u00e7a na sexta-feira, dia 29, \u00e0s 20 horas, em Lagoa de Santo Ant\u00f4nio, com shows de Laysa Valadares, Z\u00e9 Fl\u00e1vio, Jair Explos\u00e3o do Forr\u00f3, Z\u00e9 Carlos e Jadir e Wanderley Dias. O palco da festividade na regi\u00e3o Norte ficar\u00e1 na Avenida Carlos Bernardino Pereira, que fica localizada entre as ruas Esp\u00edrito Santo e Joaquim Vieira. J\u00e1 no s\u00e1bado, dia 30, a valorosa Orquestra Sinf\u00f4nica Cachoeira Grande se apresenta na Pra\u00e7a da Esta\u00e7\u00e3o, a partir das 21 horas, em um belo concerto ao lado da banda Outubro Vermelho.<\/p>\n\n\n\n<p>Encerrando as festividades, tem mais comemora\u00e7\u00e3o no domingo, dia 1\u00ba de maio. Durante a Feirinha de Artesanatos e Comidas T\u00edpicas de Pedro Leopoldo, tamb\u00e9m na Pra\u00e7a da Esta\u00e7\u00e3o, haver\u00e1 a participa\u00e7\u00e3o especial da Banda 1 dos 3, al\u00e9m de brinquedos para as crian\u00e7as e gastronomia da melhor qualidade.<\/p>\n\n\n\n<p>A Prefeita Eloisa comemorou o retorno das festividades, refor\u00e7ando a necessidade da responsabilidade com que o evento est\u00e1 sendo realizado. \u201cPreparamos, junto \u00e0 Secretaria de Cultura, uma linda festa para a popula\u00e7\u00e3o, com muitas atra\u00e7\u00f5es, mas tamb\u00e9m com muita responsabilidade e seguran\u00e7a. E temos que celebrar esta data t\u00e3o importante, j\u00e1 que o dia 1\u00ba de maio passou a ser lembrado como uma homenagem \u00e0 coragem e persist\u00eancia daqueles que exigiram os direitos e benef\u00edcios que hoje podemos usufruir. E gra\u00e7as a Deus, com esse maldito v\u00edrus sendo vencido pela vacina\u00e7\u00e3o da popula\u00e7\u00e3o, podemos voltar a comemorar grandes datas como deve ser, com muita alegria. Prestigiem, tudo foi feito\u00a0com muito capricho para voc\u00ea e sua fam\u00edlia!\u201d, convidou a Prefeita Eloisa Helena.<\/p>\n\n\n\n<h4 class=\"wp-block-heading\"><strong>Confira a programa\u00e7\u00e3o a seguir e prestigie! <\/strong><\/h4>\n\n\n\n<figure class=\"wp-block-gallery columns-1 is-cropped wp-block-gallery-1 is-layout-flex wp-block-gallery-is-layout-flex\"><ul class=\"blocks-gallery-grid\"><li class=\"blocks-gallery-item\"><figure><img decoding=\"async\" loading=\"lazy\" width=\"1024\" height=\"1024\" src=\"http:\/\/pedroleopoldo.mg.gov.br\/wp-content\/uploads\/2022\/04\/WhatsApp-Image-2022-04-25-at-13.06.03-1024x1024.jpeg\" alt=\"\" data-id=\"20518\" data-full-url=\"http:\/\/pedroleopoldo.mg.gov.br\/wp-content\/uploads\/2022\/04\/WhatsApp-Image-2022-04-25-at-13.06.03.jpeg\" data-link=\"http:\/\/pedroleopoldo.mg.gov.br\/?attachment_id=20518\" class=\"wp-image-20518\" srcset=\"https:\/\/arquivo.pedroleopoldo.mg.gov.br\/wp-content\/uploads\/2022\/04\/WhatsApp-Image-2022-04-25-at-13.06.03-1024x1024.jpeg 1024w, https:\/\/arquivo.pedroleopoldo.mg.gov.br\/wp-content\/uploads\/2022\/04\/WhatsApp-Image-2022-04-25-at-13.06.03-300x300.jpeg 300w, https:\/\/arquivo.pedroleopoldo.mg.gov.br\/wp-content\/uploads\/2022\/04\/WhatsApp-Image-2022-04-25-at-13.06.03-150x150.jpeg 150w, https:\/\/arquivo.pedroleopoldo.mg.gov.br\/wp-content\/uploads\/2022\/04\/WhatsApp-Image-2022-04-25-at-13.06.03-768x768.jpeg 768w, https:\/\/arquivo.pedroleopoldo.mg.gov.br\/wp-content\/uploads\/2022\/04\/WhatsApp-Image-2022-04-25-at-13.06.03.jpeg 1080w\" sizes=\"(max-width: 1024px) 100vw, 1024px\" \/><\/figure><\/li><\/ul><\/figure>\n\n\n\n<figure class=\"wp-block-image size-large\"><img decoding=\"async\" loading=\"lazy\" width=\"1024\" height=\"1024\" src=\"http:\/\/pedroleopoldo.mg.gov.br\/wp-content\/uploads\/2022\/04\/WhatsApp-Image-2022-04-25-at-13.05.58-1024x1024.jpeg\" alt=\"\" class=\"wp-image-20519\" srcset=\"https:\/\/arquivo.pedroleopoldo.mg.gov.br\/wp-content\/uploads\/2022\/04\/WhatsApp-Image-2022-04-25-at-13.05.58-1024x1024.jpeg 1024w, https:\/\/arquivo.pedroleopoldo.mg.gov.br\/wp-content\/uploads\/2022\/04\/WhatsApp-Image-2022-04-25-at-13.05.58-300x300.jpeg 300w, https:\/\/arquivo.pedroleopoldo.mg.gov.br\/wp-content\/uploads\/2022\/04\/WhatsApp-Image-2022-04-25-at-13.05.58-150x150.jpeg 150w, https:\/\/arquivo.pedroleopoldo.mg.gov.br\/wp-content\/uploads\/2022\/04\/WhatsApp-Image-2022-04-25-at-13.05.58-768x768.jpeg 768w, https:\/\/arquivo.pedroleopoldo.mg.gov.br\/wp-content\/uploads\/2022\/04\/WhatsApp-Image-2022-04-25-at-13.05.58.jpeg 1080w\" sizes=\"(max-width: 1024px) 100vw, 1024px\" \/><\/figure>\n","protected":false},"excerpt":{"rendered":"<p>Centro e Regi\u00e3o Norte receber\u00e3o eventos para celebrar o dia 1\u00ba de Maio Aos poucos, com a redu\u00e7\u00e3o significativa dos n\u00fameros relativos \u00e0 pandemia no Brasil, os eventos est\u00e3o voltando a acontecer. E a Prefeitura de Pedro Leopoldo, atrav\u00e9s da Secretaria Municipal de Cultura, arrega\u00e7ou as mangas e j\u00e1 tem no planejamento muito entretenimento para &hellip; <a href=\"https:\/\/arquivo.pedroleopoldo.mg.gov.br\/?p=20517\" class=\"more-link\">Continuar lendo <span class=\"screen-reader-text\">Prefeitura de Pedro Leopoldo promove fim de semana de atra\u00e7\u00f5es em comemora\u00e7\u00e3o ao Dia do Trabalhador<\/span><\/a><\/p>\n","protected":false},"author":1,"featured_media":20520,"comment_status":"closed","ping_status":"closed","sticky":false,"template":"","format":"standard","meta":{"footnotes":""},"categories":[4],"tags":[],"_links":{"self":[{"href":"https:\/\/arquivo.pedroleopoldo.mg.gov.br\/index.php?rest_route=\/wp\/v2\/posts\/20517"}],"collection":[{"href":"https:\/\/arquivo.pedroleopoldo.mg.gov.br\/index.php?rest_route=\/wp\/v2\/posts"}],"about":[{"href":"https:\/\/arquivo.pedroleopoldo.mg.gov.br\/index.php?rest_route=\/wp\/v2\/types\/post"}],"author":[{"embeddable":true,"href":"https:\/\/arquivo.pedroleopoldo.mg.gov.br\/index.php?rest_route=\/wp\/v2\/users\/1"}],"replies":[{"embeddable":true,"href":"https:\/\/arquivo.pedroleopoldo.mg.gov.br\/index.php?rest_route=%2Fwp%2Fv2%2Fcomments&post=20517"}],"version-history":[{"count":0,"href":"https:\/\/arquivo.pedroleopoldo.mg.gov.br\/index.php?rest_route=\/wp\/v2\/posts\/20517\/revisions"}],"wp:featuredmedia":[{"embeddable":true,"href":"https:\/\/arquivo.pedroleopoldo.mg.gov.br\/index.php?rest_route=\/wp\/v2\/media\/20520"}],"wp:attachment":[{"href":"https:\/\/arquivo.pedroleopoldo.mg.gov.br\/index.php?rest_route=%2Fwp%2Fv2%2Fmedia&parent=20517"}],"wp:term":[{"taxonomy":"category","embeddable":true,"href":"https:\/\/arquivo.pedroleopoldo.mg.gov.br\/index.php?rest_route=%2Fwp%2Fv2%2Fcategories&post=20517"},{"taxonomy":"post_tag","embeddable":true,"href":"https:\/\/arquivo.pedroleopoldo.mg.gov.br\/index.php?rest_route=%2Fwp%2Fv2%2Ftags&post=20517"}],"curies":[{"name":"wp","href":"https:\/\/api.w.org\/{rel}","templated":true}]}}