{"id":20458,"date":"2022-04-13T12:01:42","date_gmt":"2022-04-13T15:01:42","guid":{"rendered":"http:\/\/pedroleopoldo.mg.gov.br\/?p=20458"},"modified":"2022-04-13T15:40:00","modified_gmt":"2022-04-13T18:40:00","slug":"eloisa-helena-entrega-onibus-para-a-apae-de-pedro-leopoldo","status":"publish","type":"post","link":"https:\/\/arquivo.pedroleopoldo.mg.gov.br\/?p=20458","title":{"rendered":"Prefeitura entrega \u00f4nibus para a APAE de Pedro Leopoldo"},"content":{"rendered":"\n<p><em>A aquisi\u00e7\u00e3o do \u00f4nibus se trata de uma emenda parlamentar que foi complementada pela prefeitura com uma contrapartida de cerca de 50 mil reais<\/em><\/p>\n\n\n\n<p>Na tarde da \u00faltima ter\u00e7a-feira, 12 de abril, a Prefeitura, atrav\u00e9s das chefes do executivo, Eloisa Helena e Ana Paula Santos, entregou de um \u00f4nibus para a APAE de Pedro Leopoldo. O ve\u00edculo vai atender e suprir as necessidades das pessoas com defici\u00eancia que necessitam da utiliza\u00e7\u00e3o deste meio de transporte.<\/p>\n\n\n\n<p>O \u00f4nibus adquirido atrav\u00e9s de uma emenda do deputado Marcelo Aro teve uma contrapartida de quase R$50 mil reais do Governo Municipal.<\/p>\n\n\n\n<p>A presidente da APAE, F\u00e1tima Lana, comemorou mais uma conquista. \u201c\u00c9 com muita satisfa\u00e7\u00e3o que recebemos este \u00f4nibus! Era uma emenda do ano de 2019 que acabou ficando defasada e houve, ent\u00e3o, a necessidade da Prefeitura completar o valor para a aquisi\u00e7\u00e3o. Fica nossa gratid\u00e3o ao executivo\u201d, afirmou F\u00e1tima.<\/p>\n\n\n\n<p>De acordo com a Secret\u00e1ria de Desenvolvimento Social, Viviane Sena, a entrega foi realizada agora devido \u00e0 greve da Pol\u00edcia Civil de Minas Gerais, o que acabou atrasando a emiss\u00e3o dos documentos. \u201cEra invi\u00e1vel que entreg\u00e1ssemos um ve\u00edculo sem documenta\u00e7\u00e3o para circular com os alunos da institui\u00e7\u00e3o. Ent\u00e3o, pensando na seguran\u00e7a e no que \u00e9 legal, esperamos a emiss\u00e3o do documento para a entrega da chave do ve\u00edculo\u201d, disse Viviane Sena.&nbsp;<\/p>\n\n\n\n<p>A Prefeita Eloisa Helena vibrou ao realizar a entrega. \u201cHoje \u00e9 um dia importante! \u00c9 muito gratificante estar aqui com a presidente da APAE, a F\u00e1tima, entregando este \u00f4nibus. Ve\u00edculo este que foi adquirido com a contribui\u00e7\u00e3o de emenda do deputado Marcelo Aro, que por quest\u00f5es de agenda n\u00e3o conseguiu estar aqui conosco, mas fica registrada nossa gratid\u00e3o\u201d, disse.<\/p>\n\n\n\n<p>O ve\u00edculo \u00e9 zero km, possui 20 lugares e est\u00e1 totalmente equipado.<\/p>\n\n\n\n<figure class=\"wp-block-image size-large\"><img decoding=\"async\" loading=\"lazy\" width=\"768\" height=\"1024\" src=\"http:\/\/pedroleopoldo.mg.gov.br\/wp-content\/uploads\/2022\/04\/WhatsApp-Image-2022-04-13-at-10.21.12-768x1024.jpeg\" alt=\"\" class=\"wp-image-20471\" srcset=\"https:\/\/arquivo.pedroleopoldo.mg.gov.br\/wp-content\/uploads\/2022\/04\/WhatsApp-Image-2022-04-13-at-10.21.12-768x1024.jpeg 768w, https:\/\/arquivo.pedroleopoldo.mg.gov.br\/wp-content\/uploads\/2022\/04\/WhatsApp-Image-2022-04-13-at-10.21.12-225x300.jpeg 225w, https:\/\/arquivo.pedroleopoldo.mg.gov.br\/wp-content\/uploads\/2022\/04\/WhatsApp-Image-2022-04-13-at-10.21.12-1152x1536.jpeg 1152w, https:\/\/arquivo.pedroleopoldo.mg.gov.br\/wp-content\/uploads\/2022\/04\/WhatsApp-Image-2022-04-13-at-10.21.12.jpeg 1200w\" sizes=\"(max-width: 768px) 100vw, 768px\" \/><\/figure>\n\n\n\n<figure class=\"wp-block-image size-large\"><img decoding=\"async\" loading=\"lazy\" width=\"768\" height=\"1024\" src=\"http:\/\/pedroleopoldo.mg.gov.br\/wp-content\/uploads\/2022\/04\/WhatsApp-Image-2022-04-13-at-10.21.07-768x1024.jpeg\" alt=\"\" class=\"wp-image-20464\" srcset=\"https:\/\/arquivo.pedroleopoldo.mg.gov.br\/wp-content\/uploads\/2022\/04\/WhatsApp-Image-2022-04-13-at-10.21.07-768x1024.jpeg 768w, https:\/\/arquivo.pedroleopoldo.mg.gov.br\/wp-content\/uploads\/2022\/04\/WhatsApp-Image-2022-04-13-at-10.21.07-225x300.jpeg 225w, https:\/\/arquivo.pedroleopoldo.mg.gov.br\/wp-content\/uploads\/2022\/04\/WhatsApp-Image-2022-04-13-at-10.21.07-1152x1536.jpeg 1152w, https:\/\/arquivo.pedroleopoldo.mg.gov.br\/wp-content\/uploads\/2022\/04\/WhatsApp-Image-2022-04-13-at-10.21.07.jpeg 1200w\" sizes=\"(max-width: 768px) 100vw, 768px\" \/><\/figure>\n\n\n\n<figure class=\"wp-block-image size-large\"><img decoding=\"async\" loading=\"lazy\" width=\"1024\" height=\"768\" src=\"http:\/\/pedroleopoldo.mg.gov.br\/wp-content\/uploads\/2022\/04\/WhatsApp-Image-2022-04-13-at-10.21.08-1024x768.jpeg\" alt=\"\" class=\"wp-image-20465\" srcset=\"https:\/\/arquivo.pedroleopoldo.mg.gov.br\/wp-content\/uploads\/2022\/04\/WhatsApp-Image-2022-04-13-at-10.21.08-1024x768.jpeg 1024w, https:\/\/arquivo.pedroleopoldo.mg.gov.br\/wp-content\/uploads\/2022\/04\/WhatsApp-Image-2022-04-13-at-10.21.08-300x225.jpeg 300w, https:\/\/arquivo.pedroleopoldo.mg.gov.br\/wp-content\/uploads\/2022\/04\/WhatsApp-Image-2022-04-13-at-10.21.08-768x576.jpeg 768w, https:\/\/arquivo.pedroleopoldo.mg.gov.br\/wp-content\/uploads\/2022\/04\/WhatsApp-Image-2022-04-13-at-10.21.08-1536x1152.jpeg 1536w, https:\/\/arquivo.pedroleopoldo.mg.gov.br\/wp-content\/uploads\/2022\/04\/WhatsApp-Image-2022-04-13-at-10.21.08.jpeg 1600w\" sizes=\"(max-width: 1024px) 100vw, 1024px\" \/><\/figure>\n\n\n\n<figure class=\"wp-block-image size-large\"><img decoding=\"async\" loading=\"lazy\" width=\"768\" height=\"1024\" src=\"http:\/\/pedroleopoldo.mg.gov.br\/wp-content\/uploads\/2022\/04\/WhatsApp-Image-2022-04-13-at-10.21.09-1-768x1024.jpeg\" alt=\"\" class=\"wp-image-20466\" srcset=\"https:\/\/arquivo.pedroleopoldo.mg.gov.br\/wp-content\/uploads\/2022\/04\/WhatsApp-Image-2022-04-13-at-10.21.09-1-768x1024.jpeg 768w, https:\/\/arquivo.pedroleopoldo.mg.gov.br\/wp-content\/uploads\/2022\/04\/WhatsApp-Image-2022-04-13-at-10.21.09-1-225x300.jpeg 225w, https:\/\/arquivo.pedroleopoldo.mg.gov.br\/wp-content\/uploads\/2022\/04\/WhatsApp-Image-2022-04-13-at-10.21.09-1-1152x1536.jpeg 1152w, https:\/\/arquivo.pedroleopoldo.mg.gov.br\/wp-content\/uploads\/2022\/04\/WhatsApp-Image-2022-04-13-at-10.21.09-1.jpeg 1200w\" sizes=\"(max-width: 768px) 100vw, 768px\" \/><\/figure>\n\n\n\n<figure class=\"wp-block-image size-large\"><img decoding=\"async\" loading=\"lazy\" width=\"768\" height=\"1024\" src=\"http:\/\/pedroleopoldo.mg.gov.br\/wp-content\/uploads\/2022\/04\/WhatsApp-Image-2022-04-13-at-10.21.14-1-768x1024.jpeg\" alt=\"\" class=\"wp-image-20474\" srcset=\"https:\/\/arquivo.pedroleopoldo.mg.gov.br\/wp-content\/uploads\/2022\/04\/WhatsApp-Image-2022-04-13-at-10.21.14-1-768x1024.jpeg 768w, https:\/\/arquivo.pedroleopoldo.mg.gov.br\/wp-content\/uploads\/2022\/04\/WhatsApp-Image-2022-04-13-at-10.21.14-1-225x300.jpeg 225w, https:\/\/arquivo.pedroleopoldo.mg.gov.br\/wp-content\/uploads\/2022\/04\/WhatsApp-Image-2022-04-13-at-10.21.14-1-1152x1536.jpeg 1152w, https:\/\/arquivo.pedroleopoldo.mg.gov.br\/wp-content\/uploads\/2022\/04\/WhatsApp-Image-2022-04-13-at-10.21.14-1.jpeg 1200w\" sizes=\"(max-width: 768px) 100vw, 768px\" \/><\/figure>\n\n\n\n<figure class=\"wp-block-image size-large\"><img decoding=\"async\" loading=\"lazy\" width=\"1024\" height=\"768\" src=\"http:\/\/pedroleopoldo.mg.gov.br\/wp-content\/uploads\/2022\/04\/WhatsApp-Image-2022-04-13-at-10.21.14-2-1024x768.jpeg\" alt=\"\" class=\"wp-image-20475\" srcset=\"https:\/\/arquivo.pedroleopoldo.mg.gov.br\/wp-content\/uploads\/2022\/04\/WhatsApp-Image-2022-04-13-at-10.21.14-2-1024x768.jpeg 1024w, https:\/\/arquivo.pedroleopoldo.mg.gov.br\/wp-content\/uploads\/2022\/04\/WhatsApp-Image-2022-04-13-at-10.21.14-2-300x225.jpeg 300w, https:\/\/arquivo.pedroleopoldo.mg.gov.br\/wp-content\/uploads\/2022\/04\/WhatsApp-Image-2022-04-13-at-10.21.14-2-768x576.jpeg 768w, https:\/\/arquivo.pedroleopoldo.mg.gov.br\/wp-content\/uploads\/2022\/04\/WhatsApp-Image-2022-04-13-at-10.21.14-2-1536x1152.jpeg 1536w, https:\/\/arquivo.pedroleopoldo.mg.gov.br\/wp-content\/uploads\/2022\/04\/WhatsApp-Image-2022-04-13-at-10.21.14-2.jpeg 1600w\" sizes=\"(max-width: 1024px) 100vw, 1024px\" \/><\/figure>\n\n\n\n<p><a href=\"https:\/\/www.instagram.com\/reel\/CcRDQ04jQQ9\/?utm_source=ig_web_copy_link\">https:\/\/www.instagram.com\/reel\/CcRDQ04jQQ9\/?utm_source=ig_web_copy_link<\/a><\/p>\n","protected":false},"excerpt":{"rendered":"<p>A aquisi\u00e7\u00e3o do \u00f4nibus se trata de uma emenda parlamentar que foi complementada pela prefeitura com uma contrapartida de cerca de 50 mil reais Na tarde da \u00faltima ter\u00e7a-feira, 12 de abril, a Prefeitura, atrav\u00e9s das chefes do executivo, Eloisa Helena e Ana Paula Santos, entregou de um \u00f4nibus para a APAE de Pedro Leopoldo. &hellip; <a href=\"https:\/\/arquivo.pedroleopoldo.mg.gov.br\/?p=20458\" class=\"more-link\">Continuar lendo <span class=\"screen-reader-text\">Prefeitura entrega \u00f4nibus para a APAE de Pedro Leopoldo<\/span><\/a><\/p>\n","protected":false},"author":1,"featured_media":20462,"comment_status":"closed","ping_status":"closed","sticky":false,"template":"","format":"standard","meta":{"footnotes":""},"categories":[4],"tags":[],"_links":{"self":[{"href":"https:\/\/arquivo.pedroleopoldo.mg.gov.br\/index.php?rest_route=\/wp\/v2\/posts\/20458"}],"collection":[{"href":"https:\/\/arquivo.pedroleopoldo.mg.gov.br\/index.php?rest_route=\/wp\/v2\/posts"}],"about":[{"href":"https:\/\/arquivo.pedroleopoldo.mg.gov.br\/index.php?rest_route=\/wp\/v2\/types\/post"}],"author":[{"embeddable":true,"href":"https:\/\/arquivo.pedroleopoldo.mg.gov.br\/index.php?rest_route=\/wp\/v2\/users\/1"}],"replies":[{"embeddable":true,"href":"https:\/\/arquivo.pedroleopoldo.mg.gov.br\/index.php?rest_route=%2Fwp%2Fv2%2Fcomments&post=20458"}],"version-history":[{"count":0,"href":"https:\/\/arquivo.pedroleopoldo.mg.gov.br\/index.php?rest_route=\/wp\/v2\/posts\/20458\/revisions"}],"wp:featuredmedia":[{"embeddable":true,"href":"https:\/\/arquivo.pedroleopoldo.mg.gov.br\/index.php?rest_route=\/wp\/v2\/media\/20462"}],"wp:attachment":[{"href":"https:\/\/arquivo.pedroleopoldo.mg.gov.br\/index.php?rest_route=%2Fwp%2Fv2%2Fmedia&parent=20458"}],"wp:term":[{"taxonomy":"category","embeddable":true,"href":"https:\/\/arquivo.pedroleopoldo.mg.gov.br\/index.php?rest_route=%2Fwp%2Fv2%2Fcategories&post=20458"},{"taxonomy":"post_tag","embeddable":true,"href":"https:\/\/arquivo.pedroleopoldo.mg.gov.br\/index.php?rest_route=%2Fwp%2Fv2%2Ftags&post=20458"}],"curies":[{"name":"wp","href":"https:\/\/api.w.org\/{rel}","templated":true}]}}