{"id":20256,"date":"2022-03-31T12:21:11","date_gmt":"2022-03-31T15:21:11","guid":{"rendered":"http:\/\/pedroleopoldo.mg.gov.br\/?p=20256"},"modified":"2026-03-20T16:24:13","modified_gmt":"2026-03-20T19:24:13","slug":"edital-de-processo-seletivo-01-2022-para-agente-comunitario-de-saude-e-agente-de-combate-a-endemias","status":"publish","type":"post","link":"https:\/\/arquivo.pedroleopoldo.mg.gov.br\/?p=20256","title":{"rendered":"PROCESSO SELETIVO 01\/2022 para Agente Comunit\u00e1rio de Sa\u00fade e Agente de Combate a Endemias"},"content":{"rendered":"\n<p>Por aqui voc\u00ea encontra todo andamento do Processo, role at\u00e9 o fim da p\u00e1gina e confira. <\/p>\n\n\n\n<h2 class=\"wp-block-heading\"><strong>002\/2023&nbsp; Agente de Combate a Endemias&nbsp;<\/strong><\/h2>\n\n\n<a href=\"https:\/\/arquivo.pedroleopoldo.mg.gov.br\/wp-content\/uploads\/2022\/03\/Edital-002-2023.pdf\" class=\"pdfemb-viewer\" style=\"\" data-width=\"max\" data-height=\"max\" data-toolbar=\"both\" data-toolbar-fixed=\"on\">Edital-002-2023<\/a>\n<p class=\"wp-block-pdfemb-pdf-embedder-viewer\"><\/p>\n\n\n\n<h2 class=\"wp-block-heading\"><strong>Agente de Combate a Endemias &#8211; Regi\u00e3o 1 Central<\/strong><\/h2>\n\n\n<a href=\"https:\/\/arquivo.pedroleopoldo.mg.gov.br\/wp-content\/uploads\/2022\/03\/Edital-01-3.pdf\" class=\"pdfemb-viewer\" style=\"\" data-width=\"max\" data-height=\"max\" data-toolbar=\"both\" data-toolbar-fixed=\"on\">Edital-01-3<\/a>\n<p class=\"wp-block-pdfemb-pdf-embedder-viewer\"><\/p>\n\n\n\n<h2 class=\"wp-block-heading\">&nbsp; 1\u00aa ETAPA \u2013 CURSO INTRODUT\u00d3RIO PARA AGENTE COMUNIT\u00c1RIO DE SA\u00daDE OU AGENTE DE COMBATE \u00c0S ENDEMIAS&nbsp;<\/h2>\n\n\n<a href=\"https:\/\/arquivo.pedroleopoldo.mg.gov.br\/wp-content\/uploads\/2022\/03\/CONVOCA\u00c7\u00c3O-CURSO-INTRODUT\u00d3RIO.pdf\" class=\"pdfemb-viewer\" style=\"\" data-width=\"max\" data-height=\"max\" data-toolbar=\"both\" data-toolbar-fixed=\"on\">CONVOCA\u00c7\u00c3O-CURSO-INTRODUT\u00d3RIO<\/a>\n<p class=\"wp-block-pdfemb-pdf-embedder-viewer\"><\/p>\n\n\n\n<h2 class=\"wp-block-heading\">Comunicado<\/h2>\n\n\n<a href=\"https:\/\/arquivo.pedroleopoldo.mg.gov.br\/wp-content\/uploads\/2022\/03\/Comunicado-Edital-n\u00ba-01-2022_ACS-e-ACE.pdf\" class=\"pdfemb-viewer\" style=\"\" data-width=\"max\" data-height=\"max\" data-toolbar=\"both\" data-toolbar-fixed=\"on\">Comunicado-Edital-n\u00ba-01-2022_ACS-e-ACE<\/a>\n<p class=\"wp-block-pdfemb-pdf-embedder-viewer\"><\/p>\n\n\n\n<p><strong>Convoca\u00e7\u00e3o &#8211; Teste Psicol\u00f3gico ACS e ACE<\/strong><\/p>\n\n\n<a href=\"https:\/\/arquivo.pedroleopoldo.mg.gov.br\/wp-content\/uploads\/2022\/03\/PEDRO-LEOPOLDO-CONVOCA\u00c7\u00c3O-CONVOCA\u00c7\u00c3O-TESTE-PSICOL\u00d3GICO.pdf\" class=\"pdfemb-viewer\" style=\"\" data-width=\"max\" data-height=\"max\" data-toolbar=\"both\" data-toolbar-fixed=\"on\">PEDRO-LEOPOLDO-CONVOCA\u00c7\u00c3O-CONVOCA\u00c7\u00c3O-TESTE-PSICOL\u00d3GICO<\/a>\n<p class=\"wp-block-pdfemb-pdf-embedder-viewer\"><\/p>\n\n\n\n<p>A Prefeitura Municipal de&nbsp;Pedro&nbsp;Leopoldo\/MG, torna p\u00fablica a Errata n\u00ba 03 do Edital PS 001\/2022. Inf.:&nbsp;<a rel=\"noreferrer noopener\" href=\"https:\/\/portal.seap.selecao.site\/\" target=\"_blank\">https:\/\/portal.seap.selecao.site\/<\/a>&#8220;<\/p>\n\n\n\n<h2 class=\"wp-block-heading\">Resultado das Provas de Teste de Aptid\u00e3o F\u00edsica e Provas Pr\u00e1ticas<\/h2>\n\n\n<a href=\"https:\/\/arquivo.pedroleopoldo.mg.gov.br\/wp-content\/uploads\/2022\/03\/Resultado-das-Provas-Objetivas-Teste-de-Aptid\u00e3o-F\u00edsica-e-Provas-Pr\u00e1ticas-em-21-de-junho-de-2022.pdf\" class=\"pdfemb-viewer\" style=\"\" data-width=\"max\" data-height=\"max\" data-toolbar=\"both\" data-toolbar-fixed=\"on\">Resultado-das-Provas-Objetivas-Teste-de-Aptid\u00e3o-F\u00edsica-e-Provas-Pr\u00e1ticas-em-21-de-junho-de-2022<\/a>\n<p class=\"wp-block-pdfemb-pdf-embedder-viewer\"><\/p>\n\n\n\n<h2 class=\"wp-block-heading\">Formul\u00e1rio de Recurso<\/h2>\n\n\n<a href=\"https:\/\/arquivo.pedroleopoldo.mg.gov.br\/wp-content\/uploads\/2022\/03\/FORMULARIO-DE-RECURSO-_1_.pdf\" class=\"pdfemb-viewer\" style=\"\" data-width=\"max\" data-height=\"max\" data-toolbar=\"both\" data-toolbar-fixed=\"on\">FORMULARIO-DE-RECURSO-_1_<\/a>\n<p class=\"wp-block-pdfemb-pdf-embedder-viewer\"><\/p>\n\n\n\n<p><strong>Convoca\u00e7\u00e3o para Teste F\u00edsico<\/strong><\/p>\n\n\n<a href=\"https:\/\/arquivo.pedroleopoldo.mg.gov.br\/wp-content\/uploads\/2022\/03\/PEDRO-LEOPOLDO-CONVOCA\u00c7\u00c3O-TESTE-DE-APTID\u00c3O-F\u00cdSICA-E-PR\u00c1TICA-12-06-2022.pdf\" class=\"pdfemb-viewer\" style=\"\" data-width=\"max\" data-height=\"max\" data-toolbar=\"both\" data-toolbar-fixed=\"on\">PEDRO-LEOPOLDO-CONVOCA\u00c7\u00c3O-TESTE-DE-APTID\u00c3O-F\u00cdSICA-E-PR\u00c1TICA-12-06-2022<\/a>\n<p class=\"wp-block-pdfemb-pdf-embedder-viewer\"><\/p>\n\n\n\n<p><strong>Resultado + Julgamento de Recurso + Gabarito retificado<\/strong><\/p>\n\n\n<a href=\"https:\/\/arquivo.pedroleopoldo.mg.gov.br\/wp-content\/uploads\/2022\/03\/Resultado-das-Provas-Objetivas-em-31-de-Maio-de-2022.pdf\" class=\"pdfemb-viewer\" style=\"\" data-width=\"max\" data-height=\"max\" data-toolbar=\"both\" data-toolbar-fixed=\"on\">Resultado-das-Provas-Objetivas-em-31-de-Maio-de-2022<\/a>\n<p class=\"wp-block-pdfemb-pdf-embedder-viewer\"><\/p>\n\n\n<a href=\"https:\/\/arquivo.pedroleopoldo.mg.gov.br\/wp-content\/uploads\/2022\/03\/JULGAMENTO-DE-RECURSO.pdf\" class=\"pdfemb-viewer\" style=\"\" data-width=\"max\" data-height=\"max\" data-toolbar=\"both\" data-toolbar-fixed=\"on\">JULGAMENTO-DE-RECURSO<\/a>\n<p class=\"wp-block-pdfemb-pdf-embedder-viewer\"><\/p>\n\n\n<a href=\"https:\/\/arquivo.pedroleopoldo.mg.gov.br\/wp-content\/uploads\/2022\/03\/Gabarito-Retificado-ap\u00f3s-Julgamento-de-Recurso-em-31-de-Maio-de-2022.pdf\" class=\"pdfemb-viewer\" style=\"\" data-width=\"max\" data-height=\"max\" data-toolbar=\"both\" data-toolbar-fixed=\"on\">Gabarito-Retificado-ap\u00f3s-Julgamento-de-Recurso-em-31-de-Maio-de-2022<\/a>\n<p class=\"wp-block-pdfemb-pdf-embedder-viewer\"><\/p>\n\n\n\n<div class=\"wp-block-file\"><a href=\"https:\/\/arquivo.pedroleopoldo.mg.gov.br\/wp-content\/uploads\/2022\/06\/FORMULARIO-DE-RECURSO-01-06-2022.docx\">FORMULARIO &#8211; DE &#8211; RECURSO PARA BAIXAR<\/a><a href=\"https:\/\/arquivo.pedroleopoldo.mg.gov.br\/wp-content\/uploads\/2022\/06\/FORMULARIO-DE-RECURSO-01-06-2022.docx\" class=\"wp-block-file__button wp-element-button\" download>Baixar<\/a><\/div>\n\n\n\n<p>ERRATA N\u00ad\u00b0 03<\/p>\n\n\n<a href=\"https:\/\/arquivo.pedroleopoldo.mg.gov.br\/wp-content\/uploads\/2022\/03\/ERRATA-N\u00ba-03.pdf\" class=\"pdfemb-viewer\" style=\"\" data-width=\"max\" data-height=\"max\" data-toolbar=\"both\" data-toolbar-fixed=\"on\">ERRATA-N\u00ba-03<\/a>\n<p class=\"wp-block-pdfemb-pdf-embedder-viewer\"><\/p>\n\n\n\n<p>Edital conforme errata<\/p>\n\n\n<a href=\"https:\/\/arquivo.pedroleopoldo.mg.gov.br\/wp-content\/uploads\/2022\/03\/Edital-Pedro-Leopoldo-Conforme-Erratra-n\u00ba-03.pdf\" class=\"pdfemb-viewer\" style=\"\" data-width=\"max\" data-height=\"max\" data-toolbar=\"both\" data-toolbar-fixed=\"on\">Edital-Pedro-Leopoldo-Conforme-Erratra-n\u00ba-03<\/a>\n<p class=\"wp-block-pdfemb-pdf-embedder-viewer\"><\/p>\n\n\n\n<h2 class=\"wp-block-heading\">Gabarito + Formul\u00e1rio de Recurso <\/h2>\n\n\n<a href=\"https:\/\/arquivo.pedroleopoldo.mg.gov.br\/wp-content\/uploads\/2022\/03\/GABARITO.pdf\" class=\"pdfemb-viewer\" style=\"\" data-width=\"max\" data-height=\"max\" data-toolbar=\"both\" data-toolbar-fixed=\"on\">GABARITO<\/a>\n<p class=\"wp-block-pdfemb-pdf-embedder-viewer\"><\/p>\n\n\n<a href=\"https:\/\/arquivo.pedroleopoldo.mg.gov.br\/wp-content\/uploads\/2022\/03\/FORMULARIO-DE-RECURSO-GABARITO.pdf\" class=\"pdfemb-viewer\" style=\"\" data-width=\"max\" data-height=\"max\" data-toolbar=\"both\" data-toolbar-fixed=\"on\">FORMULARIO-DE-RECURSO-GABARITO<\/a>\n<p class=\"wp-block-pdfemb-pdf-embedder-viewer\"><\/p>\n\n\n\n<h2 class=\"wp-block-heading\">Julgamento de Recurso + Mapa de Candidatos por vaga<\/h2>\n\n\n<a href=\"https:\/\/arquivo.pedroleopoldo.mg.gov.br\/wp-content\/uploads\/2022\/03\/JULGAMENTO-DE-RECURSO-NOME-N\u00c3O-CONTA-NA-LISTA-DO-DIA-11-05.pdf\" class=\"pdfemb-viewer\" style=\"\" data-width=\"max\" data-height=\"max\" data-toolbar=\"both\" data-toolbar-fixed=\"on\">JULGAMENTO-DE-RECURSO-NOME-N\u00c3O-CONTA-NA-LISTA-DO-DIA-11-05<\/a>\n<p class=\"wp-block-pdfemb-pdf-embedder-viewer\"><\/p>\n\n\n<a href=\"https:\/\/arquivo.pedroleopoldo.mg.gov.br\/wp-content\/uploads\/2022\/03\/Mapa-de-candidatos-por-vaga-em-13-de-Maio-de-2022.pdf\" class=\"pdfemb-viewer\" style=\"\" data-width=\"max\" data-height=\"max\" data-toolbar=\"both\" data-toolbar-fixed=\"on\">Mapa-de-candidatos-por-vaga-em-13-de-Maio-de-2022<\/a>\n<p class=\"wp-block-pdfemb-pdf-embedder-viewer\"><\/p>\n\n\n<a href=\"https:\/\/arquivo.pedroleopoldo.mg.gov.br\/wp-content\/uploads\/2022\/03\/PROCESSO-SELETIVO-01-2022-ACE-e-ACS-Pedro-Leopoldo.pdf\" class=\"pdfemb-viewer\" style=\"\" data-width=\"max\" data-height=\"max\" data-toolbar=\"both\" data-toolbar-fixed=\"on\">PROCESSO-SELETIVO-01-2022-ACE-e-ACS-Pedro-Leopoldo<\/a>\n<p class=\"wp-block-pdfemb-pdf-embedder-viewer\"><\/p>\n\n\n\n<h2 class=\"wp-block-heading\">Hor\u00e1rios e Locais de Prova<\/h2>\n\n\n<a href=\"https:\/\/arquivo.pedroleopoldo.mg.gov.br\/wp-content\/uploads\/2022\/03\/LOCAL-E-HORARIO-DE-PROVAS.pdf\" class=\"pdfemb-viewer\" style=\"\" data-width=\"max\" data-height=\"max\" data-toolbar=\"both\" data-toolbar-fixed=\"on\">LOCAL-E-HORARIO-DE-PROVAS<\/a>\n<p class=\"wp-block-pdfemb-pdf-embedder-viewer\"><\/p>\n\n\n\n<h2 class=\"wp-block-heading\">Errata n\u00ba 02 &#8211; Munic\u00edpio de Pedro Leopoldo<\/h2>\n\n\n<a href=\"https:\/\/arquivo.pedroleopoldo.mg.gov.br\/wp-content\/uploads\/2022\/03\/ERRATA-N\u00ba-02.pdf\" class=\"pdfemb-viewer\" style=\"\" data-width=\"max\" data-height=\"max\" data-toolbar=\"both\" data-toolbar-fixed=\"on\">ERRATA-N\u00ba-02<\/a>\n<p class=\"wp-block-pdfemb-pdf-embedder-viewer\"><\/p>\n\n\n<a href=\"https:\/\/arquivo.pedroleopoldo.mg.gov.br\/wp-content\/uploads\/2022\/03\/ERRATA-N\u00ba-02-1.pdf\" class=\"pdfemb-viewer\" style=\"\" data-width=\"max\" data-height=\"max\" data-toolbar=\"both\" data-toolbar-fixed=\"on\">ERRATA-N\u00ba-02-1<\/a>\n<p class=\"wp-block-pdfemb-pdf-embedder-viewer\"><\/p>\n\n\n\n<h2 class=\"wp-block-heading\">ERRATA do Edital de Concurso P\u00fablico dos Agentes de Combate a Endemias e Agentes Comunit\u00e1rios de Sa\u00fade<\/h2>\n\n\n<a href=\"https:\/\/arquivo.pedroleopoldo.mg.gov.br\/wp-content\/uploads\/2022\/04\/ERRATA-.-pdf.pdf\" class=\"pdfemb-viewer\" style=\"\" data-width=\"max\" data-height=\"max\" data-toolbar=\"both\" data-toolbar-fixed=\"on\">ERRATA-.-pdf<\/a>\n<p class=\"wp-block-pdfemb-pdf-embedder-viewer\"><\/p>\n\n\n<a href=\"https:\/\/arquivo.pedroleopoldo.mg.gov.br\/wp-content\/uploads\/2022\/04\/Edital-Pedro-Leopoldo.pdf-retificado.pdf\" class=\"pdfemb-viewer\" style=\"\" data-width=\"max\" data-height=\"max\" data-toolbar=\"both\" data-toolbar-fixed=\"on\">Edital-Pedro-Leopoldo.pdf-retificado<\/a>\n<p class=\"wp-block-pdfemb-pdf-embedder-viewer\"><\/p>\n\n\n<a href=\"https:\/\/arquivo.pedroleopoldo.mg.gov.br\/wp-content\/uploads\/2022\/04\/Edital-Pedro-Leopoldo.pdf-retificado.pdf\" class=\"pdfemb-viewer\" style=\"\" data-width=\"max\" data-height=\"max\" data-toolbar=\"both\" data-toolbar-fixed=\"on\">Edital-Pedro-Leopoldo.pdf-retificado<\/a>\n<p class=\"wp-block-pdfemb-pdf-embedder-viewer\"><\/p>\n\n\n<a href=\"https:\/\/arquivo.pedroleopoldo.mg.gov.br\/wp-content\/uploads\/2022\/03\/Edital-01-2.pdf\" class=\"pdfemb-viewer\" style=\"\" data-width=\"max\" data-height=\"max\" data-toolbar=\"both\" data-toolbar-fixed=\"on\">Edital-01-2<\/a>\n<p class=\"wp-block-pdfemb-pdf-embedder-viewer\"><\/p>\n\n\n\n<p><\/p>\n","protected":false},"excerpt":{"rendered":"<p>Por aqui voc\u00ea encontra todo andamento do Processo, role at\u00e9 o fim da p\u00e1gina e confira. 002\/2023&nbsp; Agente de Combate a Endemias&nbsp; Agente de Combate a Endemias &#8211; Regi\u00e3o 1 Central &nbsp; 1\u00aa ETAPA \u2013 CURSO INTRODUT\u00d3RIO PARA AGENTE COMUNIT\u00c1RIO DE SA\u00daDE OU AGENTE DE COMBATE \u00c0S ENDEMIAS&nbsp; Comunicado Convoca\u00e7\u00e3o &#8211; Teste Psicol\u00f3gico ACS e &hellip; <a href=\"https:\/\/arquivo.pedroleopoldo.mg.gov.br\/?p=20256\" class=\"more-link\">Continuar lendo <span class=\"screen-reader-text\">PROCESSO SELETIVO 01\/2022 para Agente Comunit\u00e1rio de Sa\u00fade e Agente de Combate a Endemias<\/span><\/a><\/p>\n","protected":false},"author":1,"featured_media":0,"comment_status":"closed","ping_status":"closed","sticky":false,"template":"","format":"standard","meta":{"footnotes":""},"categories":[14],"tags":[],"_links":{"self":[{"href":"https:\/\/arquivo.pedroleopoldo.mg.gov.br\/index.php?rest_route=\/wp\/v2\/posts\/20256"}],"collection":[{"href":"https:\/\/arquivo.pedroleopoldo.mg.gov.br\/index.php?rest_route=\/wp\/v2\/posts"}],"about":[{"href":"https:\/\/arquivo.pedroleopoldo.mg.gov.br\/index.php?rest_route=\/wp\/v2\/types\/post"}],"author":[{"embeddable":true,"href":"https:\/\/arquivo.pedroleopoldo.mg.gov.br\/index.php?rest_route=\/wp\/v2\/users\/1"}],"replies":[{"embeddable":true,"href":"https:\/\/arquivo.pedroleopoldo.mg.gov.br\/index.php?rest_route=%2Fwp%2Fv2%2Fcomments&post=20256"}],"version-history":[{"count":1,"href":"https:\/\/arquivo.pedroleopoldo.mg.gov.br\/index.php?rest_route=\/wp\/v2\/posts\/20256\/revisions"}],"predecessor-version":[{"id":32044,"href":"https:\/\/arquivo.pedroleopoldo.mg.gov.br\/index.php?rest_route=\/wp\/v2\/posts\/20256\/revisions\/32044"}],"wp:attachment":[{"href":"https:\/\/arquivo.pedroleopoldo.mg.gov.br\/index.php?rest_route=%2Fwp%2Fv2%2Fmedia&parent=20256"}],"wp:term":[{"taxonomy":"category","embeddable":true,"href":"https:\/\/arquivo.pedroleopoldo.mg.gov.br\/index.php?rest_route=%2Fwp%2Fv2%2Fcategories&post=20256"},{"taxonomy":"post_tag","embeddable":true,"href":"https:\/\/arquivo.pedroleopoldo.mg.gov.br\/index.php?rest_route=%2Fwp%2Fv2%2Ftags&post=20256"}],"curies":[{"name":"wp","href":"https:\/\/api.w.org\/{rel}","templated":true}]}}