{"id":20252,"date":"2022-03-30T12:06:49","date_gmt":"2022-03-30T15:06:49","guid":{"rendered":"http:\/\/pedroleopoldo.mg.gov.br\/?p=20252"},"modified":"2022-03-30T12:06:55","modified_gmt":"2022-03-30T15:06:55","slug":"secretaria-de-saude-adere-a-programa-para-reforma-de-ubss-com-mao-de-obra-de-pessoas-privadas-de-liberdade","status":"publish","type":"post","link":"https:\/\/arquivo.pedroleopoldo.mg.gov.br\/?p=20252","title":{"rendered":"Secretaria de Sa\u00fade adere a programa para reforma de UBS\u2019s com m\u00e3o de obra de pessoas privadas de liberdade"},"content":{"rendered":"\n<p>Na tarde desta ter\u00e7a-feira, 29 de mar\u00e7o, representantes da Secretaria de Estado de Justi\u00e7a de Seguran\u00e7a P\u00fablica \u2013 SEJUSP &#8211; estiveram na Prefeitura de Pedro Leopoldo para tratar de uma pauta bastante relevante, a ades\u00e3o do Munic\u00edpio ao Programa de Revitaliza\u00e7\u00e3o de Unidades B\u00e1sicas de Sa\u00fade por meio do trabalho de Pessoas Privadas de Liberdade. A iniciativa foi apresentada ao Secret\u00e1rio Municipal de Sa\u00fade, Dr. H\u00e9lio Neri, e outros diretores da pasta, e em breve ser\u00e1 assinada entre as partes.<\/p>\n\n\n\n<p>Institu\u00eddo pela <a href=\"https:\/\/bit.ly\/2V0JgiS\" target=\"_blank\" rel=\"noreferrer noopener\">Portaria GM\/MS 1.698\/2021<\/a>, que altera a Portaria de Consolida\u00e7\u00e3o GM\/MS n\u00ba 5\/2017, o Programa permite que munic\u00edpios recuperem ou conservem equipamentos de sa\u00fade no territ\u00f3rio, com o apoio da m\u00e3o de obra de pessoas privadas de liberdade. De acordo com a legisla\u00e7\u00e3o vigente, os trabalhadores apenados devem ter idade superior a 18 anos e estar em cumprimento de pena no regime semiaberto ou aberto.<\/p>\n\n\n\n<p>Para tanto, o Minist\u00e9rio da Sa\u00fade repassar\u00e1 a munic\u00edpios que aderirem ao Programa um incentivo financeiro em car\u00e1ter de custeio, no valor de R$ 30 mil por UBS, para despesas de revitaliza\u00e7\u00e3o.<\/p>\n\n\n\n<p>Participaram da reuni\u00e3o o Secret\u00e1rio Dr. H\u00e9lio Neri, a Diretora de Sa\u00fade (Aten\u00e7\u00e3o e Vigil\u00e2ncia em Sa\u00fade), Michelli Moreno, a Diretora de Planejamento e Gest\u00e3o, Deijiane Mendes e os membros do N\u00facleo de Parcerias da Diretoria de Trabalho e Produ\u00e7\u00e3o da Secretaria de Estado de Justi\u00e7a e Seguran\u00e7a P\u00fablica, Ricardo Guimar\u00e3es e Adriano Ben\u00edcio.<\/p>\n\n\n\n<h1 class=\"wp-block-heading\"><strong>Objetivos do Programa de Revitaliza\u00e7\u00e3o de UBS<\/strong><\/h1>\n\n\n\n<ul><li>Promover, de forma eficiente, a melhoria estrutural e a revitaliza\u00e7\u00e3o dos espa\u00e7os f\u00edsicos das Unidades B\u00e1sicas de Sa\u00fade;<\/li><li>Estimular o acesso ao trabalho de pessoas privadas de liberdade, entendendo essa iniciativa como um determinante social das condi\u00e7\u00f5es de sa\u00fade e de reintegra\u00e7\u00e3o social;<\/li><li>Fortalecer a articula\u00e7\u00e3o intersetorial no \u00e2mbito do Sistema \u00danico de Sa\u00fade (SUS), em especial entre as \u00e1reas da&nbsp;<a href=\"https:\/\/aps.saude.gov.br\/ape\/pnaisp\" target=\"_blank\" rel=\"noreferrer noopener\">Sa\u00fade Prisional<\/a>&nbsp;e da administra\u00e7\u00e3o penitenci\u00e1ria.<\/li><\/ul>\n","protected":false},"excerpt":{"rendered":"<p>Na tarde desta ter\u00e7a-feira, 29 de mar\u00e7o, representantes da Secretaria de Estado de Justi\u00e7a de Seguran\u00e7a P\u00fablica \u2013 SEJUSP &#8211; estiveram na Prefeitura de Pedro Leopoldo para tratar de uma pauta bastante relevante, a ades\u00e3o do Munic\u00edpio ao Programa de Revitaliza\u00e7\u00e3o de Unidades B\u00e1sicas de Sa\u00fade por meio do trabalho de Pessoas Privadas de Liberdade. &hellip; <a href=\"https:\/\/arquivo.pedroleopoldo.mg.gov.br\/?p=20252\" class=\"more-link\">Continuar lendo <span class=\"screen-reader-text\">Secretaria de Sa\u00fade adere a programa para reforma de UBS\u2019s com m\u00e3o de obra de pessoas privadas de liberdade<\/span><\/a><\/p>\n","protected":false},"author":1,"featured_media":20253,"comment_status":"closed","ping_status":"closed","sticky":false,"template":"","format":"standard","meta":{"footnotes":""},"categories":[4],"tags":[],"_links":{"self":[{"href":"https:\/\/arquivo.pedroleopoldo.mg.gov.br\/index.php?rest_route=\/wp\/v2\/posts\/20252"}],"collection":[{"href":"https:\/\/arquivo.pedroleopoldo.mg.gov.br\/index.php?rest_route=\/wp\/v2\/posts"}],"about":[{"href":"https:\/\/arquivo.pedroleopoldo.mg.gov.br\/index.php?rest_route=\/wp\/v2\/types\/post"}],"author":[{"embeddable":true,"href":"https:\/\/arquivo.pedroleopoldo.mg.gov.br\/index.php?rest_route=\/wp\/v2\/users\/1"}],"replies":[{"embeddable":true,"href":"https:\/\/arquivo.pedroleopoldo.mg.gov.br\/index.php?rest_route=%2Fwp%2Fv2%2Fcomments&post=20252"}],"version-history":[{"count":0,"href":"https:\/\/arquivo.pedroleopoldo.mg.gov.br\/index.php?rest_route=\/wp\/v2\/posts\/20252\/revisions"}],"wp:featuredmedia":[{"embeddable":true,"href":"https:\/\/arquivo.pedroleopoldo.mg.gov.br\/index.php?rest_route=\/wp\/v2\/media\/20253"}],"wp:attachment":[{"href":"https:\/\/arquivo.pedroleopoldo.mg.gov.br\/index.php?rest_route=%2Fwp%2Fv2%2Fmedia&parent=20252"}],"wp:term":[{"taxonomy":"category","embeddable":true,"href":"https:\/\/arquivo.pedroleopoldo.mg.gov.br\/index.php?rest_route=%2Fwp%2Fv2%2Fcategories&post=20252"},{"taxonomy":"post_tag","embeddable":true,"href":"https:\/\/arquivo.pedroleopoldo.mg.gov.br\/index.php?rest_route=%2Fwp%2Fv2%2Ftags&post=20252"}],"curies":[{"name":"wp","href":"https:\/\/api.w.org\/{rel}","templated":true}]}}