{"id":20195,"date":"2022-03-25T11:33:37","date_gmt":"2022-03-25T14:33:37","guid":{"rendered":"http:\/\/pedroleopoldo.mg.gov.br\/?p=20195"},"modified":"2022-03-25T11:33:43","modified_gmt":"2022-03-25T14:33:43","slug":"encontro-com-contadores-municipais-fala-sobre-a-importancia-do-vaf","status":"publish","type":"post","link":"https:\/\/arquivo.pedroleopoldo.mg.gov.br\/?p=20195","title":{"rendered":"Encontro com contadores municipais fala sobre a import\u00e2ncia do VAF"},"content":{"rendered":"\n<p>Na manh\u00e3 desta sexta-feira, 25, a Prefeitura de Pedro Leopoldo, por meio da Secretaria de Fazenda e da Controladoria Geral do Munic\u00edpio, em parceria com a empresa de Sistema de Gest\u00e3o, Monitoramento e An\u00e1lise da Apura\u00e7\u00e3o do Valor Adicionado Fiscal, a SIGMA VAF, promoveu um \u201cCaf\u00e9 com Contadores\u201d. <\/p>\n\n\n\n<p>O objetivo foi bater um papo, apresentar ideias e informa\u00e7\u00f5es, bem como falar sobre a import\u00e2ncia do VAF dentro de Pedro Leopoldo e esclarecer d\u00favidas dos contadores. <\/p>\n\n\n\n<p>\u00c9 pelo Valor Adicionado Fiscal que se calcula o \u00edndice de participa\u00e7\u00e3o do munic\u00edpio, o mesmo que \u00e9 a cota do ICMS pertencente \u00e0s cidades. Estiveram presentes a Prefeita Eloisa Helena, a Secret\u00e1ria de Fazenda, Iara de Souza, o Secret\u00e1rio de Administra\u00e7\u00e3o Marcos Felipe e o Controlador do Munic\u00edpio, Valter Labanca. O encontro aconteceu no plen\u00e1rio da C\u00e2mara de Vereadores.<\/p>\n\n\n\n<figure class=\"wp-block-image size-large\"><img decoding=\"async\" loading=\"lazy\" width=\"1024\" height=\"768\" src=\"http:\/\/pedroleopoldo.mg.gov.br\/wp-content\/uploads\/2022\/03\/WhatsApp-Image-2022-03-25-at-09.48.45-1024x768.jpeg\" alt=\"\" class=\"wp-image-20197\" srcset=\"https:\/\/arquivo.pedroleopoldo.mg.gov.br\/wp-content\/uploads\/2022\/03\/WhatsApp-Image-2022-03-25-at-09.48.45-1024x768.jpeg 1024w, https:\/\/arquivo.pedroleopoldo.mg.gov.br\/wp-content\/uploads\/2022\/03\/WhatsApp-Image-2022-03-25-at-09.48.45-300x225.jpeg 300w, https:\/\/arquivo.pedroleopoldo.mg.gov.br\/wp-content\/uploads\/2022\/03\/WhatsApp-Image-2022-03-25-at-09.48.45-768x576.jpeg 768w, https:\/\/arquivo.pedroleopoldo.mg.gov.br\/wp-content\/uploads\/2022\/03\/WhatsApp-Image-2022-03-25-at-09.48.45-1536x1152.jpeg 1536w, https:\/\/arquivo.pedroleopoldo.mg.gov.br\/wp-content\/uploads\/2022\/03\/WhatsApp-Image-2022-03-25-at-09.48.45.jpeg 1600w\" sizes=\"(max-width: 1024px) 100vw, 1024px\" \/><\/figure>\n\n\n\n<figure class=\"wp-block-image size-large\"><img decoding=\"async\" loading=\"lazy\" width=\"1024\" height=\"768\" src=\"http:\/\/pedroleopoldo.mg.gov.br\/wp-content\/uploads\/2022\/03\/WhatsApp-Image-2022-03-25-at-09.48.46-1024x768.jpeg\" alt=\"\" class=\"wp-image-20199\" srcset=\"https:\/\/arquivo.pedroleopoldo.mg.gov.br\/wp-content\/uploads\/2022\/03\/WhatsApp-Image-2022-03-25-at-09.48.46-1024x768.jpeg 1024w, https:\/\/arquivo.pedroleopoldo.mg.gov.br\/wp-content\/uploads\/2022\/03\/WhatsApp-Image-2022-03-25-at-09.48.46-300x225.jpeg 300w, https:\/\/arquivo.pedroleopoldo.mg.gov.br\/wp-content\/uploads\/2022\/03\/WhatsApp-Image-2022-03-25-at-09.48.46-768x576.jpeg 768w, https:\/\/arquivo.pedroleopoldo.mg.gov.br\/wp-content\/uploads\/2022\/03\/WhatsApp-Image-2022-03-25-at-09.48.46-1536x1152.jpeg 1536w, https:\/\/arquivo.pedroleopoldo.mg.gov.br\/wp-content\/uploads\/2022\/03\/WhatsApp-Image-2022-03-25-at-09.48.46.jpeg 1600w\" sizes=\"(max-width: 1024px) 100vw, 1024px\" \/><\/figure>\n\n\n\n<figure class=\"wp-block-image size-large\"><img decoding=\"async\" loading=\"lazy\" width=\"1024\" height=\"768\" src=\"http:\/\/pedroleopoldo.mg.gov.br\/wp-content\/uploads\/2022\/03\/WhatsApp-Image-2022-03-25-at-09.49.20-1024x768.jpeg\" alt=\"\" class=\"wp-image-20200\" srcset=\"https:\/\/arquivo.pedroleopoldo.mg.gov.br\/wp-content\/uploads\/2022\/03\/WhatsApp-Image-2022-03-25-at-09.49.20-1024x768.jpeg 1024w, https:\/\/arquivo.pedroleopoldo.mg.gov.br\/wp-content\/uploads\/2022\/03\/WhatsApp-Image-2022-03-25-at-09.49.20-300x225.jpeg 300w, https:\/\/arquivo.pedroleopoldo.mg.gov.br\/wp-content\/uploads\/2022\/03\/WhatsApp-Image-2022-03-25-at-09.49.20-768x576.jpeg 768w, https:\/\/arquivo.pedroleopoldo.mg.gov.br\/wp-content\/uploads\/2022\/03\/WhatsApp-Image-2022-03-25-at-09.49.20-1536x1152.jpeg 1536w, https:\/\/arquivo.pedroleopoldo.mg.gov.br\/wp-content\/uploads\/2022\/03\/WhatsApp-Image-2022-03-25-at-09.49.20.jpeg 1600w\" sizes=\"(max-width: 1024px) 100vw, 1024px\" \/><\/figure>\n","protected":false},"excerpt":{"rendered":"<p>Na manh\u00e3 desta sexta-feira, 25, a Prefeitura de Pedro Leopoldo, por meio da Secretaria de Fazenda e da Controladoria Geral do Munic\u00edpio, em parceria com a empresa de Sistema de Gest\u00e3o, Monitoramento e An\u00e1lise da Apura\u00e7\u00e3o do Valor Adicionado Fiscal, a SIGMA VAF, promoveu um \u201cCaf\u00e9 com Contadores\u201d. O objetivo foi bater um papo, apresentar &hellip; <a href=\"https:\/\/arquivo.pedroleopoldo.mg.gov.br\/?p=20195\" class=\"more-link\">Continuar lendo <span class=\"screen-reader-text\">Encontro com contadores municipais fala sobre a import\u00e2ncia do VAF<\/span><\/a><\/p>\n","protected":false},"author":1,"featured_media":20196,"comment_status":"closed","ping_status":"closed","sticky":false,"template":"","format":"standard","meta":{"footnotes":""},"categories":[4],"tags":[],"_links":{"self":[{"href":"https:\/\/arquivo.pedroleopoldo.mg.gov.br\/index.php?rest_route=\/wp\/v2\/posts\/20195"}],"collection":[{"href":"https:\/\/arquivo.pedroleopoldo.mg.gov.br\/index.php?rest_route=\/wp\/v2\/posts"}],"about":[{"href":"https:\/\/arquivo.pedroleopoldo.mg.gov.br\/index.php?rest_route=\/wp\/v2\/types\/post"}],"author":[{"embeddable":true,"href":"https:\/\/arquivo.pedroleopoldo.mg.gov.br\/index.php?rest_route=\/wp\/v2\/users\/1"}],"replies":[{"embeddable":true,"href":"https:\/\/arquivo.pedroleopoldo.mg.gov.br\/index.php?rest_route=%2Fwp%2Fv2%2Fcomments&post=20195"}],"version-history":[{"count":0,"href":"https:\/\/arquivo.pedroleopoldo.mg.gov.br\/index.php?rest_route=\/wp\/v2\/posts\/20195\/revisions"}],"wp:featuredmedia":[{"embeddable":true,"href":"https:\/\/arquivo.pedroleopoldo.mg.gov.br\/index.php?rest_route=\/wp\/v2\/media\/20196"}],"wp:attachment":[{"href":"https:\/\/arquivo.pedroleopoldo.mg.gov.br\/index.php?rest_route=%2Fwp%2Fv2%2Fmedia&parent=20195"}],"wp:term":[{"taxonomy":"category","embeddable":true,"href":"https:\/\/arquivo.pedroleopoldo.mg.gov.br\/index.php?rest_route=%2Fwp%2Fv2%2Fcategories&post=20195"},{"taxonomy":"post_tag","embeddable":true,"href":"https:\/\/arquivo.pedroleopoldo.mg.gov.br\/index.php?rest_route=%2Fwp%2Fv2%2Ftags&post=20195"}],"curies":[{"name":"wp","href":"https:\/\/api.w.org\/{rel}","templated":true}]}}