{"id":20160,"date":"2022-03-24T11:05:18","date_gmt":"2022-03-24T14:05:18","guid":{"rendered":"http:\/\/pedroleopoldo.mg.gov.br\/?p=20160"},"modified":"2022-03-24T11:05:24","modified_gmt":"2022-03-24T14:05:24","slug":"prefeitura-revitaliza-area-recreativa-do-centro-de-artes-e-esportes-unificados-ceu","status":"publish","type":"post","link":"https:\/\/arquivo.pedroleopoldo.mg.gov.br\/?p=20160","title":{"rendered":"Prefeitura revitaliza \u00e1rea recreativa do Centro de Artes e Esportes Unificados \u2013 CEU"},"content":{"rendered":"\n<p><em>O local passou por manuten\u00e7\u00e3o e ficou muito mais bonito e agrad\u00e1vel para receber a popula\u00e7\u00e3o<\/em><\/p>\n\n\n\n<p>A Prefeitura de Pedro Leopoldo, por meio das Secretarias de Obras e Cultura, deu in\u00edcio a uma s\u00e9rie de melhorias no CEU, o Centro de Artes e Esportes Unificados. O local, que fica no Bairro dos Hibiscos, recebeu, na \u00faltima semana, nova pintura, valorizando o espa\u00e7o e as pessoas que o frequentam.<\/p>\n\n\n\n<p>O Gerente de Cultura, S\u00e9rgio Campolina, falou do trabalho que est\u00e1 sendo realizado e da import\u00e2ncia do espa\u00e7o para a comunidade. \u201cCome\u00e7amos com a pintura, que era um dos pontos mais urgentes. Mas outras melhorias est\u00e3o em nosso planejamento. O CEU \u00e9 um espa\u00e7o dos moradores! Estamos abertos para quem quiser oferecer seu conhecimento para a comunidade. \u00c9 muito importante que a popula\u00e7\u00e3o participe\u201d, destacou.<\/p>\n\n\n\n<p>O CEU, que foi inaugurado no ano de 2016 pela Prefeita Eloisa Helena, tem o objetivo de proporcionar acesso \u00e0 cultura, arte e esporte aos pedroleopoldenses, bem como aos turistas que o visitam. O local conta com uma quadra coberta para a realiza\u00e7\u00e3o de atividades como futebol, basquete e queimada, miniaudit\u00f3rio que serve como sala de reuni\u00f5es, apresenta\u00e7\u00f5es musicais, pe\u00e7as de teatro, capacita\u00e7\u00f5es, aulas de dan\u00e7a e outros, uma biblioteca, sala de inform\u00e1tica, pista de skate e espa\u00e7o de intera\u00e7\u00e3o.<\/p>\n\n\n\n<p>O hor\u00e1rio de funcionamento \u00e9 de segunda \u00e0 sexta de 08h \u00e0s 16h. Aos s\u00e1bados, domingos e feriados, somente os espa\u00e7os abertos funcionam, no hor\u00e1rio de 08h \u00e0s 17h.<\/p>\n","protected":false},"excerpt":{"rendered":"<p>O local passou por manuten\u00e7\u00e3o e ficou muito mais bonito e agrad\u00e1vel para receber a popula\u00e7\u00e3o A Prefeitura de Pedro Leopoldo, por meio das Secretarias de Obras e Cultura, deu in\u00edcio a uma s\u00e9rie de melhorias no CEU, o Centro de Artes e Esportes Unificados. O local, que fica no Bairro dos Hibiscos, recebeu, na &hellip; <a href=\"https:\/\/arquivo.pedroleopoldo.mg.gov.br\/?p=20160\" class=\"more-link\">Continuar lendo <span class=\"screen-reader-text\">Prefeitura revitaliza \u00e1rea recreativa do Centro de Artes e Esportes Unificados \u2013 CEU<\/span><\/a><\/p>\n","protected":false},"author":1,"featured_media":20161,"comment_status":"closed","ping_status":"closed","sticky":false,"template":"","format":"standard","meta":{"footnotes":""},"categories":[4],"tags":[],"_links":{"self":[{"href":"https:\/\/arquivo.pedroleopoldo.mg.gov.br\/index.php?rest_route=\/wp\/v2\/posts\/20160"}],"collection":[{"href":"https:\/\/arquivo.pedroleopoldo.mg.gov.br\/index.php?rest_route=\/wp\/v2\/posts"}],"about":[{"href":"https:\/\/arquivo.pedroleopoldo.mg.gov.br\/index.php?rest_route=\/wp\/v2\/types\/post"}],"author":[{"embeddable":true,"href":"https:\/\/arquivo.pedroleopoldo.mg.gov.br\/index.php?rest_route=\/wp\/v2\/users\/1"}],"replies":[{"embeddable":true,"href":"https:\/\/arquivo.pedroleopoldo.mg.gov.br\/index.php?rest_route=%2Fwp%2Fv2%2Fcomments&post=20160"}],"version-history":[{"count":0,"href":"https:\/\/arquivo.pedroleopoldo.mg.gov.br\/index.php?rest_route=\/wp\/v2\/posts\/20160\/revisions"}],"wp:featuredmedia":[{"embeddable":true,"href":"https:\/\/arquivo.pedroleopoldo.mg.gov.br\/index.php?rest_route=\/wp\/v2\/media\/20161"}],"wp:attachment":[{"href":"https:\/\/arquivo.pedroleopoldo.mg.gov.br\/index.php?rest_route=%2Fwp%2Fv2%2Fmedia&parent=20160"}],"wp:term":[{"taxonomy":"category","embeddable":true,"href":"https:\/\/arquivo.pedroleopoldo.mg.gov.br\/index.php?rest_route=%2Fwp%2Fv2%2Fcategories&post=20160"},{"taxonomy":"post_tag","embeddable":true,"href":"https:\/\/arquivo.pedroleopoldo.mg.gov.br\/index.php?rest_route=%2Fwp%2Fv2%2Ftags&post=20160"}],"curies":[{"name":"wp","href":"https:\/\/api.w.org\/{rel}","templated":true}]}}