{"id":20156,"date":"2022-03-24T11:01:52","date_gmt":"2022-03-24T14:01:52","guid":{"rendered":"http:\/\/pedroleopoldo.mg.gov.br\/?p=20156"},"modified":"2022-03-24T11:01:58","modified_gmt":"2022-03-24T14:01:58","slug":"educacao-escolas-recebem-novo-mobiliario-e-passam-por-reformas","status":"publish","type":"post","link":"https:\/\/arquivo.pedroleopoldo.mg.gov.br\/?p=20156","title":{"rendered":"Educa\u00e7\u00e3o: Escolas recebem novo mobili\u00e1rio e passam por reformas"},"content":{"rendered":"\n<p><em>Na Escola Municipal Heitor Cl\u00e1udio de Sales, que n\u00e3o recebia novo mobili\u00e1rio h\u00e1 cerca de 15 anos, teve alegria e emo\u00e7\u00e3o de servidores e alunos<\/em><\/p>\n\n\n\n<p>A Prefeitura de Pedro Leopoldo, atrav\u00e9s da Secretaria de Educa\u00e7\u00e3o, vem realizando uma s\u00e9rie de reformas nas institui\u00e7\u00f5es municipais e a troca do mobili\u00e1rio escolar, que inclui novas mesas, cadeiras e novos arm\u00e1rios.<\/p>\n\n\n\n<p>A Escola Municipal Heitor Cl\u00e1udio de Sales, que fica em Lagoa de Santo Ant\u00f4nio, regi\u00e3o norte do munic\u00edpio, por exemplo, n\u00e3o recebia novo mobili\u00e1rio h\u00e1 cerca de 15 anos. A vice-diretora da institui\u00e7\u00e3o, Mara Batista, ficou emocionada ao receber os novos equipamentos. \u201cHoje \u00e9 um dia muito feliz, o clima \u00e9 de alegria e gratid\u00e3o por aqui. Gostaria de agradecer esta administra\u00e7\u00e3o por olhar para nossos alunos e servidores com tanto carinho\u201d, destacou Mara, muito emocionada.<\/p>\n\n\n\n<p><strong>Reforma nas escolas<\/strong><\/p>\n\n\n\n<p>Al\u00e9m dos novos mobili\u00e1rios, algumas institui\u00e7\u00f5es est\u00e3o passando por uma s\u00e9rie de reformas e amplia\u00e7\u00f5es. A exemplo, a Escola Municipal Raimundo Salvador, que fica no bairro Teot\u00f4nio Batista de Freitas, passa por manuten\u00e7\u00e3o no telhado, o que ir\u00e1 evitar goteiras, mofos e outros transtornos no per\u00edodo chuvoso.<\/p>\n\n\n\n<p>J\u00e1 o CEMAI Cantinho Feliz, localizado em Vera Cruz, finalizou as reformas de amplia\u00e7\u00e3o. Foi constru\u00edda uma nova cobertura para a \u00e1rea de lazer das crian\u00e7as, reforma do refeit\u00f3rio, constru\u00e7\u00e3o de novos banheiros, rampa de acesso e pintura geral.<\/p>\n\n\n\n<p>A Escola Izabel Gomes Teixeira est\u00e1 em processo de constru\u00e7\u00e3o do novo muro que acabou cedendo com as chuvas do come\u00e7o do ano. O CEMAI Tia Nunuca, em Dr. Lund, tamb\u00e9m passa por reforma geral nas salas, telhado, refeit\u00f3rio, novo piso, pintura e constru\u00e7\u00e3o de novas salas de aulas.<\/p>\n\n\n\n<p>\u201cDar qualidade no dia a dia de nossos alunos e servidores \u00e9 uma das minhas prioridades. Ent\u00e3o, com muita organiza\u00e7\u00e3o estamos realizando essas reformas, constru\u00e7\u00f5es e renovando os mobili\u00e1rios das escolas e CEMAI\u00b4S. Sempre cuidando da nossa gente\u201d, disse a Prefeita Eloisa Helena.\u00a0<\/p>\n\n\n\n<figure class=\"wp-block-image size-large\"><img decoding=\"async\" loading=\"lazy\" width=\"1024\" height=\"768\" src=\"http:\/\/pedroleopoldo.mg.gov.br\/wp-content\/uploads\/2022\/03\/WhatsApp-Image-2022-03-16-at-11.59.55-1-1024x768.jpeg\" alt=\"\" class=\"wp-image-20158\" srcset=\"https:\/\/arquivo.pedroleopoldo.mg.gov.br\/wp-content\/uploads\/2022\/03\/WhatsApp-Image-2022-03-16-at-11.59.55-1-1024x768.jpeg 1024w, https:\/\/arquivo.pedroleopoldo.mg.gov.br\/wp-content\/uploads\/2022\/03\/WhatsApp-Image-2022-03-16-at-11.59.55-1-300x225.jpeg 300w, https:\/\/arquivo.pedroleopoldo.mg.gov.br\/wp-content\/uploads\/2022\/03\/WhatsApp-Image-2022-03-16-at-11.59.55-1-768x576.jpeg 768w, https:\/\/arquivo.pedroleopoldo.mg.gov.br\/wp-content\/uploads\/2022\/03\/WhatsApp-Image-2022-03-16-at-11.59.55-1-1536x1152.jpeg 1536w, https:\/\/arquivo.pedroleopoldo.mg.gov.br\/wp-content\/uploads\/2022\/03\/WhatsApp-Image-2022-03-16-at-11.59.55-1.jpeg 1600w\" sizes=\"(max-width: 1024px) 100vw, 1024px\" \/><figcaption>Escola Municipal Raimundo Salvador <\/figcaption><\/figure>\n\n\n\n<p><\/p>\n","protected":false},"excerpt":{"rendered":"<p>Na Escola Municipal Heitor Cl\u00e1udio de Sales, que n\u00e3o recebia novo mobili\u00e1rio h\u00e1 cerca de 15 anos, teve alegria e emo\u00e7\u00e3o de servidores e alunos A Prefeitura de Pedro Leopoldo, atrav\u00e9s da Secretaria de Educa\u00e7\u00e3o, vem realizando uma s\u00e9rie de reformas nas institui\u00e7\u00f5es municipais e a troca do mobili\u00e1rio escolar, que inclui novas mesas, cadeiras &hellip; <a href=\"https:\/\/arquivo.pedroleopoldo.mg.gov.br\/?p=20156\" class=\"more-link\">Continuar lendo <span class=\"screen-reader-text\">Educa\u00e7\u00e3o: Escolas recebem novo mobili\u00e1rio e passam por reformas<\/span><\/a><\/p>\n","protected":false},"author":1,"featured_media":20157,"comment_status":"closed","ping_status":"closed","sticky":false,"template":"","format":"standard","meta":{"footnotes":""},"categories":[4],"tags":[],"_links":{"self":[{"href":"https:\/\/arquivo.pedroleopoldo.mg.gov.br\/index.php?rest_route=\/wp\/v2\/posts\/20156"}],"collection":[{"href":"https:\/\/arquivo.pedroleopoldo.mg.gov.br\/index.php?rest_route=\/wp\/v2\/posts"}],"about":[{"href":"https:\/\/arquivo.pedroleopoldo.mg.gov.br\/index.php?rest_route=\/wp\/v2\/types\/post"}],"author":[{"embeddable":true,"href":"https:\/\/arquivo.pedroleopoldo.mg.gov.br\/index.php?rest_route=\/wp\/v2\/users\/1"}],"replies":[{"embeddable":true,"href":"https:\/\/arquivo.pedroleopoldo.mg.gov.br\/index.php?rest_route=%2Fwp%2Fv2%2Fcomments&post=20156"}],"version-history":[{"count":0,"href":"https:\/\/arquivo.pedroleopoldo.mg.gov.br\/index.php?rest_route=\/wp\/v2\/posts\/20156\/revisions"}],"wp:featuredmedia":[{"embeddable":true,"href":"https:\/\/arquivo.pedroleopoldo.mg.gov.br\/index.php?rest_route=\/wp\/v2\/media\/20157"}],"wp:attachment":[{"href":"https:\/\/arquivo.pedroleopoldo.mg.gov.br\/index.php?rest_route=%2Fwp%2Fv2%2Fmedia&parent=20156"}],"wp:term":[{"taxonomy":"category","embeddable":true,"href":"https:\/\/arquivo.pedroleopoldo.mg.gov.br\/index.php?rest_route=%2Fwp%2Fv2%2Fcategories&post=20156"},{"taxonomy":"post_tag","embeddable":true,"href":"https:\/\/arquivo.pedroleopoldo.mg.gov.br\/index.php?rest_route=%2Fwp%2Fv2%2Ftags&post=20156"}],"curies":[{"name":"wp","href":"https:\/\/api.w.org\/{rel}","templated":true}]}}