{"id":20097,"date":"2022-03-17T12:35:26","date_gmt":"2022-03-17T15:35:26","guid":{"rendered":"http:\/\/pedroleopoldo.mg.gov.br\/?p=20097"},"modified":"2022-03-17T12:35:31","modified_gmt":"2022-03-17T15:35:31","slug":"prefeitura-faz-operacao-tapa-buracos-pelo-municipio","status":"publish","type":"post","link":"https:\/\/arquivo.pedroleopoldo.mg.gov.br\/?p=20097","title":{"rendered":"Prefeitura faz opera\u00e7\u00e3o tapa-buracos pelo munic\u00edpio"},"content":{"rendered":"\n<p>A opera\u00e7\u00e3o tapa-buracos acontece nesta ter\u00e7a-feira, 15 de mar\u00e7o, na rua An\u00e9lio Caldas, Avenida R\u00f4mulo Joviano e na via que liga o Centro ao distrito de Doutor Lund. Vale lembrar que a Prefeitura, por meio da Secretaria de Obras, est\u00e1 realizando tamb\u00e9m o trabalho de pavimenta\u00e7\u00e3o pelas ruas mais cr\u00edticas do munic\u00edpio e procurando atender os locais mais necessitados e solicitados pela popula\u00e7\u00e3o.<\/p>\n\n\n\n<p>Para solicitar este servi\u00e7os ligue nos telefones:<br>\u260e\ufe0f3662-2200<br>\u260e\ufe0f3662-3789<br>\u260e\ufe0f3662-3750<br>Ou encaminhe suas demandas para o endere\u00e7o de e-mail:<br>obras@pedroleopoldo.mg.gov.br<\/p>\n\n\n\n<p>Confira o v\u00eddeo no link a seguir<\/p>\n\n\n\n<p><a href=\"https:\/\/www.instagram.com\/reel\/CbIsb8qDNQs\/?utm_source=ig_web_copy_link\">https:\/\/www.instagram.com\/reel\/CbIsb8qDNQs\/?utm_source=ig_web_copy_link<\/a><\/p>\n\n\n\n<figure class=\"wp-block-gallery columns-1 is-cropped wp-block-gallery-1 is-layout-flex wp-block-gallery-is-layout-flex\"><ul class=\"blocks-gallery-grid\"><li class=\"blocks-gallery-item\"><figure><img decoding=\"async\" loading=\"lazy\" width=\"1024\" height=\"768\" src=\"http:\/\/pedroleopoldo.mg.gov.br\/wp-content\/uploads\/2022\/03\/WhatsApp-Image-2022-03-16-at-11.59.54-1024x768.jpeg\" alt=\"\" data-id=\"20098\" data-full-url=\"http:\/\/pedroleopoldo.mg.gov.br\/wp-content\/uploads\/2022\/03\/WhatsApp-Image-2022-03-16-at-11.59.54.jpeg\" data-link=\"http:\/\/pedroleopoldo.mg.gov.br\/?attachment_id=20098\" class=\"wp-image-20098\" srcset=\"https:\/\/arquivo.pedroleopoldo.mg.gov.br\/wp-content\/uploads\/2022\/03\/WhatsApp-Image-2022-03-16-at-11.59.54-1024x768.jpeg 1024w, https:\/\/arquivo.pedroleopoldo.mg.gov.br\/wp-content\/uploads\/2022\/03\/WhatsApp-Image-2022-03-16-at-11.59.54-300x225.jpeg 300w, https:\/\/arquivo.pedroleopoldo.mg.gov.br\/wp-content\/uploads\/2022\/03\/WhatsApp-Image-2022-03-16-at-11.59.54-768x576.jpeg 768w, https:\/\/arquivo.pedroleopoldo.mg.gov.br\/wp-content\/uploads\/2022\/03\/WhatsApp-Image-2022-03-16-at-11.59.54-1536x1152.jpeg 1536w, https:\/\/arquivo.pedroleopoldo.mg.gov.br\/wp-content\/uploads\/2022\/03\/WhatsApp-Image-2022-03-16-at-11.59.54.jpeg 1600w\" sizes=\"(max-width: 1024px) 100vw, 1024px\" \/><\/figure><\/li><\/ul><\/figure>\n\n\n\n<figure class=\"wp-block-image size-large\"><img decoding=\"async\" loading=\"lazy\" width=\"1024\" height=\"768\" src=\"http:\/\/pedroleopoldo.mg.gov.br\/wp-content\/uploads\/2022\/03\/WhatsApp-Image-2022-03-16-at-11.59.52-1-1024x768.jpeg\" alt=\"\" class=\"wp-image-20099\" srcset=\"https:\/\/arquivo.pedroleopoldo.mg.gov.br\/wp-content\/uploads\/2022\/03\/WhatsApp-Image-2022-03-16-at-11.59.52-1-1024x768.jpeg 1024w, https:\/\/arquivo.pedroleopoldo.mg.gov.br\/wp-content\/uploads\/2022\/03\/WhatsApp-Image-2022-03-16-at-11.59.52-1-300x225.jpeg 300w, https:\/\/arquivo.pedroleopoldo.mg.gov.br\/wp-content\/uploads\/2022\/03\/WhatsApp-Image-2022-03-16-at-11.59.52-1-768x576.jpeg 768w, https:\/\/arquivo.pedroleopoldo.mg.gov.br\/wp-content\/uploads\/2022\/03\/WhatsApp-Image-2022-03-16-at-11.59.52-1-1536x1152.jpeg 1536w, https:\/\/arquivo.pedroleopoldo.mg.gov.br\/wp-content\/uploads\/2022\/03\/WhatsApp-Image-2022-03-16-at-11.59.52-1.jpeg 1600w\" sizes=\"(max-width: 1024px) 100vw, 1024px\" \/><\/figure>\n","protected":false},"excerpt":{"rendered":"<p>A opera\u00e7\u00e3o tapa-buracos acontece nesta ter\u00e7a-feira, 15 de mar\u00e7o, na rua An\u00e9lio Caldas, Avenida R\u00f4mulo Joviano e na via que liga o Centro ao distrito de Doutor Lund. Vale lembrar que a Prefeitura, por meio da Secretaria de Obras, est\u00e1 realizando tamb\u00e9m o trabalho de pavimenta\u00e7\u00e3o pelas ruas mais cr\u00edticas do munic\u00edpio e procurando atender &hellip; <a href=\"https:\/\/arquivo.pedroleopoldo.mg.gov.br\/?p=20097\" class=\"more-link\">Continuar lendo <span class=\"screen-reader-text\">Prefeitura faz opera\u00e7\u00e3o tapa-buracos pelo munic\u00edpio<\/span><\/a><\/p>\n","protected":false},"author":1,"featured_media":20098,"comment_status":"closed","ping_status":"closed","sticky":false,"template":"","format":"standard","meta":{"footnotes":""},"categories":[4],"tags":[],"_links":{"self":[{"href":"https:\/\/arquivo.pedroleopoldo.mg.gov.br\/index.php?rest_route=\/wp\/v2\/posts\/20097"}],"collection":[{"href":"https:\/\/arquivo.pedroleopoldo.mg.gov.br\/index.php?rest_route=\/wp\/v2\/posts"}],"about":[{"href":"https:\/\/arquivo.pedroleopoldo.mg.gov.br\/index.php?rest_route=\/wp\/v2\/types\/post"}],"author":[{"embeddable":true,"href":"https:\/\/arquivo.pedroleopoldo.mg.gov.br\/index.php?rest_route=\/wp\/v2\/users\/1"}],"replies":[{"embeddable":true,"href":"https:\/\/arquivo.pedroleopoldo.mg.gov.br\/index.php?rest_route=%2Fwp%2Fv2%2Fcomments&post=20097"}],"version-history":[{"count":0,"href":"https:\/\/arquivo.pedroleopoldo.mg.gov.br\/index.php?rest_route=\/wp\/v2\/posts\/20097\/revisions"}],"wp:featuredmedia":[{"embeddable":true,"href":"https:\/\/arquivo.pedroleopoldo.mg.gov.br\/index.php?rest_route=\/wp\/v2\/media\/20098"}],"wp:attachment":[{"href":"https:\/\/arquivo.pedroleopoldo.mg.gov.br\/index.php?rest_route=%2Fwp%2Fv2%2Fmedia&parent=20097"}],"wp:term":[{"taxonomy":"category","embeddable":true,"href":"https:\/\/arquivo.pedroleopoldo.mg.gov.br\/index.php?rest_route=%2Fwp%2Fv2%2Fcategories&post=20097"},{"taxonomy":"post_tag","embeddable":true,"href":"https:\/\/arquivo.pedroleopoldo.mg.gov.br\/index.php?rest_route=%2Fwp%2Fv2%2Ftags&post=20097"}],"curies":[{"name":"wp","href":"https:\/\/api.w.org\/{rel}","templated":true}]}}