{"id":20003,"date":"2022-03-09T11:24:19","date_gmt":"2022-03-09T14:24:19","guid":{"rendered":"http:\/\/pedroleopoldo.mg.gov.br\/?p=20003"},"modified":"2022-03-09T11:24:22","modified_gmt":"2022-03-09T14:24:22","slug":"pedro-leopoldo-ja-atendeu-quase-90-das-familias-que-aguardam-vaga-nos-cemais-para-2022","status":"publish","type":"post","link":"https:\/\/arquivo.pedroleopoldo.mg.gov.br\/?p=20003","title":{"rendered":"Pedro Leopoldo j\u00e1 atendeu quase 90% das fam\u00edlias que aguardam vaga nos Cemai\u2019s para 2022"},"content":{"rendered":"\n<p>A Prefeitura Municipal de Pedro Leopoldo, atrav\u00e9s da Secretaria Municipal de Educa\u00e7\u00e3o, j\u00e1 atendeu, nas duas primeiras semanas de fevereiro, 367 fam\u00edlias que estavam na fila de espera&nbsp;por vagas nos CEMAI\u2019s. Esse n\u00famero representa&nbsp;mais de&nbsp;85% do n\u00famero total,&nbsp;que s\u00e3o&nbsp;428 fam\u00edlias.<\/p>\n\n\n\n<p>As vagas eram muito aguardadas&nbsp;pelos pais. Ana L\u00facia Cotta, m\u00e3e da aluna Laura Beatriz Cotta, conseguiu uma vaga no CEMAI Arca de No\u00e9. A m\u00e3e destacou a import\u00e2ncia de sua filha estar&nbsp;matriculada na institui\u00e7\u00e3o. \u201cAjuda&nbsp;muito,&nbsp;sobretudo&nbsp;para as m\u00e3es que precisam trabalhar. E&nbsp;claro, \u00e9 muito ben\u00e9fico&nbsp;tamb\u00e9m para as crian\u00e7as, que s\u00e3o bem atendidas e cuidadas\u201d,&nbsp;destacou L\u00facia.<\/p>\n\n\n\n<p>J\u00e1 Thirza Frota, m\u00e3e&nbsp;dos pequenos&nbsp;Benjamim In\u00e1cio Frota e Matheus Israel Frota, afirmou receber&nbsp;um acompanhamento muito importante, tanto do CEMAI,&nbsp;como da Secretaria de Educa\u00e7\u00e3o. \u201cEssa vaga foi muito boa pra mim. Meus filhos nasceram prematuros&nbsp;e&nbsp;o CEMAI e a Secretaria de Educa\u00e7\u00e3o t\u00eam me dado um acompanhamento que eu nunca tinha tido\u201d,&nbsp;disse.<\/p>\n\n\n\n<p>At\u00e9 o momento, 101 vagas foram disponibilizadas para o Ber\u00e7\u00e1rio I, 147 para Ber\u00e7\u00e1rio II e 119 para o Maternal I. A Prefeitura de Pedro Leopoldo sabe da import\u00e2ncia do CEMAI para o desenvolvimento da crian\u00e7a e para sua fam\u00edlia, por isso a Secretaria de Educa\u00e7\u00e3o vem trabalhando para atender os 15% que ainda n\u00e3o foram beneficiados, mas que ficam na lista de espera e de acordo com a disponibilidade de vagas, tamb\u00e9m ser\u00e3o atendidos.<\/p>\n","protected":false},"excerpt":{"rendered":"<p>A Prefeitura Municipal de Pedro Leopoldo, atrav\u00e9s da Secretaria Municipal de Educa\u00e7\u00e3o, j\u00e1 atendeu, nas duas primeiras semanas de fevereiro, 367 fam\u00edlias que estavam na fila de espera&nbsp;por vagas nos CEMAI\u2019s. Esse n\u00famero representa&nbsp;mais de&nbsp;85% do n\u00famero total,&nbsp;que s\u00e3o&nbsp;428 fam\u00edlias. As vagas eram muito aguardadas&nbsp;pelos pais. Ana L\u00facia Cotta, m\u00e3e da aluna Laura Beatriz Cotta, &hellip; <a href=\"https:\/\/arquivo.pedroleopoldo.mg.gov.br\/?p=20003\" class=\"more-link\">Continuar lendo <span class=\"screen-reader-text\">Pedro Leopoldo j\u00e1 atendeu quase 90% das fam\u00edlias que aguardam vaga nos Cemai\u2019s para 2022<\/span><\/a><\/p>\n","protected":false},"author":1,"featured_media":19911,"comment_status":"closed","ping_status":"closed","sticky":false,"template":"","format":"standard","meta":{"footnotes":""},"categories":[4],"tags":[],"_links":{"self":[{"href":"https:\/\/arquivo.pedroleopoldo.mg.gov.br\/index.php?rest_route=\/wp\/v2\/posts\/20003"}],"collection":[{"href":"https:\/\/arquivo.pedroleopoldo.mg.gov.br\/index.php?rest_route=\/wp\/v2\/posts"}],"about":[{"href":"https:\/\/arquivo.pedroleopoldo.mg.gov.br\/index.php?rest_route=\/wp\/v2\/types\/post"}],"author":[{"embeddable":true,"href":"https:\/\/arquivo.pedroleopoldo.mg.gov.br\/index.php?rest_route=\/wp\/v2\/users\/1"}],"replies":[{"embeddable":true,"href":"https:\/\/arquivo.pedroleopoldo.mg.gov.br\/index.php?rest_route=%2Fwp%2Fv2%2Fcomments&post=20003"}],"version-history":[{"count":0,"href":"https:\/\/arquivo.pedroleopoldo.mg.gov.br\/index.php?rest_route=\/wp\/v2\/posts\/20003\/revisions"}],"wp:featuredmedia":[{"embeddable":true,"href":"https:\/\/arquivo.pedroleopoldo.mg.gov.br\/index.php?rest_route=\/wp\/v2\/media\/19911"}],"wp:attachment":[{"href":"https:\/\/arquivo.pedroleopoldo.mg.gov.br\/index.php?rest_route=%2Fwp%2Fv2%2Fmedia&parent=20003"}],"wp:term":[{"taxonomy":"category","embeddable":true,"href":"https:\/\/arquivo.pedroleopoldo.mg.gov.br\/index.php?rest_route=%2Fwp%2Fv2%2Fcategories&post=20003"},{"taxonomy":"post_tag","embeddable":true,"href":"https:\/\/arquivo.pedroleopoldo.mg.gov.br\/index.php?rest_route=%2Fwp%2Fv2%2Ftags&post=20003"}],"curies":[{"name":"wp","href":"https:\/\/api.w.org\/{rel}","templated":true}]}}