{"id":19916,"date":"2022-02-24T17:36:41","date_gmt":"2022-02-24T20:36:41","guid":{"rendered":"http:\/\/pedroleopoldo.mg.gov.br\/?p=19916"},"modified":"2022-02-24T17:36:46","modified_gmt":"2022-02-24T20:36:46","slug":"mesmo-com-ponto-facultativo-de-carnaval-alguns-servicos-publicos-vao-funcionar","status":"publish","type":"post","link":"https:\/\/arquivo.pedroleopoldo.mg.gov.br\/?p=19916","title":{"rendered":"Mesmo com ponto facultativo de carnaval alguns servi\u00e7os p\u00fablicos v\u00e3o funcionar"},"content":{"rendered":"\n<p>Conforme decreto municipal publicado no dia 03 de janeiro de 2022, os dias 28 de Fevereiro, 01 e 02 de Mar\u00e7o, ser\u00e3o dias de ponto facultativo em Pedro Leopoldo, em virtude do feriado de Carnaval.<\/p>\n\n\n\n<p>No entanto, haver\u00e1 expediente normal nas unidades de sa\u00fade que prestam servi\u00e7os de urg\u00eancia e emerg\u00eancia como o P.A Lagoa, P.A Central e o Hospital Municipal.<\/p>\n\n\n\n<p>A coleta de lixo domiciliar tamb\u00e9m ir\u00e1 ocorrer normalmente, seguindo os hor\u00e1rios j\u00e1 estabelecidos. <\/p>\n","protected":false},"excerpt":{"rendered":"<p>Conforme decreto municipal publicado no dia 03 de janeiro de 2022, os dias 28 de Fevereiro, 01 e 02 de Mar\u00e7o, ser\u00e3o dias de ponto facultativo em Pedro Leopoldo, em virtude do feriado de Carnaval. No entanto, haver\u00e1 expediente normal nas unidades de sa\u00fade que prestam servi\u00e7os de urg\u00eancia e emerg\u00eancia como o P.A Lagoa, &hellip; <a href=\"https:\/\/arquivo.pedroleopoldo.mg.gov.br\/?p=19916\" class=\"more-link\">Continuar lendo <span class=\"screen-reader-text\">Mesmo com ponto facultativo de carnaval alguns servi\u00e7os p\u00fablicos v\u00e3o funcionar<\/span><\/a><\/p>\n","protected":false},"author":1,"featured_media":19455,"comment_status":"closed","ping_status":"closed","sticky":false,"template":"","format":"standard","meta":{"footnotes":""},"categories":[4],"tags":[],"_links":{"self":[{"href":"https:\/\/arquivo.pedroleopoldo.mg.gov.br\/index.php?rest_route=\/wp\/v2\/posts\/19916"}],"collection":[{"href":"https:\/\/arquivo.pedroleopoldo.mg.gov.br\/index.php?rest_route=\/wp\/v2\/posts"}],"about":[{"href":"https:\/\/arquivo.pedroleopoldo.mg.gov.br\/index.php?rest_route=\/wp\/v2\/types\/post"}],"author":[{"embeddable":true,"href":"https:\/\/arquivo.pedroleopoldo.mg.gov.br\/index.php?rest_route=\/wp\/v2\/users\/1"}],"replies":[{"embeddable":true,"href":"https:\/\/arquivo.pedroleopoldo.mg.gov.br\/index.php?rest_route=%2Fwp%2Fv2%2Fcomments&post=19916"}],"version-history":[{"count":0,"href":"https:\/\/arquivo.pedroleopoldo.mg.gov.br\/index.php?rest_route=\/wp\/v2\/posts\/19916\/revisions"}],"wp:featuredmedia":[{"embeddable":true,"href":"https:\/\/arquivo.pedroleopoldo.mg.gov.br\/index.php?rest_route=\/wp\/v2\/media\/19455"}],"wp:attachment":[{"href":"https:\/\/arquivo.pedroleopoldo.mg.gov.br\/index.php?rest_route=%2Fwp%2Fv2%2Fmedia&parent=19916"}],"wp:term":[{"taxonomy":"category","embeddable":true,"href":"https:\/\/arquivo.pedroleopoldo.mg.gov.br\/index.php?rest_route=%2Fwp%2Fv2%2Fcategories&post=19916"},{"taxonomy":"post_tag","embeddable":true,"href":"https:\/\/arquivo.pedroleopoldo.mg.gov.br\/index.php?rest_route=%2Fwp%2Fv2%2Ftags&post=19916"}],"curies":[{"name":"wp","href":"https:\/\/api.w.org\/{rel}","templated":true}]}}