{"id":19909,"date":"2022-02-24T13:54:00","date_gmt":"2022-02-24T16:54:00","guid":{"rendered":"http:\/\/pedroleopoldo.mg.gov.br\/?p=19909"},"modified":"2022-02-24T14:26:11","modified_gmt":"2022-02-24T17:26:11","slug":"prefeitura-atende-mais-90-das-criancas-que-esperavam-por-vaga-nas-creches","status":"publish","type":"post","link":"https:\/\/arquivo.pedroleopoldo.mg.gov.br\/?p=19909","title":{"rendered":"Prefeitura atende mais de 80% das crian\u00e7as que esperavam por vaga nas creches"},"content":{"rendered":"\n<p>A Prefeitura de Pedro Leopoldo sabe da import\u00e2ncia dos Cemai\u2019s no desenvolvimento das crian\u00e7as e seu reflexo positivo nas fam\u00edlias como um todo. Por isto, a Secretaria Municipal de Educa\u00e7\u00e3o tem trabalhado intensamente para garantir que as vagas sejam preenchidas em sua totalidade o quanto antes. E \u00e9 por isso que em menos de 15 dias de in\u00edcio do ano letivo, 85% das solicita\u00e7\u00f5es j\u00e1 foram atendidas, ou seja, 367 fam\u00edlias conseguiram vagas nos CEMAI\u00b4s para suas crian\u00e7as. Os 15% restantes continuam na lista de espera, e, \u00e0 medida que houver disponibilidade de novas vagas, ser\u00e3o atendidos.<\/p>\n\n\n\n<figure class=\"wp-block-image size-large\"><img decoding=\"async\" loading=\"lazy\" width=\"1024\" height=\"1024\" src=\"http:\/\/pedroleopoldo.mg.gov.br\/wp-content\/uploads\/2022\/02\/WhatsApp-Image-2022-02-23-at-15.16.05-1024x1024.jpeg\" alt=\"\" class=\"wp-image-19910\" srcset=\"https:\/\/arquivo.pedroleopoldo.mg.gov.br\/wp-content\/uploads\/2022\/02\/WhatsApp-Image-2022-02-23-at-15.16.05-1024x1024.jpeg 1024w, https:\/\/arquivo.pedroleopoldo.mg.gov.br\/wp-content\/uploads\/2022\/02\/WhatsApp-Image-2022-02-23-at-15.16.05-300x300.jpeg 300w, https:\/\/arquivo.pedroleopoldo.mg.gov.br\/wp-content\/uploads\/2022\/02\/WhatsApp-Image-2022-02-23-at-15.16.05-150x150.jpeg 150w, https:\/\/arquivo.pedroleopoldo.mg.gov.br\/wp-content\/uploads\/2022\/02\/WhatsApp-Image-2022-02-23-at-15.16.05-768x768.jpeg 768w, https:\/\/arquivo.pedroleopoldo.mg.gov.br\/wp-content\/uploads\/2022\/02\/WhatsApp-Image-2022-02-23-at-15.16.05.jpeg 1080w\" sizes=\"(max-width: 1024px) 100vw, 1024px\" \/><\/figure>\n","protected":false},"excerpt":{"rendered":"<p>A Prefeitura de Pedro Leopoldo sabe da import\u00e2ncia dos Cemai\u2019s no desenvolvimento das crian\u00e7as e seu reflexo positivo nas fam\u00edlias como um todo. Por isto, a Secretaria Municipal de Educa\u00e7\u00e3o tem trabalhado intensamente para garantir que as vagas sejam preenchidas em sua totalidade o quanto antes. E \u00e9 por isso que em menos de 15 &hellip; <a href=\"https:\/\/arquivo.pedroleopoldo.mg.gov.br\/?p=19909\" class=\"more-link\">Continuar lendo <span class=\"screen-reader-text\">Prefeitura atende mais de 80% das crian\u00e7as que esperavam por vaga nas creches<\/span><\/a><\/p>\n","protected":false},"author":1,"featured_media":19911,"comment_status":"closed","ping_status":"closed","sticky":false,"template":"","format":"standard","meta":{"footnotes":""},"categories":[4],"tags":[],"_links":{"self":[{"href":"https:\/\/arquivo.pedroleopoldo.mg.gov.br\/index.php?rest_route=\/wp\/v2\/posts\/19909"}],"collection":[{"href":"https:\/\/arquivo.pedroleopoldo.mg.gov.br\/index.php?rest_route=\/wp\/v2\/posts"}],"about":[{"href":"https:\/\/arquivo.pedroleopoldo.mg.gov.br\/index.php?rest_route=\/wp\/v2\/types\/post"}],"author":[{"embeddable":true,"href":"https:\/\/arquivo.pedroleopoldo.mg.gov.br\/index.php?rest_route=\/wp\/v2\/users\/1"}],"replies":[{"embeddable":true,"href":"https:\/\/arquivo.pedroleopoldo.mg.gov.br\/index.php?rest_route=%2Fwp%2Fv2%2Fcomments&post=19909"}],"version-history":[{"count":0,"href":"https:\/\/arquivo.pedroleopoldo.mg.gov.br\/index.php?rest_route=\/wp\/v2\/posts\/19909\/revisions"}],"wp:featuredmedia":[{"embeddable":true,"href":"https:\/\/arquivo.pedroleopoldo.mg.gov.br\/index.php?rest_route=\/wp\/v2\/media\/19911"}],"wp:attachment":[{"href":"https:\/\/arquivo.pedroleopoldo.mg.gov.br\/index.php?rest_route=%2Fwp%2Fv2%2Fmedia&parent=19909"}],"wp:term":[{"taxonomy":"category","embeddable":true,"href":"https:\/\/arquivo.pedroleopoldo.mg.gov.br\/index.php?rest_route=%2Fwp%2Fv2%2Fcategories&post=19909"},{"taxonomy":"post_tag","embeddable":true,"href":"https:\/\/arquivo.pedroleopoldo.mg.gov.br\/index.php?rest_route=%2Fwp%2Fv2%2Ftags&post=19909"}],"curies":[{"name":"wp","href":"https:\/\/api.w.org\/{rel}","templated":true}]}}