{"id":19886,"date":"2022-02-23T11:06:28","date_gmt":"2022-02-23T14:06:28","guid":{"rendered":"http:\/\/pedroleopoldo.mg.gov.br\/?p=19886"},"modified":"2022-02-23T11:06:33","modified_gmt":"2022-02-23T14:06:33","slug":"pl-retoma-vacinacao-infantil-nesta-quarta-feira-23-de-fevereiro","status":"publish","type":"post","link":"https:\/\/arquivo.pedroleopoldo.mg.gov.br\/?p=19886","title":{"rendered":"PL retoma vacina\u00e7\u00e3o infantil nesta quarta-feira, 23 de fevereiro"},"content":{"rendered":"\n<p>Fique ligado no cronograma de vacina\u00e7\u00e3o desta semana! <\/p>\n\n\n\n<p>Tem primeira e segunda doses para o p\u00fablico infantil e D1, D2 e D3 para 12 anos ou mais. Se atente aos dias, hor\u00e1rios e locais para n\u00e3o perder a data.\u00a0<\/p>\n\n\n\n<p>N\u00e3o esque\u00e7a da documenta\u00e7\u00e3o obrigat\u00f3ria:<\/p>\n\n\n\n<ul><li>Pais (Identidade)<\/li><li>Respons\u00e1veis (Identidade e Termo de Autoriza\u00e7\u00e3o)<\/li><li>12 anos ou mais (Cart\u00e3o SUS, CPF e Identidade)<\/li><li>Crian\u00e7as (Cart\u00e3o SUS ou CPF e Identidade)<\/li><\/ul>\n\n\n\n<figure class=\"wp-block-image size-large\"><img decoding=\"async\" loading=\"lazy\" width=\"1024\" height=\"1024\" src=\"http:\/\/pedroleopoldo.mg.gov.br\/wp-content\/uploads\/2022\/02\/WhatsApp-Image-2022-02-22-at-12.08.49-1024x1024.jpeg\" alt=\"\" class=\"wp-image-19887\" srcset=\"https:\/\/arquivo.pedroleopoldo.mg.gov.br\/wp-content\/uploads\/2022\/02\/WhatsApp-Image-2022-02-22-at-12.08.49-1024x1024.jpeg 1024w, https:\/\/arquivo.pedroleopoldo.mg.gov.br\/wp-content\/uploads\/2022\/02\/WhatsApp-Image-2022-02-22-at-12.08.49-300x300.jpeg 300w, https:\/\/arquivo.pedroleopoldo.mg.gov.br\/wp-content\/uploads\/2022\/02\/WhatsApp-Image-2022-02-22-at-12.08.49-150x150.jpeg 150w, https:\/\/arquivo.pedroleopoldo.mg.gov.br\/wp-content\/uploads\/2022\/02\/WhatsApp-Image-2022-02-22-at-12.08.49-768x768.jpeg 768w, https:\/\/arquivo.pedroleopoldo.mg.gov.br\/wp-content\/uploads\/2022\/02\/WhatsApp-Image-2022-02-22-at-12.08.49.jpeg 1080w\" sizes=\"(max-width: 1024px) 100vw, 1024px\" \/><\/figure>\n","protected":false},"excerpt":{"rendered":"<p>Fique ligado no cronograma de vacina\u00e7\u00e3o desta semana! Tem primeira e segunda doses para o p\u00fablico infantil e D1, D2 e D3 para 12 anos ou mais. Se atente aos dias, hor\u00e1rios e locais para n\u00e3o perder a data.\u00a0 N\u00e3o esque\u00e7a da documenta\u00e7\u00e3o obrigat\u00f3ria: Pais (Identidade) Respons\u00e1veis (Identidade e Termo de Autoriza\u00e7\u00e3o) 12 anos ou &hellip; <a href=\"https:\/\/arquivo.pedroleopoldo.mg.gov.br\/?p=19886\" class=\"more-link\">Continuar lendo <span class=\"screen-reader-text\">PL retoma vacina\u00e7\u00e3o infantil nesta quarta-feira, 23 de fevereiro<\/span><\/a><\/p>\n","protected":false},"author":1,"featured_media":19889,"comment_status":"closed","ping_status":"closed","sticky":false,"template":"","format":"standard","meta":{"footnotes":""},"categories":[4],"tags":[],"_links":{"self":[{"href":"https:\/\/arquivo.pedroleopoldo.mg.gov.br\/index.php?rest_route=\/wp\/v2\/posts\/19886"}],"collection":[{"href":"https:\/\/arquivo.pedroleopoldo.mg.gov.br\/index.php?rest_route=\/wp\/v2\/posts"}],"about":[{"href":"https:\/\/arquivo.pedroleopoldo.mg.gov.br\/index.php?rest_route=\/wp\/v2\/types\/post"}],"author":[{"embeddable":true,"href":"https:\/\/arquivo.pedroleopoldo.mg.gov.br\/index.php?rest_route=\/wp\/v2\/users\/1"}],"replies":[{"embeddable":true,"href":"https:\/\/arquivo.pedroleopoldo.mg.gov.br\/index.php?rest_route=%2Fwp%2Fv2%2Fcomments&post=19886"}],"version-history":[{"count":0,"href":"https:\/\/arquivo.pedroleopoldo.mg.gov.br\/index.php?rest_route=\/wp\/v2\/posts\/19886\/revisions"}],"wp:featuredmedia":[{"embeddable":true,"href":"https:\/\/arquivo.pedroleopoldo.mg.gov.br\/index.php?rest_route=\/wp\/v2\/media\/19889"}],"wp:attachment":[{"href":"https:\/\/arquivo.pedroleopoldo.mg.gov.br\/index.php?rest_route=%2Fwp%2Fv2%2Fmedia&parent=19886"}],"wp:term":[{"taxonomy":"category","embeddable":true,"href":"https:\/\/arquivo.pedroleopoldo.mg.gov.br\/index.php?rest_route=%2Fwp%2Fv2%2Fcategories&post=19886"},{"taxonomy":"post_tag","embeddable":true,"href":"https:\/\/arquivo.pedroleopoldo.mg.gov.br\/index.php?rest_route=%2Fwp%2Fv2%2Ftags&post=19886"}],"curies":[{"name":"wp","href":"https:\/\/api.w.org\/{rel}","templated":true}]}}