{"id":19879,"date":"2022-02-23T11:02:34","date_gmt":"2022-02-23T14:02:34","guid":{"rendered":"http:\/\/pedroleopoldo.mg.gov.br\/?p=19879"},"modified":"2022-02-23T11:02:39","modified_gmt":"2022-02-23T14:02:39","slug":"prefeitura-segue-realizando-o-trabalho-de-iluminacao-publica","status":"publish","type":"post","link":"https:\/\/arquivo.pedroleopoldo.mg.gov.br\/?p=19879","title":{"rendered":"Prefeitura segue realizando o trabalho de ilumina\u00e7\u00e3o p\u00fablica"},"content":{"rendered":"\n<p>Luz, c\u00e2mera e muita a\u00e7\u00e3o! A Prefeitura de Pedro Leopoldo trabalha incansavelmente para melhorar a vida dos pedroleopoldenses e proporcionar seguran\u00e7a \u00e9 um dos pontos principais nesta empreitada! <\/p>\n\n\n\n<p>Por isso j\u00e1 foram ampliados os pontos de c\u00e2meras interligadas \u00e0 Central de Videomonitoramento e a ilumina\u00e7\u00e3o p\u00fablica vem recebendo aten\u00e7\u00e3o mais que especial. Al\u00e9m de colocar luz de LED em v\u00e1rios locais, a Secretaria de Obras e Servi\u00e7os P\u00fablicos, somente em Janeiro, realizou mais de 330 trocas de l\u00e2mpadas queimadas.<\/p>\n\n\n\n<p> Confira alguns dos locais atendidos nesta ter\u00e7a-feira, 22. Ah, e n\u00e3o esquece! O n\u00famero para solicitar servi\u00e7os de ilumina\u00e7\u00e3o \u00e9 o 0800-276-5020 e funciona tamb\u00e9m com Whatsapp!<\/p>\n\n\n\n<figure class=\"wp-block-gallery columns-2 is-cropped wp-block-gallery-1 is-layout-flex wp-block-gallery-is-layout-flex\"><ul class=\"blocks-gallery-grid\"><li class=\"blocks-gallery-item\"><figure><img decoding=\"async\" loading=\"lazy\" width=\"576\" height=\"1024\" src=\"http:\/\/pedroleopoldo.mg.gov.br\/wp-content\/uploads\/2022\/02\/WhatsApp-Image-2022-02-22-at-16.31.46-2-576x1024.jpeg\" alt=\"\" data-id=\"19881\" data-full-url=\"http:\/\/pedroleopoldo.mg.gov.br\/wp-content\/uploads\/2022\/02\/WhatsApp-Image-2022-02-22-at-16.31.46-2.jpeg\" data-link=\"http:\/\/pedroleopoldo.mg.gov.br\/?attachment_id=19881\" class=\"wp-image-19881\" srcset=\"https:\/\/arquivo.pedroleopoldo.mg.gov.br\/wp-content\/uploads\/2022\/02\/WhatsApp-Image-2022-02-22-at-16.31.46-2-576x1024.jpeg 576w, https:\/\/arquivo.pedroleopoldo.mg.gov.br\/wp-content\/uploads\/2022\/02\/WhatsApp-Image-2022-02-22-at-16.31.46-2-169x300.jpeg 169w, https:\/\/arquivo.pedroleopoldo.mg.gov.br\/wp-content\/uploads\/2022\/02\/WhatsApp-Image-2022-02-22-at-16.31.46-2.jpeg 720w\" sizes=\"(max-width: 576px) 100vw, 576px\" \/><\/figure><\/li><li class=\"blocks-gallery-item\"><figure><img decoding=\"async\" loading=\"lazy\" width=\"1024\" height=\"768\" src=\"http:\/\/pedroleopoldo.mg.gov.br\/wp-content\/uploads\/2022\/02\/WhatsApp-Image-2022-02-22-at-16.31.46-1024x768.jpeg\" alt=\"\" data-id=\"19884\" data-full-url=\"http:\/\/pedroleopoldo.mg.gov.br\/wp-content\/uploads\/2022\/02\/WhatsApp-Image-2022-02-22-at-16.31.46.jpeg\" data-link=\"http:\/\/pedroleopoldo.mg.gov.br\/?attachment_id=19884\" class=\"wp-image-19884\" srcset=\"https:\/\/arquivo.pedroleopoldo.mg.gov.br\/wp-content\/uploads\/2022\/02\/WhatsApp-Image-2022-02-22-at-16.31.46-1024x768.jpeg 1024w, https:\/\/arquivo.pedroleopoldo.mg.gov.br\/wp-content\/uploads\/2022\/02\/WhatsApp-Image-2022-02-22-at-16.31.46-300x225.jpeg 300w, https:\/\/arquivo.pedroleopoldo.mg.gov.br\/wp-content\/uploads\/2022\/02\/WhatsApp-Image-2022-02-22-at-16.31.46-768x576.jpeg 768w, https:\/\/arquivo.pedroleopoldo.mg.gov.br\/wp-content\/uploads\/2022\/02\/WhatsApp-Image-2022-02-22-at-16.31.46-1536x1152.jpeg 1536w, https:\/\/arquivo.pedroleopoldo.mg.gov.br\/wp-content\/uploads\/2022\/02\/WhatsApp-Image-2022-02-22-at-16.31.46.jpeg 1600w\" sizes=\"(max-width: 1024px) 100vw, 1024px\" \/><\/figure><\/li><\/ul><\/figure>\n","protected":false},"excerpt":{"rendered":"<p>Luz, c\u00e2mera e muita a\u00e7\u00e3o! A Prefeitura de Pedro Leopoldo trabalha incansavelmente para melhorar a vida dos pedroleopoldenses e proporcionar seguran\u00e7a \u00e9 um dos pontos principais nesta empreitada! Por isso j\u00e1 foram ampliados os pontos de c\u00e2meras interligadas \u00e0 Central de Videomonitoramento e a ilumina\u00e7\u00e3o p\u00fablica vem recebendo aten\u00e7\u00e3o mais que especial. Al\u00e9m de colocar &hellip; <a href=\"https:\/\/arquivo.pedroleopoldo.mg.gov.br\/?p=19879\" class=\"more-link\">Continuar lendo <span class=\"screen-reader-text\">Prefeitura segue realizando o trabalho de ilumina\u00e7\u00e3o p\u00fablica<\/span><\/a><\/p>\n","protected":false},"author":1,"featured_media":19883,"comment_status":"closed","ping_status":"closed","sticky":false,"template":"","format":"standard","meta":{"footnotes":""},"categories":[4],"tags":[],"_links":{"self":[{"href":"https:\/\/arquivo.pedroleopoldo.mg.gov.br\/index.php?rest_route=\/wp\/v2\/posts\/19879"}],"collection":[{"href":"https:\/\/arquivo.pedroleopoldo.mg.gov.br\/index.php?rest_route=\/wp\/v2\/posts"}],"about":[{"href":"https:\/\/arquivo.pedroleopoldo.mg.gov.br\/index.php?rest_route=\/wp\/v2\/types\/post"}],"author":[{"embeddable":true,"href":"https:\/\/arquivo.pedroleopoldo.mg.gov.br\/index.php?rest_route=\/wp\/v2\/users\/1"}],"replies":[{"embeddable":true,"href":"https:\/\/arquivo.pedroleopoldo.mg.gov.br\/index.php?rest_route=%2Fwp%2Fv2%2Fcomments&post=19879"}],"version-history":[{"count":0,"href":"https:\/\/arquivo.pedroleopoldo.mg.gov.br\/index.php?rest_route=\/wp\/v2\/posts\/19879\/revisions"}],"wp:featuredmedia":[{"embeddable":true,"href":"https:\/\/arquivo.pedroleopoldo.mg.gov.br\/index.php?rest_route=\/wp\/v2\/media\/19883"}],"wp:attachment":[{"href":"https:\/\/arquivo.pedroleopoldo.mg.gov.br\/index.php?rest_route=%2Fwp%2Fv2%2Fmedia&parent=19879"}],"wp:term":[{"taxonomy":"category","embeddable":true,"href":"https:\/\/arquivo.pedroleopoldo.mg.gov.br\/index.php?rest_route=%2Fwp%2Fv2%2Fcategories&post=19879"},{"taxonomy":"post_tag","embeddable":true,"href":"https:\/\/arquivo.pedroleopoldo.mg.gov.br\/index.php?rest_route=%2Fwp%2Fv2%2Ftags&post=19879"}],"curies":[{"name":"wp","href":"https:\/\/api.w.org\/{rel}","templated":true}]}}