{"id":19788,"date":"2022-02-16T16:42:23","date_gmt":"2022-02-16T19:42:23","guid":{"rendered":"http:\/\/pedroleopoldo.mg.gov.br\/?p=19788"},"modified":"2022-02-16T16:42:27","modified_gmt":"2022-02-16T19:42:27","slug":"chefes-do-executivo-participam-de-feira-do-cisrec","status":"publish","type":"post","link":"https:\/\/arquivo.pedroleopoldo.mg.gov.br\/?p=19788","title":{"rendered":"Chefes do executivo participam de feira do CISREC"},"content":{"rendered":"\n<p>Em busca de atualiza\u00e7\u00e3o em Gest\u00e3o P\u00fablica, hoje, dia 16, representantes do Executivo Municipal de Pedro Leopoldo participaram da I Feira de Gest\u00e3o e Servi\u00e7os do Cisrec. Palestras e servi\u00e7os importantes para melhoria da infraestrutura dos munic\u00edpios estiveram na pauta. <\/p>\n\n\n\n<p>Al\u00e9m da Prefeita Eloisa Helena, atualmente Primeira Secret\u00e1ria do Cons\u00f3rcio Intermunicipal de Sa\u00fade e de Pol\u00edticas de Desenvolvimento da Regi\u00e3o do Calc\u00e1rio (Cisrec), estiveram presentes a vice-prefeita Ana Paula Santos, o Secret\u00e1rio Municipal de Sa\u00fade, Dr. H\u00e9lio Neri, a Secret\u00e1ria Municipal de Educa\u00e7\u00e3o, Cl\u00e1udia Resende, e a Secret\u00e1ria Municipal de Desenvolvimento Social, Viviane Sena.<\/p>\n\n\n\n<figure class=\"wp-block-image size-large\"><img decoding=\"async\" loading=\"lazy\" width=\"768\" height=\"1024\" src=\"http:\/\/pedroleopoldo.mg.gov.br\/wp-content\/uploads\/2022\/02\/WhatsApp-Image-2022-02-16-at-16.21.23-768x1024.jpeg\" alt=\"\" class=\"wp-image-19790\" srcset=\"https:\/\/arquivo.pedroleopoldo.mg.gov.br\/wp-content\/uploads\/2022\/02\/WhatsApp-Image-2022-02-16-at-16.21.23-768x1024.jpeg 768w, https:\/\/arquivo.pedroleopoldo.mg.gov.br\/wp-content\/uploads\/2022\/02\/WhatsApp-Image-2022-02-16-at-16.21.23-225x300.jpeg 225w, https:\/\/arquivo.pedroleopoldo.mg.gov.br\/wp-content\/uploads\/2022\/02\/WhatsApp-Image-2022-02-16-at-16.21.23.jpeg 960w\" sizes=\"(max-width: 768px) 100vw, 768px\" \/><\/figure>\n\n\n\n<figure class=\"wp-block-image size-large\"><img decoding=\"async\" loading=\"lazy\" width=\"1024\" height=\"768\" src=\"http:\/\/pedroleopoldo.mg.gov.br\/wp-content\/uploads\/2022\/02\/WhatsApp-Image-2022-02-16-at-16.21.24-1-1024x768.jpeg\" alt=\"\" class=\"wp-image-19791\" srcset=\"https:\/\/arquivo.pedroleopoldo.mg.gov.br\/wp-content\/uploads\/2022\/02\/WhatsApp-Image-2022-02-16-at-16.21.24-1-1024x768.jpeg 1024w, https:\/\/arquivo.pedroleopoldo.mg.gov.br\/wp-content\/uploads\/2022\/02\/WhatsApp-Image-2022-02-16-at-16.21.24-1-300x225.jpeg 300w, https:\/\/arquivo.pedroleopoldo.mg.gov.br\/wp-content\/uploads\/2022\/02\/WhatsApp-Image-2022-02-16-at-16.21.24-1-768x576.jpeg 768w, https:\/\/arquivo.pedroleopoldo.mg.gov.br\/wp-content\/uploads\/2022\/02\/WhatsApp-Image-2022-02-16-at-16.21.24-1.jpeg 1280w\" sizes=\"(max-width: 1024px) 100vw, 1024px\" \/><\/figure>\n\n\n\n<figure class=\"wp-block-image size-large\"><img decoding=\"async\" loading=\"lazy\" width=\"1024\" height=\"768\" src=\"http:\/\/pedroleopoldo.mg.gov.br\/wp-content\/uploads\/2022\/02\/WhatsApp-Image-2022-02-16-at-16.21.24-1024x768.jpeg\" alt=\"\" class=\"wp-image-19792\" srcset=\"https:\/\/arquivo.pedroleopoldo.mg.gov.br\/wp-content\/uploads\/2022\/02\/WhatsApp-Image-2022-02-16-at-16.21.24-1024x768.jpeg 1024w, https:\/\/arquivo.pedroleopoldo.mg.gov.br\/wp-content\/uploads\/2022\/02\/WhatsApp-Image-2022-02-16-at-16.21.24-300x225.jpeg 300w, https:\/\/arquivo.pedroleopoldo.mg.gov.br\/wp-content\/uploads\/2022\/02\/WhatsApp-Image-2022-02-16-at-16.21.24-768x576.jpeg 768w, https:\/\/arquivo.pedroleopoldo.mg.gov.br\/wp-content\/uploads\/2022\/02\/WhatsApp-Image-2022-02-16-at-16.21.24.jpeg 1280w\" sizes=\"(max-width: 1024px) 100vw, 1024px\" \/><\/figure>\n\n\n\n<figure class=\"wp-block-image size-large\"><img decoding=\"async\" loading=\"lazy\" width=\"1024\" height=\"768\" src=\"http:\/\/pedroleopoldo.mg.gov.br\/wp-content\/uploads\/2022\/02\/WhatsApp-Image-2022-02-16-at-16.21.25-1024x768.jpeg\" alt=\"\" class=\"wp-image-19793\" srcset=\"https:\/\/arquivo.pedroleopoldo.mg.gov.br\/wp-content\/uploads\/2022\/02\/WhatsApp-Image-2022-02-16-at-16.21.25-1024x768.jpeg 1024w, https:\/\/arquivo.pedroleopoldo.mg.gov.br\/wp-content\/uploads\/2022\/02\/WhatsApp-Image-2022-02-16-at-16.21.25-300x225.jpeg 300w, https:\/\/arquivo.pedroleopoldo.mg.gov.br\/wp-content\/uploads\/2022\/02\/WhatsApp-Image-2022-02-16-at-16.21.25-768x576.jpeg 768w, https:\/\/arquivo.pedroleopoldo.mg.gov.br\/wp-content\/uploads\/2022\/02\/WhatsApp-Image-2022-02-16-at-16.21.25.jpeg 1280w\" sizes=\"(max-width: 1024px) 100vw, 1024px\" \/><\/figure>\n\n\n\n<figure class=\"wp-block-image size-large\"><img decoding=\"async\" loading=\"lazy\" width=\"1024\" height=\"768\" src=\"http:\/\/pedroleopoldo.mg.gov.br\/wp-content\/uploads\/2022\/02\/WhatsApp-Image-2022-02-16-at-16.21.27-1024x768.jpeg\" alt=\"\" class=\"wp-image-19795\" srcset=\"https:\/\/arquivo.pedroleopoldo.mg.gov.br\/wp-content\/uploads\/2022\/02\/WhatsApp-Image-2022-02-16-at-16.21.27-1024x768.jpeg 1024w, https:\/\/arquivo.pedroleopoldo.mg.gov.br\/wp-content\/uploads\/2022\/02\/WhatsApp-Image-2022-02-16-at-16.21.27-300x225.jpeg 300w, https:\/\/arquivo.pedroleopoldo.mg.gov.br\/wp-content\/uploads\/2022\/02\/WhatsApp-Image-2022-02-16-at-16.21.27-768x576.jpeg 768w, https:\/\/arquivo.pedroleopoldo.mg.gov.br\/wp-content\/uploads\/2022\/02\/WhatsApp-Image-2022-02-16-at-16.21.27.jpeg 1280w\" sizes=\"(max-width: 1024px) 100vw, 1024px\" \/><\/figure>\n","protected":false},"excerpt":{"rendered":"<p>Em busca de atualiza\u00e7\u00e3o em Gest\u00e3o P\u00fablica, hoje, dia 16, representantes do Executivo Municipal de Pedro Leopoldo participaram da I Feira de Gest\u00e3o e Servi\u00e7os do Cisrec. Palestras e servi\u00e7os importantes para melhoria da infraestrutura dos munic\u00edpios estiveram na pauta. Al\u00e9m da Prefeita Eloisa Helena, atualmente Primeira Secret\u00e1ria do Cons\u00f3rcio Intermunicipal de Sa\u00fade e de &hellip; <a href=\"https:\/\/arquivo.pedroleopoldo.mg.gov.br\/?p=19788\" class=\"more-link\">Continuar lendo <span class=\"screen-reader-text\">Chefes do executivo participam de feira do CISREC<\/span><\/a><\/p>\n","protected":false},"author":1,"featured_media":19794,"comment_status":"closed","ping_status":"closed","sticky":false,"template":"","format":"standard","meta":{"footnotes":""},"categories":[4],"tags":[],"_links":{"self":[{"href":"https:\/\/arquivo.pedroleopoldo.mg.gov.br\/index.php?rest_route=\/wp\/v2\/posts\/19788"}],"collection":[{"href":"https:\/\/arquivo.pedroleopoldo.mg.gov.br\/index.php?rest_route=\/wp\/v2\/posts"}],"about":[{"href":"https:\/\/arquivo.pedroleopoldo.mg.gov.br\/index.php?rest_route=\/wp\/v2\/types\/post"}],"author":[{"embeddable":true,"href":"https:\/\/arquivo.pedroleopoldo.mg.gov.br\/index.php?rest_route=\/wp\/v2\/users\/1"}],"replies":[{"embeddable":true,"href":"https:\/\/arquivo.pedroleopoldo.mg.gov.br\/index.php?rest_route=%2Fwp%2Fv2%2Fcomments&post=19788"}],"version-history":[{"count":0,"href":"https:\/\/arquivo.pedroleopoldo.mg.gov.br\/index.php?rest_route=\/wp\/v2\/posts\/19788\/revisions"}],"wp:featuredmedia":[{"embeddable":true,"href":"https:\/\/arquivo.pedroleopoldo.mg.gov.br\/index.php?rest_route=\/wp\/v2\/media\/19794"}],"wp:attachment":[{"href":"https:\/\/arquivo.pedroleopoldo.mg.gov.br\/index.php?rest_route=%2Fwp%2Fv2%2Fmedia&parent=19788"}],"wp:term":[{"taxonomy":"category","embeddable":true,"href":"https:\/\/arquivo.pedroleopoldo.mg.gov.br\/index.php?rest_route=%2Fwp%2Fv2%2Fcategories&post=19788"},{"taxonomy":"post_tag","embeddable":true,"href":"https:\/\/arquivo.pedroleopoldo.mg.gov.br\/index.php?rest_route=%2Fwp%2Fv2%2Ftags&post=19788"}],"curies":[{"name":"wp","href":"https:\/\/api.w.org\/{rel}","templated":true}]}}