{"id":19725,"date":"2022-02-11T17:49:44","date_gmt":"2022-02-11T20:49:44","guid":{"rendered":"http:\/\/pedroleopoldo.mg.gov.br\/?p=19725"},"modified":"2022-02-11T17:49:49","modified_gmt":"2022-02-11T20:49:49","slug":"volta-as-aulas-acontece-nesta-segunda-feira-14-de-fevereiro","status":"publish","type":"post","link":"https:\/\/arquivo.pedroleopoldo.mg.gov.br\/?p=19725","title":{"rendered":"Volta \u00e0s aulas acontece nesta segunda-feira, 14 de fevereiro"},"content":{"rendered":"\n<p>Come\u00e7am nesta segunda-feira, 14 de fevereiro, as aulas presenciais para toda a rede Municipal e Estadual de Pedro Leopoldo, incluindo as escolas particulares. Em nosso site voc\u00ea encontra o decreto de volta \u00e0s aulas e o protocolo de retorno das atividades pedag\u00f3gicas.<\/p>\n\n\n<a href=\"https:\/\/pedroleopoldo.mg.gov.br\/wp-content\/uploads\/2022\/02\/DECRETO-N\u00ba-2156-PROTOCOLO-VOLTA-\u00c0S-AULAS.pdf\" class=\"pdfemb-viewer\" style=\"\" data-width=\"max\" data-height=\"max\" data-toolbar=\"both\" data-toolbar-fixed=\"on\">DECRETO-N\u00ba-2156-PROTOCOLO-VOLTA-\u00c0S-AULAS<\/a>\n<p class=\"wp-block-pdfemb-pdf-embedder-viewer\"><\/p>\n\n\n<a href=\"https:\/\/pedroleopoldo.mg.gov.br\/wp-content\/uploads\/2022\/02\/PROTOCOLO-SANIT\u00c1RIO-PEDRO-LEOPOLDO-MG-4\u00b0-vers\u00e3o.pdf\" class=\"pdfemb-viewer\" style=\"\" data-width=\"max\" data-height=\"max\" data-toolbar=\"both\" data-toolbar-fixed=\"on\">PROTOCOLO-SANIT\u00c1RIO-PEDRO-LEOPOLDO-MG-4\u00b0-vers\u00e3o<\/a>\n<p class=\"wp-block-pdfemb-pdf-embedder-viewer\"><\/p>\n\n\n\n<p><\/p>\n","protected":false},"excerpt":{"rendered":"<p>Come\u00e7am nesta segunda-feira, 14 de fevereiro, as aulas presenciais para toda a rede Municipal e Estadual de Pedro Leopoldo, incluindo as escolas particulares. Em nosso site voc\u00ea encontra o decreto de volta \u00e0s aulas e o protocolo de retorno das atividades pedag\u00f3gicas.<\/p>\n","protected":false},"author":1,"featured_media":19728,"comment_status":"closed","ping_status":"closed","sticky":false,"template":"","format":"standard","meta":{"footnotes":""},"categories":[4],"tags":[],"_links":{"self":[{"href":"https:\/\/arquivo.pedroleopoldo.mg.gov.br\/index.php?rest_route=\/wp\/v2\/posts\/19725"}],"collection":[{"href":"https:\/\/arquivo.pedroleopoldo.mg.gov.br\/index.php?rest_route=\/wp\/v2\/posts"}],"about":[{"href":"https:\/\/arquivo.pedroleopoldo.mg.gov.br\/index.php?rest_route=\/wp\/v2\/types\/post"}],"author":[{"embeddable":true,"href":"https:\/\/arquivo.pedroleopoldo.mg.gov.br\/index.php?rest_route=\/wp\/v2\/users\/1"}],"replies":[{"embeddable":true,"href":"https:\/\/arquivo.pedroleopoldo.mg.gov.br\/index.php?rest_route=%2Fwp%2Fv2%2Fcomments&post=19725"}],"version-history":[{"count":0,"href":"https:\/\/arquivo.pedroleopoldo.mg.gov.br\/index.php?rest_route=\/wp\/v2\/posts\/19725\/revisions"}],"wp:featuredmedia":[{"embeddable":true,"href":"https:\/\/arquivo.pedroleopoldo.mg.gov.br\/index.php?rest_route=\/wp\/v2\/media\/19728"}],"wp:attachment":[{"href":"https:\/\/arquivo.pedroleopoldo.mg.gov.br\/index.php?rest_route=%2Fwp%2Fv2%2Fmedia&parent=19725"}],"wp:term":[{"taxonomy":"category","embeddable":true,"href":"https:\/\/arquivo.pedroleopoldo.mg.gov.br\/index.php?rest_route=%2Fwp%2Fv2%2Fcategories&post=19725"},{"taxonomy":"post_tag","embeddable":true,"href":"https:\/\/arquivo.pedroleopoldo.mg.gov.br\/index.php?rest_route=%2Fwp%2Fv2%2Ftags&post=19725"}],"curies":[{"name":"wp","href":"https:\/\/api.w.org\/{rel}","templated":true}]}}