{"id":19663,"date":"2022-02-04T14:56:00","date_gmt":"2022-02-04T17:56:00","guid":{"rendered":"http:\/\/pedroleopoldo.mg.gov.br\/?p=19663"},"modified":"2022-02-04T14:56:04","modified_gmt":"2022-02-04T17:56:04","slug":"cem-passa-a-funcionar-no-cias","status":"publish","type":"post","link":"https:\/\/arquivo.pedroleopoldo.mg.gov.br\/?p=19663","title":{"rendered":"CEM passa a funcionar no CIAS"},"content":{"rendered":"\n<p><strong>MUDAN\u00c7A DO CEM \u2013 CENTRO DE ESPECIALIDADES M\u00c9DICAS PARA O PARA O CIAS \u2013 CENTRO INTEGRADO DE ATEN\u00c7\u00c3O \u00c0 SA\u00daDE<\/strong><\/p>\n\n\n\n<p>A Secretaria Municipal de Sa\u00fade iniciou o processo de transfer\u00eancia dos servi\u00e7os e equipamentos do Centro de Especialidades M\u00e9dicas (CEM), situado \u00e0 Rua 27 de janeiro, 80, para o novo espa\u00e7o, o CIAS &#8211; Centro Integrado de Aten\u00e7\u00e3o \u00e0 Sa\u00fade, localizado \u00e0 Rua Ant\u00f4nio Cardoso Rodrigues, 63 \u2013 Centro. O local onde o CEM passar\u00e1 a funcionar, o CIAS, abre as portas na pr\u00f3xima ter\u00e7a-feira, dia 08 de fevereiro, para atender \u00e0 popula\u00e7\u00e3o. A mudan\u00e7a se justifica devido \u00e0 necessidade de adequa\u00e7\u00e3o da estrutura do pr\u00e9dio, que se agravara com o per\u00edodo de chuvas intensas.<\/p>\n\n\n\n<p>O CEM funcionar\u00e1 de 07h \u00e0s 17h, de segunda \u00e0 sexta-feira, com as seguintes especialidades: Cardiologia, Cirurgia geral, Dermatologia, Angiologia, Endocrinologia, Urologia, Pneumologia e Otorrinolaringologia.<\/p>\n\n\n\n<p>Os pacientes que precisarem de atendimento de cl\u00ednica geral dever\u00e3o procurar a Unidade de Sa\u00fade que continua funcionamento no pr\u00e9dio do antigo CEM, \u00e0 rua 27 de janeiro, N\u00ba 80, que permanecer\u00e1 com atendimentos ambulatoriais para a popula\u00e7\u00e3o da regi\u00e3o central e bairros descobertos de Estrat\u00e9gia da Sa\u00fade da Fam\u00edlia. O local est\u00e1 sendo reformado para o seu pleno funcionamento, ressaltando que a atual estrutura comporta o n\u00famero de profissionais que permanecer\u00e3o na unidade.<\/p>\n\n\n\n<p>A mudan\u00e7a proporcionar\u00e1 mais espa\u00e7o, conforto, acessibilidade e bem-estar aos usu\u00e1rios. Futuramente, o CIAS ainda receber\u00e1 os servi\u00e7os da Farm\u00e1cia Central, a Fisioterapia e a Cl\u00ednica de Sa\u00fade da Mulher e da Crian\u00e7a, al\u00e9m do \u00a0Servi\u00e7o de Sa\u00fade Mental.<\/p>\n\n\n\n<figure class=\"wp-block-gallery columns-3 is-cropped wp-block-gallery-1 is-layout-flex wp-block-gallery-is-layout-flex\"><ul class=\"blocks-gallery-grid\"><li class=\"blocks-gallery-item\"><figure><img decoding=\"async\" loading=\"lazy\" width=\"1024\" height=\"768\" src=\"http:\/\/pedroleopoldo.mg.gov.br\/wp-content\/uploads\/2022\/02\/WhatsApp-Image-2022-02-04-at-13.22.01-1-1024x768.jpeg\" alt=\"\" data-id=\"19670\" data-full-url=\"http:\/\/pedroleopoldo.mg.gov.br\/wp-content\/uploads\/2022\/02\/WhatsApp-Image-2022-02-04-at-13.22.01-1.jpeg\" data-link=\"http:\/\/pedroleopoldo.mg.gov.br\/?attachment_id=19670\" class=\"wp-image-19670\" srcset=\"https:\/\/arquivo.pedroleopoldo.mg.gov.br\/wp-content\/uploads\/2022\/02\/WhatsApp-Image-2022-02-04-at-13.22.01-1-1024x768.jpeg 1024w, https:\/\/arquivo.pedroleopoldo.mg.gov.br\/wp-content\/uploads\/2022\/02\/WhatsApp-Image-2022-02-04-at-13.22.01-1-300x225.jpeg 300w, https:\/\/arquivo.pedroleopoldo.mg.gov.br\/wp-content\/uploads\/2022\/02\/WhatsApp-Image-2022-02-04-at-13.22.01-1-768x576.jpeg 768w, https:\/\/arquivo.pedroleopoldo.mg.gov.br\/wp-content\/uploads\/2022\/02\/WhatsApp-Image-2022-02-04-at-13.22.01-1-1536x1152.jpeg 1536w, https:\/\/arquivo.pedroleopoldo.mg.gov.br\/wp-content\/uploads\/2022\/02\/WhatsApp-Image-2022-02-04-at-13.22.01-1.jpeg 1600w\" sizes=\"(max-width: 1024px) 100vw, 1024px\" \/><\/figure><\/li><li class=\"blocks-gallery-item\"><figure><img decoding=\"async\" loading=\"lazy\" width=\"1024\" height=\"768\" src=\"http:\/\/pedroleopoldo.mg.gov.br\/wp-content\/uploads\/2022\/02\/WhatsApp-Image-2022-02-04-at-13.26.50-1-1024x768.jpeg\" alt=\"\" data-id=\"19671\" data-full-url=\"http:\/\/pedroleopoldo.mg.gov.br\/wp-content\/uploads\/2022\/02\/WhatsApp-Image-2022-02-04-at-13.26.50-1.jpeg\" data-link=\"http:\/\/pedroleopoldo.mg.gov.br\/?attachment_id=19671\" class=\"wp-image-19671\" srcset=\"https:\/\/arquivo.pedroleopoldo.mg.gov.br\/wp-content\/uploads\/2022\/02\/WhatsApp-Image-2022-02-04-at-13.26.50-1-1024x768.jpeg 1024w, https:\/\/arquivo.pedroleopoldo.mg.gov.br\/wp-content\/uploads\/2022\/02\/WhatsApp-Image-2022-02-04-at-13.26.50-1-300x225.jpeg 300w, https:\/\/arquivo.pedroleopoldo.mg.gov.br\/wp-content\/uploads\/2022\/02\/WhatsApp-Image-2022-02-04-at-13.26.50-1-768x576.jpeg 768w, https:\/\/arquivo.pedroleopoldo.mg.gov.br\/wp-content\/uploads\/2022\/02\/WhatsApp-Image-2022-02-04-at-13.26.50-1-1536x1152.jpeg 1536w, https:\/\/arquivo.pedroleopoldo.mg.gov.br\/wp-content\/uploads\/2022\/02\/WhatsApp-Image-2022-02-04-at-13.26.50-1.jpeg 1600w\" sizes=\"(max-width: 1024px) 100vw, 1024px\" \/><\/figure><\/li><li class=\"blocks-gallery-item\"><figure><img decoding=\"async\" loading=\"lazy\" width=\"1024\" height=\"768\" src=\"http:\/\/pedroleopoldo.mg.gov.br\/wp-content\/uploads\/2022\/02\/WhatsApp-Image-2022-02-04-at-13.28.12-1-1024x768.jpeg\" alt=\"\" data-id=\"19672\" data-full-url=\"http:\/\/pedroleopoldo.mg.gov.br\/wp-content\/uploads\/2022\/02\/WhatsApp-Image-2022-02-04-at-13.28.12-1.jpeg\" data-link=\"http:\/\/pedroleopoldo.mg.gov.br\/?attachment_id=19672\" class=\"wp-image-19672\" srcset=\"https:\/\/arquivo.pedroleopoldo.mg.gov.br\/wp-content\/uploads\/2022\/02\/WhatsApp-Image-2022-02-04-at-13.28.12-1-1024x768.jpeg 1024w, https:\/\/arquivo.pedroleopoldo.mg.gov.br\/wp-content\/uploads\/2022\/02\/WhatsApp-Image-2022-02-04-at-13.28.12-1-300x225.jpeg 300w, https:\/\/arquivo.pedroleopoldo.mg.gov.br\/wp-content\/uploads\/2022\/02\/WhatsApp-Image-2022-02-04-at-13.28.12-1-768x576.jpeg 768w, https:\/\/arquivo.pedroleopoldo.mg.gov.br\/wp-content\/uploads\/2022\/02\/WhatsApp-Image-2022-02-04-at-13.28.12-1-1536x1152.jpeg 1536w, https:\/\/arquivo.pedroleopoldo.mg.gov.br\/wp-content\/uploads\/2022\/02\/WhatsApp-Image-2022-02-04-at-13.28.12-1.jpeg 1600w\" sizes=\"(max-width: 1024px) 100vw, 1024px\" \/><\/figure><\/li><li class=\"blocks-gallery-item\"><figure><img decoding=\"async\" loading=\"lazy\" width=\"1024\" height=\"768\" src=\"http:\/\/pedroleopoldo.mg.gov.br\/wp-content\/uploads\/2022\/02\/WhatsApp-Image-2022-02-04-at-13.28.14-1-1024x768.jpeg\" alt=\"\" data-id=\"19673\" data-full-url=\"http:\/\/pedroleopoldo.mg.gov.br\/wp-content\/uploads\/2022\/02\/WhatsApp-Image-2022-02-04-at-13.28.14-1.jpeg\" data-link=\"http:\/\/pedroleopoldo.mg.gov.br\/?attachment_id=19673\" class=\"wp-image-19673\" srcset=\"https:\/\/arquivo.pedroleopoldo.mg.gov.br\/wp-content\/uploads\/2022\/02\/WhatsApp-Image-2022-02-04-at-13.28.14-1-1024x768.jpeg 1024w, https:\/\/arquivo.pedroleopoldo.mg.gov.br\/wp-content\/uploads\/2022\/02\/WhatsApp-Image-2022-02-04-at-13.28.14-1-300x225.jpeg 300w, https:\/\/arquivo.pedroleopoldo.mg.gov.br\/wp-content\/uploads\/2022\/02\/WhatsApp-Image-2022-02-04-at-13.28.14-1-768x576.jpeg 768w, https:\/\/arquivo.pedroleopoldo.mg.gov.br\/wp-content\/uploads\/2022\/02\/WhatsApp-Image-2022-02-04-at-13.28.14-1-1536x1152.jpeg 1536w, https:\/\/arquivo.pedroleopoldo.mg.gov.br\/wp-content\/uploads\/2022\/02\/WhatsApp-Image-2022-02-04-at-13.28.14-1.jpeg 1600w\" sizes=\"(max-width: 1024px) 100vw, 1024px\" \/><\/figure><\/li><li class=\"blocks-gallery-item\"><figure><img decoding=\"async\" loading=\"lazy\" width=\"1024\" height=\"768\" src=\"http:\/\/pedroleopoldo.mg.gov.br\/wp-content\/uploads\/2022\/02\/WhatsApp-Image-2022-02-04-at-13.30.39-1-1024x768.jpeg\" alt=\"\" data-id=\"19674\" data-full-url=\"http:\/\/pedroleopoldo.mg.gov.br\/wp-content\/uploads\/2022\/02\/WhatsApp-Image-2022-02-04-at-13.30.39-1.jpeg\" data-link=\"http:\/\/pedroleopoldo.mg.gov.br\/?attachment_id=19674\" class=\"wp-image-19674\" srcset=\"https:\/\/arquivo.pedroleopoldo.mg.gov.br\/wp-content\/uploads\/2022\/02\/WhatsApp-Image-2022-02-04-at-13.30.39-1-1024x768.jpeg 1024w, https:\/\/arquivo.pedroleopoldo.mg.gov.br\/wp-content\/uploads\/2022\/02\/WhatsApp-Image-2022-02-04-at-13.30.39-1-300x225.jpeg 300w, https:\/\/arquivo.pedroleopoldo.mg.gov.br\/wp-content\/uploads\/2022\/02\/WhatsApp-Image-2022-02-04-at-13.30.39-1-768x576.jpeg 768w, https:\/\/arquivo.pedroleopoldo.mg.gov.br\/wp-content\/uploads\/2022\/02\/WhatsApp-Image-2022-02-04-at-13.30.39-1-1536x1152.jpeg 1536w, https:\/\/arquivo.pedroleopoldo.mg.gov.br\/wp-content\/uploads\/2022\/02\/WhatsApp-Image-2022-02-04-at-13.30.39-1.jpeg 1600w\" sizes=\"(max-width: 1024px) 100vw, 1024px\" \/><\/figure><\/li><li class=\"blocks-gallery-item\"><figure><img decoding=\"async\" loading=\"lazy\" width=\"1024\" height=\"768\" src=\"http:\/\/pedroleopoldo.mg.gov.br\/wp-content\/uploads\/2022\/02\/WhatsApp-Image-2022-02-04-at-13.30.40-1-1024x768.jpeg\" alt=\"\" data-id=\"19675\" data-full-url=\"http:\/\/pedroleopoldo.mg.gov.br\/wp-content\/uploads\/2022\/02\/WhatsApp-Image-2022-02-04-at-13.30.40-1.jpeg\" data-link=\"http:\/\/pedroleopoldo.mg.gov.br\/?attachment_id=19675\" class=\"wp-image-19675\" srcset=\"https:\/\/arquivo.pedroleopoldo.mg.gov.br\/wp-content\/uploads\/2022\/02\/WhatsApp-Image-2022-02-04-at-13.30.40-1-1024x768.jpeg 1024w, https:\/\/arquivo.pedroleopoldo.mg.gov.br\/wp-content\/uploads\/2022\/02\/WhatsApp-Image-2022-02-04-at-13.30.40-1-300x225.jpeg 300w, https:\/\/arquivo.pedroleopoldo.mg.gov.br\/wp-content\/uploads\/2022\/02\/WhatsApp-Image-2022-02-04-at-13.30.40-1-768x576.jpeg 768w, https:\/\/arquivo.pedroleopoldo.mg.gov.br\/wp-content\/uploads\/2022\/02\/WhatsApp-Image-2022-02-04-at-13.30.40-1-1536x1152.jpeg 1536w, https:\/\/arquivo.pedroleopoldo.mg.gov.br\/wp-content\/uploads\/2022\/02\/WhatsApp-Image-2022-02-04-at-13.30.40-1.jpeg 1600w\" sizes=\"(max-width: 1024px) 100vw, 1024px\" \/><\/figure><\/li><\/ul><\/figure>\n","protected":false},"excerpt":{"rendered":"<p>MUDAN\u00c7A DO CEM \u2013 CENTRO DE ESPECIALIDADES M\u00c9DICAS PARA O PARA O CIAS \u2013 CENTRO INTEGRADO DE ATEN\u00c7\u00c3O \u00c0 SA\u00daDE A Secretaria Municipal de Sa\u00fade iniciou o processo de transfer\u00eancia dos servi\u00e7os e equipamentos do Centro de Especialidades M\u00e9dicas (CEM), situado \u00e0 Rua 27 de janeiro, 80, para o novo espa\u00e7o, o CIAS &#8211; Centro &hellip; <a href=\"https:\/\/arquivo.pedroleopoldo.mg.gov.br\/?p=19663\" class=\"more-link\">Continuar lendo <span class=\"screen-reader-text\">CEM passa a funcionar no CIAS<\/span><\/a><\/p>\n","protected":false},"author":1,"featured_media":19668,"comment_status":"closed","ping_status":"closed","sticky":false,"template":"","format":"standard","meta":{"footnotes":""},"categories":[4],"tags":[],"_links":{"self":[{"href":"https:\/\/arquivo.pedroleopoldo.mg.gov.br\/index.php?rest_route=\/wp\/v2\/posts\/19663"}],"collection":[{"href":"https:\/\/arquivo.pedroleopoldo.mg.gov.br\/index.php?rest_route=\/wp\/v2\/posts"}],"about":[{"href":"https:\/\/arquivo.pedroleopoldo.mg.gov.br\/index.php?rest_route=\/wp\/v2\/types\/post"}],"author":[{"embeddable":true,"href":"https:\/\/arquivo.pedroleopoldo.mg.gov.br\/index.php?rest_route=\/wp\/v2\/users\/1"}],"replies":[{"embeddable":true,"href":"https:\/\/arquivo.pedroleopoldo.mg.gov.br\/index.php?rest_route=%2Fwp%2Fv2%2Fcomments&post=19663"}],"version-history":[{"count":0,"href":"https:\/\/arquivo.pedroleopoldo.mg.gov.br\/index.php?rest_route=\/wp\/v2\/posts\/19663\/revisions"}],"wp:featuredmedia":[{"embeddable":true,"href":"https:\/\/arquivo.pedroleopoldo.mg.gov.br\/index.php?rest_route=\/wp\/v2\/media\/19668"}],"wp:attachment":[{"href":"https:\/\/arquivo.pedroleopoldo.mg.gov.br\/index.php?rest_route=%2Fwp%2Fv2%2Fmedia&parent=19663"}],"wp:term":[{"taxonomy":"category","embeddable":true,"href":"https:\/\/arquivo.pedroleopoldo.mg.gov.br\/index.php?rest_route=%2Fwp%2Fv2%2Fcategories&post=19663"},{"taxonomy":"post_tag","embeddable":true,"href":"https:\/\/arquivo.pedroleopoldo.mg.gov.br\/index.php?rest_route=%2Fwp%2Fv2%2Ftags&post=19663"}],"curies":[{"name":"wp","href":"https:\/\/api.w.org\/{rel}","templated":true}]}}