{"id":19660,"date":"2022-02-04T13:52:26","date_gmt":"2022-02-04T16:52:26","guid":{"rendered":"http:\/\/pedroleopoldo.mg.gov.br\/?p=19660"},"modified":"2022-02-04T13:52:31","modified_gmt":"2022-02-04T16:52:31","slug":"chefes-do-executivo-se-reunem-com-presidente-da-fiemg","status":"publish","type":"post","link":"https:\/\/arquivo.pedroleopoldo.mg.gov.br\/?p=19660","title":{"rendered":"Chefes do executivo se re\u00fanem com presidente da FIEMG"},"content":{"rendered":"\n<p>Na tarde de ontem (03\/02), as chefes do Executivo, Eloisa Helena e Ana Paula Santos estiveram com o Sr. Fl\u00e1vio Roscoe, presidente da Federa\u00e7\u00e3o das Ind\u00fastrias do Estado de Minas Gerais (FiEMG) que ajuizou a\u00e7\u00e3o civil p\u00fablica contra a Uni\u00e3o Federal e contra o ICMBio. <\/p>\n\n\n\n<p>Prefeita e vice-prefeita foram refor\u00e7ar o apoio do Munic\u00edpio \u00e0 a\u00e7\u00e3o que requer a indeniza\u00e7\u00e3o por dano moral coletivo pelo embargo da obra da Cervejaria Heineken na cidade. <\/p>\n\n\n\n<p>Na a\u00e7\u00e3o, a FIEMG sustenta que o ato dos agentes do ICMBio implicou em s\u00e9rios preju\u00edzos sociais e econ\u00f4micos ao munic\u00edpio e a Prefeitura apoia qualquer a\u00e7\u00e3o que vise beneficiar os pedroleopoldenses, incluindo as que solicitem ou incentivem a revers\u00e3o da decis\u00e3o da empresa. <\/p>\n\n\n\n<p>A atual gest\u00e3o entende que a \u00e1rea pretendida em nada traria os preju\u00edzos para o meio ambiente que foram amplamente divulgados e luta, ent\u00e3o, para que uma poss\u00edvel condena\u00e7\u00e3o traga investimentos para todo o Vetor Norte!<\/p>\n","protected":false},"excerpt":{"rendered":"<p>Na tarde de ontem (03\/02), as chefes do Executivo, Eloisa Helena e Ana Paula Santos estiveram com o Sr. Fl\u00e1vio Roscoe, presidente da Federa\u00e7\u00e3o das Ind\u00fastrias do Estado de Minas Gerais (FiEMG) que ajuizou a\u00e7\u00e3o civil p\u00fablica contra a Uni\u00e3o Federal e contra o ICMBio. Prefeita e vice-prefeita foram refor\u00e7ar o apoio do Munic\u00edpio \u00e0 &hellip; <a href=\"https:\/\/arquivo.pedroleopoldo.mg.gov.br\/?p=19660\" class=\"more-link\">Continuar lendo <span class=\"screen-reader-text\">Chefes do executivo se re\u00fanem com presidente da FIEMG<\/span><\/a><\/p>\n","protected":false},"author":1,"featured_media":19661,"comment_status":"closed","ping_status":"closed","sticky":false,"template":"","format":"standard","meta":{"footnotes":""},"categories":[4],"tags":[],"_links":{"self":[{"href":"https:\/\/arquivo.pedroleopoldo.mg.gov.br\/index.php?rest_route=\/wp\/v2\/posts\/19660"}],"collection":[{"href":"https:\/\/arquivo.pedroleopoldo.mg.gov.br\/index.php?rest_route=\/wp\/v2\/posts"}],"about":[{"href":"https:\/\/arquivo.pedroleopoldo.mg.gov.br\/index.php?rest_route=\/wp\/v2\/types\/post"}],"author":[{"embeddable":true,"href":"https:\/\/arquivo.pedroleopoldo.mg.gov.br\/index.php?rest_route=\/wp\/v2\/users\/1"}],"replies":[{"embeddable":true,"href":"https:\/\/arquivo.pedroleopoldo.mg.gov.br\/index.php?rest_route=%2Fwp%2Fv2%2Fcomments&post=19660"}],"version-history":[{"count":0,"href":"https:\/\/arquivo.pedroleopoldo.mg.gov.br\/index.php?rest_route=\/wp\/v2\/posts\/19660\/revisions"}],"wp:featuredmedia":[{"embeddable":true,"href":"https:\/\/arquivo.pedroleopoldo.mg.gov.br\/index.php?rest_route=\/wp\/v2\/media\/19661"}],"wp:attachment":[{"href":"https:\/\/arquivo.pedroleopoldo.mg.gov.br\/index.php?rest_route=%2Fwp%2Fv2%2Fmedia&parent=19660"}],"wp:term":[{"taxonomy":"category","embeddable":true,"href":"https:\/\/arquivo.pedroleopoldo.mg.gov.br\/index.php?rest_route=%2Fwp%2Fv2%2Fcategories&post=19660"},{"taxonomy":"post_tag","embeddable":true,"href":"https:\/\/arquivo.pedroleopoldo.mg.gov.br\/index.php?rest_route=%2Fwp%2Fv2%2Ftags&post=19660"}],"curies":[{"name":"wp","href":"https:\/\/api.w.org\/{rel}","templated":true}]}}