{"id":19602,"date":"2022-01-26T15:58:21","date_gmt":"2022-01-26T18:58:21","guid":{"rendered":"http:\/\/pedroleopoldo.mg.gov.br\/?p=19602"},"modified":"2022-01-26T15:58:25","modified_gmt":"2022-01-26T18:58:25","slug":"visite-a-exposicao-dos-98-anos-de-pedro-leopoldo","status":"publish","type":"post","link":"https:\/\/arquivo.pedroleopoldo.mg.gov.br\/?p=19602","title":{"rendered":"Visite a exposi\u00e7\u00e3o dos 98 anos de Pedro Leopoldo"},"content":{"rendered":"\n<p><em>Pedimos que ao visitarem a exposi\u00e7\u00e3o na pra\u00e7a Francisco C\u00e2ndido Xavier (Pra\u00e7a da Prefeitura), usem m\u00e1scara e respeitem o distanciamento necess\u00e1rio.<\/em> O trabalho ficar\u00e1 exposto at\u00e9 o dia 31 de janeiro, na pra\u00e7a e em outros pontos da cidade, para conferir todos os detalhes, leia a mat\u00e9ria na \u00edntegra: <a href=\"http:\/\/pedroleopoldo.mg.gov.br\/?p=19588 \">http:\/\/pedroleopoldo.mg.gov.br\/?p=19588 <\/a><\/p>\n\n\n\n<p>Clique no link a seguir e confira os v\u00eddeos da exposi\u00e7\u00e3o!<\/p>\n\n\n\n<figure class=\"wp-block-embed-wordpress wp-block-embed is-type-wp-embed is-provider-prefeitura-municipal-de-pedro-leopoldo\"><div class=\"wp-block-embed__wrapper\">\nhttp:\/\/pedroleopoldo.mg.gov.br\/?p=19503\n<\/div><\/figure>\n","protected":false},"excerpt":{"rendered":"<p>Pedimos que ao visitarem a exposi\u00e7\u00e3o na pra\u00e7a Francisco C\u00e2ndido Xavier (Pra\u00e7a da Prefeitura), usem m\u00e1scara e respeitem o distanciamento necess\u00e1rio. O trabalho ficar\u00e1 exposto at\u00e9 o dia 31 de janeiro, na pra\u00e7a e em outros pontos da cidade, para conferir todos os detalhes, leia a mat\u00e9ria na \u00edntegra: http:\/\/pedroleopoldo.mg.gov.br\/?p=19588 Clique no link a seguir &hellip; <a href=\"https:\/\/arquivo.pedroleopoldo.mg.gov.br\/?p=19602\" class=\"more-link\">Continuar lendo <span class=\"screen-reader-text\">Visite a exposi\u00e7\u00e3o dos 98 anos de Pedro Leopoldo<\/span><\/a><\/p>\n","protected":false},"author":1,"featured_media":19603,"comment_status":"closed","ping_status":"closed","sticky":false,"template":"","format":"standard","meta":{"footnotes":""},"categories":[4],"tags":[],"_links":{"self":[{"href":"https:\/\/arquivo.pedroleopoldo.mg.gov.br\/index.php?rest_route=\/wp\/v2\/posts\/19602"}],"collection":[{"href":"https:\/\/arquivo.pedroleopoldo.mg.gov.br\/index.php?rest_route=\/wp\/v2\/posts"}],"about":[{"href":"https:\/\/arquivo.pedroleopoldo.mg.gov.br\/index.php?rest_route=\/wp\/v2\/types\/post"}],"author":[{"embeddable":true,"href":"https:\/\/arquivo.pedroleopoldo.mg.gov.br\/index.php?rest_route=\/wp\/v2\/users\/1"}],"replies":[{"embeddable":true,"href":"https:\/\/arquivo.pedroleopoldo.mg.gov.br\/index.php?rest_route=%2Fwp%2Fv2%2Fcomments&post=19602"}],"version-history":[{"count":0,"href":"https:\/\/arquivo.pedroleopoldo.mg.gov.br\/index.php?rest_route=\/wp\/v2\/posts\/19602\/revisions"}],"wp:featuredmedia":[{"embeddable":true,"href":"https:\/\/arquivo.pedroleopoldo.mg.gov.br\/index.php?rest_route=\/wp\/v2\/media\/19603"}],"wp:attachment":[{"href":"https:\/\/arquivo.pedroleopoldo.mg.gov.br\/index.php?rest_route=%2Fwp%2Fv2%2Fmedia&parent=19602"}],"wp:term":[{"taxonomy":"category","embeddable":true,"href":"https:\/\/arquivo.pedroleopoldo.mg.gov.br\/index.php?rest_route=%2Fwp%2Fv2%2Fcategories&post=19602"},{"taxonomy":"post_tag","embeddable":true,"href":"https:\/\/arquivo.pedroleopoldo.mg.gov.br\/index.php?rest_route=%2Fwp%2Fv2%2Ftags&post=19602"}],"curies":[{"name":"wp","href":"https:\/\/api.w.org\/{rel}","templated":true}]}}