{"id":19522,"date":"2022-01-21T18:14:05","date_gmt":"2022-01-21T21:14:05","guid":{"rendered":"http:\/\/pedroleopoldo.mg.gov.br\/?p=19522"},"modified":"2026-03-23T16:14:03","modified_gmt":"2026-03-23T19:14:03","slug":"processo-seletivo-educacao-2022","status":"publish","type":"post","link":"https:\/\/arquivo.pedroleopoldo.mg.gov.br\/?p=19522","title":{"rendered":"Processo Seletivo Educa\u00e7\u00e3o 2022"},"content":{"rendered":"\n<p>Foram publicadas as diretrizes para a designa\u00e7\u00e3o do Processo Seletivo da Educa\u00e7\u00e3o de 2022.<br>Vale ressaltar que este ainda N\u00c3O \u00e9 o resultado final do processo, e sim orienta\u00e7\u00f5es para o conhecimento dos candidatos.<br>A previs\u00e3o para publica\u00e7\u00e3o do resultado final, bem como do cronograma de designa\u00e7\u00e3o, est\u00e1 prevista para o dia 24\/01\/2022.<\/p>\n\n\n<a href=\"https:\/\/arquivo.pedroleopoldo.mg.gov.br\/wp-content\/uploads\/2022\/01\/convoca\u00e7\u00e3o-PS-2022.pdf\" class=\"pdfemb-viewer\" style=\"\" data-width=\"max\" data-height=\"max\" data-toolbar=\"both\" data-toolbar-fixed=\"on\">convoca\u00e7\u00e3o-PS-2022<\/a>\n<p class=\"wp-block-pdfemb-pdf-embedder-viewer\"><\/p>\n\n\n\n<p><\/p>\n","protected":false},"excerpt":{"rendered":"<p>Foram publicadas as diretrizes para a designa\u00e7\u00e3o do Processo Seletivo da Educa\u00e7\u00e3o de 2022.Vale ressaltar que este ainda N\u00c3O \u00e9 o resultado final do processo, e sim orienta\u00e7\u00f5es para o conhecimento dos candidatos.A previs\u00e3o para publica\u00e7\u00e3o do resultado final, bem como do cronograma de designa\u00e7\u00e3o, est\u00e1 prevista para o dia 24\/01\/2022.<\/p>\n","protected":false},"author":1,"featured_media":0,"comment_status":"closed","ping_status":"closed","sticky":false,"template":"","format":"standard","meta":{"footnotes":""},"categories":[36],"tags":[],"_links":{"self":[{"href":"https:\/\/arquivo.pedroleopoldo.mg.gov.br\/index.php?rest_route=\/wp\/v2\/posts\/19522"}],"collection":[{"href":"https:\/\/arquivo.pedroleopoldo.mg.gov.br\/index.php?rest_route=\/wp\/v2\/posts"}],"about":[{"href":"https:\/\/arquivo.pedroleopoldo.mg.gov.br\/index.php?rest_route=\/wp\/v2\/types\/post"}],"author":[{"embeddable":true,"href":"https:\/\/arquivo.pedroleopoldo.mg.gov.br\/index.php?rest_route=\/wp\/v2\/users\/1"}],"replies":[{"embeddable":true,"href":"https:\/\/arquivo.pedroleopoldo.mg.gov.br\/index.php?rest_route=%2Fwp%2Fv2%2Fcomments&post=19522"}],"version-history":[{"count":1,"href":"https:\/\/arquivo.pedroleopoldo.mg.gov.br\/index.php?rest_route=\/wp\/v2\/posts\/19522\/revisions"}],"predecessor-version":[{"id":32308,"href":"https:\/\/arquivo.pedroleopoldo.mg.gov.br\/index.php?rest_route=\/wp\/v2\/posts\/19522\/revisions\/32308"}],"wp:attachment":[{"href":"https:\/\/arquivo.pedroleopoldo.mg.gov.br\/index.php?rest_route=%2Fwp%2Fv2%2Fmedia&parent=19522"}],"wp:term":[{"taxonomy":"category","embeddable":true,"href":"https:\/\/arquivo.pedroleopoldo.mg.gov.br\/index.php?rest_route=%2Fwp%2Fv2%2Fcategories&post=19522"},{"taxonomy":"post_tag","embeddable":true,"href":"https:\/\/arquivo.pedroleopoldo.mg.gov.br\/index.php?rest_route=%2Fwp%2Fv2%2Ftags&post=19522"}],"curies":[{"name":"wp","href":"https:\/\/api.w.org\/{rel}","templated":true}]}}