{"id":19490,"date":"2022-01-19T14:25:52","date_gmt":"2022-01-19T17:25:52","guid":{"rendered":"http:\/\/pedroleopoldo.mg.gov.br\/?p=19490"},"modified":"2022-01-19T14:25:58","modified_gmt":"2022-01-19T17:25:58","slug":"prefeitura-de-pl-da-inicio-a-temporada-de-pavimentacao-pelas-ruas-do-municipio","status":"publish","type":"post","link":"https:\/\/arquivo.pedroleopoldo.mg.gov.br\/?p=19490","title":{"rendered":"Prefeitura de PL d\u00e1 in\u00edcio \u00e0 temporada de pavimenta\u00e7\u00e3o pelas ruas do munic\u00edpio"},"content":{"rendered":"\n<p><em>Tapa-buracos e recapeamento das vias tamb\u00e9m est\u00e3o sendo realizados<\/em><\/p>\n\n\n\n<p>Uma not\u00edcia muito boa para o munic\u00edpio. A Prefeitura de Pedro Leopoldo, por meio da Secretaria de Obras e Servi\u00e7os P\u00fablicos, deu in\u00edcio aos trabalhos de tapa-buracos, recapeamento e pavimenta\u00e7\u00e3o das ruas de Pedro Leopoldo.<\/p>\n\n\n\n<p>Na segunda-feira, 17 de janeiro, a Prefeita Eloisa Helena e a vice-prefeita Ana Paula Santos estiveram na Quinta do Sumidouro acompanhando o come\u00e7o dos trabalhos de pavimenta\u00e7\u00e3o e drenagem pluvial na rua Herculano Soares, local onde o servi\u00e7o era muito reivindicado pelos moradores. \u201cEstou muito feliz de estar aqui e ver que realmente iremos resolver definitivamente o problema\u201d, pontuou Eloisa.<\/p>\n\n\n\n<p>O in\u00edcio das obras deu esperan\u00e7as para os moradores da rua Herculano. \u201cH\u00e1 v\u00e1rios anos convivemos com esse problema. J\u00e1 cansei de empurrar carro aqui. Agora, gra\u00e7as a Deus, com a boa vontade da Prefeita, essa obra vai sair\u201d, disse Emerson, morador da Quinta do Sumidouro.<\/p>\n\n\n\n<div class=\"wp-block-image\"><figure class=\"aligncenter size-large is-resized\"><img decoding=\"async\" loading=\"lazy\" src=\"http:\/\/pedroleopoldo.mg.gov.br\/wp-content\/uploads\/2022\/01\/WhatsApp-Image-2022-01-19-at-12.12.54-698x1024.jpeg\" alt=\"\" class=\"wp-image-19492\" width=\"282\" height=\"413\" srcset=\"https:\/\/arquivo.pedroleopoldo.mg.gov.br\/wp-content\/uploads\/2022\/01\/WhatsApp-Image-2022-01-19-at-12.12.54-698x1024.jpeg 698w, https:\/\/arquivo.pedroleopoldo.mg.gov.br\/wp-content\/uploads\/2022\/01\/WhatsApp-Image-2022-01-19-at-12.12.54-204x300.jpeg 204w, https:\/\/arquivo.pedroleopoldo.mg.gov.br\/wp-content\/uploads\/2022\/01\/WhatsApp-Image-2022-01-19-at-12.12.54-768x1127.jpeg 768w, https:\/\/arquivo.pedroleopoldo.mg.gov.br\/wp-content\/uploads\/2022\/01\/WhatsApp-Image-2022-01-19-at-12.12.54-1047x1536.jpeg 1047w, https:\/\/arquivo.pedroleopoldo.mg.gov.br\/wp-content\/uploads\/2022\/01\/WhatsApp-Image-2022-01-19-at-12.12.54.jpeg 1062w\" sizes=\"(max-width: 282px) 100vw, 282px\" \/><figcaption>Emerson &#8211; Morador da rua Herculano Soares<\/figcaption><\/figure><\/div>\n\n\n\n<p>Quem tamb\u00e9m mora na Herculano e ficou satisfeito com o in\u00edcio das interven\u00e7\u00f5es foi o Sr. Jair Soares. \u201cHerculano Soares era meu av\u00f4 e meu padrinho de batismo. Quando chove aqui a \u00e1gua vai l\u00e1 dentro da minha lojinha. Agora isso vai ser solucionado, finalmente. Esta obra vai ser muito boa para n\u00f3s e para todos que passam por aqui\u201d, disse.<\/p>\n\n\n\n<div class=\"wp-block-image\"><figure class=\"aligncenter size-large is-resized\"><img decoding=\"async\" loading=\"lazy\" src=\"http:\/\/pedroleopoldo.mg.gov.br\/wp-content\/uploads\/2022\/01\/WhatsApp-Image-2022-01-19-at-12.12.17-1024x947.jpeg\" alt=\"\" class=\"wp-image-19491\" width=\"308\" height=\"285\" srcset=\"https:\/\/arquivo.pedroleopoldo.mg.gov.br\/wp-content\/uploads\/2022\/01\/WhatsApp-Image-2022-01-19-at-12.12.17-1024x947.jpeg 1024w, https:\/\/arquivo.pedroleopoldo.mg.gov.br\/wp-content\/uploads\/2022\/01\/WhatsApp-Image-2022-01-19-at-12.12.17-300x278.jpeg 300w, https:\/\/arquivo.pedroleopoldo.mg.gov.br\/wp-content\/uploads\/2022\/01\/WhatsApp-Image-2022-01-19-at-12.12.17-768x710.jpeg 768w, https:\/\/arquivo.pedroleopoldo.mg.gov.br\/wp-content\/uploads\/2022\/01\/WhatsApp-Image-2022-01-19-at-12.12.17.jpeg 1041w\" sizes=\"(max-width: 308px) 100vw, 308px\" \/><figcaption>Jair Soares &#8211; Morador da rua Herculano Soares<\/figcaption><\/figure><\/div>\n\n\n\n<p>De acordo com a equipe Obras, em breve diversos pontos do munic\u00edpio v\u00e3o receber os servi\u00e7os.<\/p>\n\n\n\n<p><strong>Estrada da Holcim<\/strong><\/p>\n\n\n\n<p>O trecho que d\u00e1 acesso \u00e0 Lafarge Holcim, aqui em Pedro Leopoldo, \u00e9 um dos locais que recebeu a opera\u00e7\u00e3o tapa-buracos, desta vez, com o asfalto quente, que possui maior qualidade e durabilidade. A a\u00e7\u00e3o soluciona uma antiga demanda dos motoristas que circulam pelo local.<\/p>\n\n\n\n<div class=\"wp-block-image\"><figure class=\"aligncenter size-large is-resized\"><img decoding=\"async\" loading=\"lazy\" src=\"http:\/\/pedroleopoldo.mg.gov.br\/wp-content\/uploads\/2022\/01\/WhatsApp-Image-2022-01-19-at-12.14.07-768x1024.jpeg\" alt=\"\" class=\"wp-image-19494\" width=\"513\" height=\"684\" srcset=\"https:\/\/arquivo.pedroleopoldo.mg.gov.br\/wp-content\/uploads\/2022\/01\/WhatsApp-Image-2022-01-19-at-12.14.07-768x1024.jpeg 768w, https:\/\/arquivo.pedroleopoldo.mg.gov.br\/wp-content\/uploads\/2022\/01\/WhatsApp-Image-2022-01-19-at-12.14.07-225x300.jpeg 225w, https:\/\/arquivo.pedroleopoldo.mg.gov.br\/wp-content\/uploads\/2022\/01\/WhatsApp-Image-2022-01-19-at-12.14.07-1152x1536.jpeg 1152w, https:\/\/arquivo.pedroleopoldo.mg.gov.br\/wp-content\/uploads\/2022\/01\/WhatsApp-Image-2022-01-19-at-12.14.07.jpeg 1200w\" sizes=\"(max-width: 513px) 100vw, 513px\" \/><figcaption>Prefeita Eloisa Helena, acompanhando a a\u00e7\u00e3o <\/figcaption><\/figure><\/div>\n\n\n\n<figure class=\"wp-block-image size-large\"><img decoding=\"async\" loading=\"lazy\" width=\"1024\" height=\"768\" src=\"http:\/\/pedroleopoldo.mg.gov.br\/wp-content\/uploads\/2022\/01\/WhatsApp-Image-2022-01-19-at-12.08.54-1-1024x768.jpeg\" alt=\"\" class=\"wp-image-19495\" srcset=\"https:\/\/arquivo.pedroleopoldo.mg.gov.br\/wp-content\/uploads\/2022\/01\/WhatsApp-Image-2022-01-19-at-12.08.54-1-1024x768.jpeg 1024w, https:\/\/arquivo.pedroleopoldo.mg.gov.br\/wp-content\/uploads\/2022\/01\/WhatsApp-Image-2022-01-19-at-12.08.54-1-300x225.jpeg 300w, https:\/\/arquivo.pedroleopoldo.mg.gov.br\/wp-content\/uploads\/2022\/01\/WhatsApp-Image-2022-01-19-at-12.08.54-1-768x576.jpeg 768w, https:\/\/arquivo.pedroleopoldo.mg.gov.br\/wp-content\/uploads\/2022\/01\/WhatsApp-Image-2022-01-19-at-12.08.54-1-1536x1152.jpeg 1536w, https:\/\/arquivo.pedroleopoldo.mg.gov.br\/wp-content\/uploads\/2022\/01\/WhatsApp-Image-2022-01-19-at-12.08.54-1.jpeg 1600w\" sizes=\"(max-width: 1024px) 100vw, 1024px\" \/><\/figure>\n\n\n\n<figure class=\"wp-block-image size-large\"><img decoding=\"async\" loading=\"lazy\" width=\"1024\" height=\"768\" src=\"http:\/\/pedroleopoldo.mg.gov.br\/wp-content\/uploads\/2022\/01\/WhatsApp-Image-2022-01-19-at-12.08.54-2-1024x768.jpeg\" alt=\"\" class=\"wp-image-19496\" srcset=\"https:\/\/arquivo.pedroleopoldo.mg.gov.br\/wp-content\/uploads\/2022\/01\/WhatsApp-Image-2022-01-19-at-12.08.54-2-1024x768.jpeg 1024w, https:\/\/arquivo.pedroleopoldo.mg.gov.br\/wp-content\/uploads\/2022\/01\/WhatsApp-Image-2022-01-19-at-12.08.54-2-300x225.jpeg 300w, https:\/\/arquivo.pedroleopoldo.mg.gov.br\/wp-content\/uploads\/2022\/01\/WhatsApp-Image-2022-01-19-at-12.08.54-2-768x576.jpeg 768w, https:\/\/arquivo.pedroleopoldo.mg.gov.br\/wp-content\/uploads\/2022\/01\/WhatsApp-Image-2022-01-19-at-12.08.54-2-1536x1152.jpeg 1536w, https:\/\/arquivo.pedroleopoldo.mg.gov.br\/wp-content\/uploads\/2022\/01\/WhatsApp-Image-2022-01-19-at-12.08.54-2.jpeg 1600w\" sizes=\"(max-width: 1024px) 100vw, 1024px\" \/><\/figure>\n","protected":false},"excerpt":{"rendered":"<p>Tapa-buracos e recapeamento das vias tamb\u00e9m est\u00e3o sendo realizados Uma not\u00edcia muito boa para o munic\u00edpio. A Prefeitura de Pedro Leopoldo, por meio da Secretaria de Obras e Servi\u00e7os P\u00fablicos, deu in\u00edcio aos trabalhos de tapa-buracos, recapeamento e pavimenta\u00e7\u00e3o das ruas de Pedro Leopoldo. Na segunda-feira, 17 de janeiro, a Prefeita Eloisa Helena e a &hellip; <a href=\"https:\/\/arquivo.pedroleopoldo.mg.gov.br\/?p=19490\" class=\"more-link\">Continuar lendo <span class=\"screen-reader-text\">Prefeitura de PL d\u00e1 in\u00edcio \u00e0 temporada de pavimenta\u00e7\u00e3o pelas ruas do munic\u00edpio<\/span><\/a><\/p>\n","protected":false},"author":1,"featured_media":19493,"comment_status":"closed","ping_status":"closed","sticky":false,"template":"","format":"standard","meta":{"footnotes":""},"categories":[4],"tags":[],"_links":{"self":[{"href":"https:\/\/arquivo.pedroleopoldo.mg.gov.br\/index.php?rest_route=\/wp\/v2\/posts\/19490"}],"collection":[{"href":"https:\/\/arquivo.pedroleopoldo.mg.gov.br\/index.php?rest_route=\/wp\/v2\/posts"}],"about":[{"href":"https:\/\/arquivo.pedroleopoldo.mg.gov.br\/index.php?rest_route=\/wp\/v2\/types\/post"}],"author":[{"embeddable":true,"href":"https:\/\/arquivo.pedroleopoldo.mg.gov.br\/index.php?rest_route=\/wp\/v2\/users\/1"}],"replies":[{"embeddable":true,"href":"https:\/\/arquivo.pedroleopoldo.mg.gov.br\/index.php?rest_route=%2Fwp%2Fv2%2Fcomments&post=19490"}],"version-history":[{"count":0,"href":"https:\/\/arquivo.pedroleopoldo.mg.gov.br\/index.php?rest_route=\/wp\/v2\/posts\/19490\/revisions"}],"wp:featuredmedia":[{"embeddable":true,"href":"https:\/\/arquivo.pedroleopoldo.mg.gov.br\/index.php?rest_route=\/wp\/v2\/media\/19493"}],"wp:attachment":[{"href":"https:\/\/arquivo.pedroleopoldo.mg.gov.br\/index.php?rest_route=%2Fwp%2Fv2%2Fmedia&parent=19490"}],"wp:term":[{"taxonomy":"category","embeddable":true,"href":"https:\/\/arquivo.pedroleopoldo.mg.gov.br\/index.php?rest_route=%2Fwp%2Fv2%2Fcategories&post=19490"},{"taxonomy":"post_tag","embeddable":true,"href":"https:\/\/arquivo.pedroleopoldo.mg.gov.br\/index.php?rest_route=%2Fwp%2Fv2%2Ftags&post=19490"}],"curies":[{"name":"wp","href":"https:\/\/api.w.org\/{rel}","templated":true}]}}