{"id":19481,"date":"2022-01-19T10:53:34","date_gmt":"2022-01-19T13:53:34","guid":{"rendered":"http:\/\/pedroleopoldo.mg.gov.br\/?p=19481"},"modified":"2022-01-19T10:53:40","modified_gmt":"2022-01-19T13:53:40","slug":"pedro-leopoldo-monitorada","status":"publish","type":"post","link":"https:\/\/arquivo.pedroleopoldo.mg.gov.br\/?p=19481","title":{"rendered":"Pedro Leopoldo monitorada"},"content":{"rendered":"\n<p>Seguran\u00e7a \u00e9 um dos principais focos desta gest\u00e3o. Por isso a atual administra\u00e7\u00e3o investe frequentemente nesta \u00e1rea. Atualmente, 30 c\u00e2meras de \u201cOlho Vivo\u201d est\u00e3o espalhadas pelo munic\u00edpio, com monitoramento 24 horas. <\/p>\n\n\n\n<p>Al\u00e9m destes pontos, diversos pr\u00e9dios p\u00fablicos tamb\u00e9m possuem c\u00e2meras integradas \u00e0 Central do \u201cOlho Vivo\u201d, como unidades de sa\u00fade, escolas, pa\u00e7o municipal e outros. <\/p>\n\n\n\n<p>Esta semana, a Secretaria de Seguran\u00e7a P\u00fablica e o setor de Tecnologia da Informa\u00e7\u00e3o interligaram mais dois pontos importantes da cidade ao sistema: a Pra\u00e7a da Esta\u00e7\u00e3o e o Terminal Rodovi\u00e1rio. O objetivo \u00e9 proporcionar cada vez mais seguran\u00e7a aos usu\u00e1rios destes locais e aos espa\u00e7os p\u00fablicos.<\/p>\n\n\n\n<figure class=\"wp-block-image size-large\"><img decoding=\"async\" loading=\"lazy\" width=\"1024\" height=\"576\" src=\"http:\/\/pedroleopoldo.mg.gov.br\/wp-content\/uploads\/2022\/01\/WhatsApp-Image-2022-01-18-at-17.05.13-1024x576.jpeg\" alt=\"\" class=\"wp-image-19482\" srcset=\"https:\/\/arquivo.pedroleopoldo.mg.gov.br\/wp-content\/uploads\/2022\/01\/WhatsApp-Image-2022-01-18-at-17.05.13-1024x576.jpeg 1024w, https:\/\/arquivo.pedroleopoldo.mg.gov.br\/wp-content\/uploads\/2022\/01\/WhatsApp-Image-2022-01-18-at-17.05.13-300x169.jpeg 300w, https:\/\/arquivo.pedroleopoldo.mg.gov.br\/wp-content\/uploads\/2022\/01\/WhatsApp-Image-2022-01-18-at-17.05.13-768x432.jpeg 768w, https:\/\/arquivo.pedroleopoldo.mg.gov.br\/wp-content\/uploads\/2022\/01\/WhatsApp-Image-2022-01-18-at-17.05.13.jpeg 1280w\" sizes=\"(max-width: 1024px) 100vw, 1024px\" \/><\/figure>\n","protected":false},"excerpt":{"rendered":"<p>Seguran\u00e7a \u00e9 um dos principais focos desta gest\u00e3o. Por isso a atual administra\u00e7\u00e3o investe frequentemente nesta \u00e1rea. Atualmente, 30 c\u00e2meras de \u201cOlho Vivo\u201d est\u00e3o espalhadas pelo munic\u00edpio, com monitoramento 24 horas. Al\u00e9m destes pontos, diversos pr\u00e9dios p\u00fablicos tamb\u00e9m possuem c\u00e2meras integradas \u00e0 Central do \u201cOlho Vivo\u201d, como unidades de sa\u00fade, escolas, pa\u00e7o municipal e outros. &hellip; <a href=\"https:\/\/arquivo.pedroleopoldo.mg.gov.br\/?p=19481\" class=\"more-link\">Continuar lendo <span class=\"screen-reader-text\">Pedro Leopoldo monitorada<\/span><\/a><\/p>\n","protected":false},"author":1,"featured_media":19482,"comment_status":"closed","ping_status":"closed","sticky":false,"template":"","format":"standard","meta":{"footnotes":""},"categories":[4],"tags":[],"_links":{"self":[{"href":"https:\/\/arquivo.pedroleopoldo.mg.gov.br\/index.php?rest_route=\/wp\/v2\/posts\/19481"}],"collection":[{"href":"https:\/\/arquivo.pedroleopoldo.mg.gov.br\/index.php?rest_route=\/wp\/v2\/posts"}],"about":[{"href":"https:\/\/arquivo.pedroleopoldo.mg.gov.br\/index.php?rest_route=\/wp\/v2\/types\/post"}],"author":[{"embeddable":true,"href":"https:\/\/arquivo.pedroleopoldo.mg.gov.br\/index.php?rest_route=\/wp\/v2\/users\/1"}],"replies":[{"embeddable":true,"href":"https:\/\/arquivo.pedroleopoldo.mg.gov.br\/index.php?rest_route=%2Fwp%2Fv2%2Fcomments&post=19481"}],"version-history":[{"count":0,"href":"https:\/\/arquivo.pedroleopoldo.mg.gov.br\/index.php?rest_route=\/wp\/v2\/posts\/19481\/revisions"}],"wp:featuredmedia":[{"embeddable":true,"href":"https:\/\/arquivo.pedroleopoldo.mg.gov.br\/index.php?rest_route=\/wp\/v2\/media\/19482"}],"wp:attachment":[{"href":"https:\/\/arquivo.pedroleopoldo.mg.gov.br\/index.php?rest_route=%2Fwp%2Fv2%2Fmedia&parent=19481"}],"wp:term":[{"taxonomy":"category","embeddable":true,"href":"https:\/\/arquivo.pedroleopoldo.mg.gov.br\/index.php?rest_route=%2Fwp%2Fv2%2Fcategories&post=19481"},{"taxonomy":"post_tag","embeddable":true,"href":"https:\/\/arquivo.pedroleopoldo.mg.gov.br\/index.php?rest_route=%2Fwp%2Fv2%2Ftags&post=19481"}],"curies":[{"name":"wp","href":"https:\/\/api.w.org\/{rel}","templated":true}]}}