{"id":19457,"date":"2022-01-18T11:16:31","date_gmt":"2022-01-18T14:16:31","guid":{"rendered":"http:\/\/pedroleopoldo.mg.gov.br\/?p=19457"},"modified":"2022-01-18T11:16:36","modified_gmt":"2022-01-18T14:16:36","slug":"equipe-de-saude-e-capacitada-para-dar-inicio-a-vacinacao-infantil-em-pl","status":"publish","type":"post","link":"https:\/\/arquivo.pedroleopoldo.mg.gov.br\/?p=19457","title":{"rendered":"Equipe de sa\u00fade \u00e9 capacitada para dar in\u00edcio \u00e0 vacina\u00e7\u00e3o infantil em PL"},"content":{"rendered":"\n<p>Na tarde desta segunda-feira, 17 de janeiro, os profissionais de sa\u00fade do servi\u00e7o p\u00fablico de Pedro Leopoldo que ir\u00e3o atuar na vacina\u00e7\u00e3o infantil passaram por uma capacita\u00e7\u00e3o t\u00e9cnica com o objetivo de atuar na vacina\u00e7\u00e3o infantil que come\u00e7a nesta quarta-feira, 19 de janeiro. <\/p>\n\n\n\n<p><\/p>\n","protected":false},"excerpt":{"rendered":"<p>Na tarde desta segunda-feira, 17 de janeiro, os profissionais de sa\u00fade do servi\u00e7o p\u00fablico de Pedro Leopoldo que ir\u00e3o atuar na vacina\u00e7\u00e3o infantil passaram por uma capacita\u00e7\u00e3o t\u00e9cnica com o objetivo de atuar na vacina\u00e7\u00e3o infantil que come\u00e7a nesta quarta-feira, 19 de janeiro.<\/p>\n","protected":false},"author":1,"featured_media":19458,"comment_status":"closed","ping_status":"closed","sticky":false,"template":"","format":"standard","meta":{"footnotes":""},"categories":[4],"tags":[],"_links":{"self":[{"href":"https:\/\/arquivo.pedroleopoldo.mg.gov.br\/index.php?rest_route=\/wp\/v2\/posts\/19457"}],"collection":[{"href":"https:\/\/arquivo.pedroleopoldo.mg.gov.br\/index.php?rest_route=\/wp\/v2\/posts"}],"about":[{"href":"https:\/\/arquivo.pedroleopoldo.mg.gov.br\/index.php?rest_route=\/wp\/v2\/types\/post"}],"author":[{"embeddable":true,"href":"https:\/\/arquivo.pedroleopoldo.mg.gov.br\/index.php?rest_route=\/wp\/v2\/users\/1"}],"replies":[{"embeddable":true,"href":"https:\/\/arquivo.pedroleopoldo.mg.gov.br\/index.php?rest_route=%2Fwp%2Fv2%2Fcomments&post=19457"}],"version-history":[{"count":0,"href":"https:\/\/arquivo.pedroleopoldo.mg.gov.br\/index.php?rest_route=\/wp\/v2\/posts\/19457\/revisions"}],"wp:featuredmedia":[{"embeddable":true,"href":"https:\/\/arquivo.pedroleopoldo.mg.gov.br\/index.php?rest_route=\/wp\/v2\/media\/19458"}],"wp:attachment":[{"href":"https:\/\/arquivo.pedroleopoldo.mg.gov.br\/index.php?rest_route=%2Fwp%2Fv2%2Fmedia&parent=19457"}],"wp:term":[{"taxonomy":"category","embeddable":true,"href":"https:\/\/arquivo.pedroleopoldo.mg.gov.br\/index.php?rest_route=%2Fwp%2Fv2%2Fcategories&post=19457"},{"taxonomy":"post_tag","embeddable":true,"href":"https:\/\/arquivo.pedroleopoldo.mg.gov.br\/index.php?rest_route=%2Fwp%2Fv2%2Ftags&post=19457"}],"curies":[{"name":"wp","href":"https:\/\/api.w.org\/{rel}","templated":true}]}}