{"id":19427,"date":"2022-01-13T10:20:53","date_gmt":"2022-01-13T13:20:53","guid":{"rendered":"http:\/\/pedroleopoldo.mg.gov.br\/?p=19427"},"modified":"2022-01-13T10:29:11","modified_gmt":"2022-01-13T13:29:11","slug":"prefeitura-entra-na-etapa-final-de-uma-ampla-reforma-do-pa-da-lagoa","status":"publish","type":"post","link":"https:\/\/arquivo.pedroleopoldo.mg.gov.br\/?p=19427","title":{"rendered":"Prefeitura entra na etapa final de uma ampla reforma do PA da Lagoa"},"content":{"rendered":"\n<p><em>Al\u00e9m das obras, o atendimento foi ampliado para os fins de semana e novos equipamentos foram adquiridos<\/em><\/p>\n\n\n\n<p>A Prefeitura de Pedro Leopoldo, atrav\u00e9s das Secretarias de Obras e Sa\u00fade, entraram na reta final das obras no Pronto Atendimento da Lagoa de Santo Ant\u00f4nio, regi\u00e3o norte do munic\u00edpio. Al\u00e9m das obras, o atendimento foi ampliado para os fins de semana, em regime de plant\u00e3o, sendo s\u00e1bado e domingo das 07h \u00e0s 19h.<\/p>\n\n\n\n<p>Um dos objetivos das a\u00e7\u00f5es \u00e9 dar qualidade e conforto aos moradores da regi\u00e3o e fazer com que os pontos de atendimento da&nbsp;cidade n\u00e3o sofram&nbsp;com superlota\u00e7\u00e3o. As obras englobam toda a unidade com a pintura interna e externa, manuten\u00e7\u00e3o das telhas, amplia\u00e7\u00e3o do local com mais dois consult\u00f3rios, melhorias&nbsp;de leitos, implanta\u00e7\u00e3o de uma sala de urg\u00eancia, novos bebedouros, geladeiras, macas, arm\u00e1rios e longarinas. Tamb\u00e9m foram adquiridos quatro novos computadores para a implanta\u00e7\u00e3o do sistema de triagem.<\/p>\n\n\n\n<p>Visando valorizar o cidad\u00e3o e dar mais qualidade no atendimento, equipamentos como monitor card\u00edaco, bomba de infus\u00e3o cont\u00ednua e um eletrocardiograma tamb\u00e9m foram adquiridos.<\/p>\n\n\n\n<p>A Prefeita Eloisa Helena falou sobre a import\u00e2ncia da a\u00e7\u00e3o. \u201cRealizar essa reforma e amplia\u00e7\u00e3o do PA Lagoa me traz um certo conforto, principalmente neste momento de crise sanit\u00e1ria que estamos vivendo. Outro ponto positivo \u00e9 que os moradores dessa regi\u00e3o t\u00e3o querida n\u00e3o v\u00e3o precisar se deslocar ao centro para determinados atendimentos. Mais uma conquista para o nosso povo\u201d, destacou Eloisa.<\/p>\n\n\n\n<p>De acordo com a equipe de Sa\u00fade e Obras, a previs\u00e3o \u00e9 que as a\u00e7\u00f5es no local terminem dentro de 30 a 40 dias, em virtude do per\u00edodo chuvoso.<\/p>\n","protected":false},"excerpt":{"rendered":"<p>Al\u00e9m das obras, o atendimento foi ampliado para os fins de semana e novos equipamentos foram adquiridos A Prefeitura de Pedro Leopoldo, atrav\u00e9s das Secretarias de Obras e Sa\u00fade, entraram na reta final das obras no Pronto Atendimento da Lagoa de Santo Ant\u00f4nio, regi\u00e3o norte do munic\u00edpio. Al\u00e9m das obras, o atendimento foi ampliado para &hellip; <a href=\"https:\/\/arquivo.pedroleopoldo.mg.gov.br\/?p=19427\" class=\"more-link\">Continuar lendo <span class=\"screen-reader-text\">Prefeitura entra na etapa final de uma ampla reforma do PA da Lagoa<\/span><\/a><\/p>\n","protected":false},"author":1,"featured_media":19429,"comment_status":"closed","ping_status":"closed","sticky":false,"template":"","format":"standard","meta":{"footnotes":""},"categories":[4],"tags":[],"_links":{"self":[{"href":"https:\/\/arquivo.pedroleopoldo.mg.gov.br\/index.php?rest_route=\/wp\/v2\/posts\/19427"}],"collection":[{"href":"https:\/\/arquivo.pedroleopoldo.mg.gov.br\/index.php?rest_route=\/wp\/v2\/posts"}],"about":[{"href":"https:\/\/arquivo.pedroleopoldo.mg.gov.br\/index.php?rest_route=\/wp\/v2\/types\/post"}],"author":[{"embeddable":true,"href":"https:\/\/arquivo.pedroleopoldo.mg.gov.br\/index.php?rest_route=\/wp\/v2\/users\/1"}],"replies":[{"embeddable":true,"href":"https:\/\/arquivo.pedroleopoldo.mg.gov.br\/index.php?rest_route=%2Fwp%2Fv2%2Fcomments&post=19427"}],"version-history":[{"count":0,"href":"https:\/\/arquivo.pedroleopoldo.mg.gov.br\/index.php?rest_route=\/wp\/v2\/posts\/19427\/revisions"}],"wp:featuredmedia":[{"embeddable":true,"href":"https:\/\/arquivo.pedroleopoldo.mg.gov.br\/index.php?rest_route=\/wp\/v2\/media\/19429"}],"wp:attachment":[{"href":"https:\/\/arquivo.pedroleopoldo.mg.gov.br\/index.php?rest_route=%2Fwp%2Fv2%2Fmedia&parent=19427"}],"wp:term":[{"taxonomy":"category","embeddable":true,"href":"https:\/\/arquivo.pedroleopoldo.mg.gov.br\/index.php?rest_route=%2Fwp%2Fv2%2Fcategories&post=19427"},{"taxonomy":"post_tag","embeddable":true,"href":"https:\/\/arquivo.pedroleopoldo.mg.gov.br\/index.php?rest_route=%2Fwp%2Fv2%2Ftags&post=19427"}],"curies":[{"name":"wp","href":"https:\/\/api.w.org\/{rel}","templated":true}]}}