{"id":19412,"date":"2022-01-13T10:15:57","date_gmt":"2022-01-13T13:15:57","guid":{"rendered":"http:\/\/pedroleopoldo.mg.gov.br\/?p=19412"},"modified":"2022-01-13T10:16:02","modified_gmt":"2022-01-13T13:16:02","slug":"prefeitura-e-defesa-civil-atuam-no-combate-aos-estragos-causados-pela-chuva","status":"publish","type":"post","link":"https:\/\/arquivo.pedroleopoldo.mg.gov.br\/?p=19412","title":{"rendered":"Prefeitura e Defesa Civil atuam no combate aos estragos causados pela chuva"},"content":{"rendered":"\n<p><em>Pedro Leopoldo n\u00e3o registrou mortes, desaparecidos ou desalojados<\/em><em><\/em><\/p>\n\n\n\n<p>O m\u00eas de Janeiro come\u00e7ou com muita \u00e1gua em Pedro Leopoldo e todo o estado de Minas Gerais. Em oito&nbsp;dias a regi\u00e3o metropolitana de Belo Horizonte registrou mais da metade da chuva esperada para o in\u00edcio deste ano, o que acabou trazendo in\u00fameros registros de ocorr\u00eancias.<\/p>\n\n\n\n<p>Devido ao alto volume de chuva, alguns bairros e regi\u00f5es do munic\u00edpio tiveram as ruas ocupadas pelas \u00e1guas dos ribeir\u00f5es da Mata e Neves, que cortam Pedro Leopoldo. A regi\u00e3o da Quinta do Sumidouro e Fidalgo, a exemplo de Periquito, foi um dos lugares mais afetados. De acordo com a Prefeita Eloisa Helena, o local j\u00e1 est\u00e1 recebendo os devidos cuidados. \u201cDeslocamos diversos de nossos caminh\u00f5es, a fim de liberar os acessos das vias do local. Outros lugares da cidade com pontes, deslizamentos, alagamentos e demais ocorr\u00eancias, tamb\u00e9m est\u00e3o recebendo a devida aten\u00e7\u00e3o\u201d, disse.<\/p>\n\n\n\n<p>Pedro Leopoldo sofreu algumas consequ\u00eancias em virtude do alto volume de chuva, mas segundo a Defesa Civil Municipal, n\u00e3o houve necessidade de realizar campanhas de arrecada\u00e7\u00e3o de roupas ou donativos, pois o munic\u00edpio n\u00e3o teve registro de mortes, desaparecidos, desalojados ou acidentes graves.<\/p>\n\n\n\n<p>Na Horta Comunit\u00e1ria, que fica na regi\u00e3o da Tapera, foi necess\u00e1rio realizar a retirada de moradores que residem no local, sendo 20 pessoas, que receberam abrigo tempor\u00e1rio na Escola Municipal Santo Ant\u00f4nio da Barra.<\/p>\n\n\n\n<p>A\u00a0Prefeitura mobilizou al\u00e9m da Defesa Civil, todas as equipes da Secretaria de Obras, limpeza urbana, ilumina\u00e7\u00e3o p\u00fablica, Desenvolvimento Social, Seguran\u00e7a P\u00fablica e outros setores que ficaram totalmente dedicados aos trabalhos envolvendo as ocorr\u00eancias, diuturnamente.<\/p>\n\n\n\n<figure class=\"wp-block-gallery columns-3 is-cropped wp-block-gallery-1 is-layout-flex wp-block-gallery-is-layout-flex\"><ul class=\"blocks-gallery-grid\"><li class=\"blocks-gallery-item\"><figure><img decoding=\"async\" loading=\"lazy\" width=\"1024\" height=\"768\" src=\"http:\/\/pedroleopoldo.mg.gov.br\/wp-content\/uploads\/2022\/01\/WhatsApp-Image-2022-01-12-at-13.47.56.jpeg\" alt=\"\" data-id=\"19419\" data-link=\"http:\/\/pedroleopoldo.mg.gov.br\/?attachment_id=19419\" class=\"wp-image-19419\" srcset=\"https:\/\/arquivo.pedroleopoldo.mg.gov.br\/wp-content\/uploads\/2022\/01\/WhatsApp-Image-2022-01-12-at-13.47.56.jpeg 1024w, https:\/\/arquivo.pedroleopoldo.mg.gov.br\/wp-content\/uploads\/2022\/01\/WhatsApp-Image-2022-01-12-at-13.47.56-300x225.jpeg 300w, https:\/\/arquivo.pedroleopoldo.mg.gov.br\/wp-content\/uploads\/2022\/01\/WhatsApp-Image-2022-01-12-at-13.47.56-768x576.jpeg 768w\" sizes=\"(max-width: 1024px) 100vw, 1024px\" \/><\/figure><\/li><li class=\"blocks-gallery-item\"><figure><img decoding=\"async\" loading=\"lazy\" width=\"1024\" height=\"768\" src=\"http:\/\/pedroleopoldo.mg.gov.br\/wp-content\/uploads\/2022\/01\/WhatsApp-Image-2022-01-12-at-13.44.30-3.jpeg\" alt=\"\" data-id=\"19420\" data-link=\"http:\/\/pedroleopoldo.mg.gov.br\/?attachment_id=19420\" class=\"wp-image-19420\" srcset=\"https:\/\/arquivo.pedroleopoldo.mg.gov.br\/wp-content\/uploads\/2022\/01\/WhatsApp-Image-2022-01-12-at-13.44.30-3.jpeg 1024w, https:\/\/arquivo.pedroleopoldo.mg.gov.br\/wp-content\/uploads\/2022\/01\/WhatsApp-Image-2022-01-12-at-13.44.30-3-300x225.jpeg 300w, https:\/\/arquivo.pedroleopoldo.mg.gov.br\/wp-content\/uploads\/2022\/01\/WhatsApp-Image-2022-01-12-at-13.44.30-3-768x576.jpeg 768w\" sizes=\"(max-width: 1024px) 100vw, 1024px\" \/><\/figure><\/li><li class=\"blocks-gallery-item\"><figure><img decoding=\"async\" loading=\"lazy\" width=\"1024\" height=\"768\" src=\"http:\/\/pedroleopoldo.mg.gov.br\/wp-content\/uploads\/2022\/01\/WhatsApp-Image-2022-01-12-at-13.39.45-9.jpeg\" alt=\"\" data-id=\"19421\" data-link=\"http:\/\/pedroleopoldo.mg.gov.br\/?attachment_id=19421\" class=\"wp-image-19421\" srcset=\"https:\/\/arquivo.pedroleopoldo.mg.gov.br\/wp-content\/uploads\/2022\/01\/WhatsApp-Image-2022-01-12-at-13.39.45-9.jpeg 1024w, https:\/\/arquivo.pedroleopoldo.mg.gov.br\/wp-content\/uploads\/2022\/01\/WhatsApp-Image-2022-01-12-at-13.39.45-9-300x225.jpeg 300w, https:\/\/arquivo.pedroleopoldo.mg.gov.br\/wp-content\/uploads\/2022\/01\/WhatsApp-Image-2022-01-12-at-13.39.45-9-768x576.jpeg 768w\" sizes=\"(max-width: 1024px) 100vw, 1024px\" \/><\/figure><\/li><li class=\"blocks-gallery-item\"><figure><img decoding=\"async\" loading=\"lazy\" width=\"1024\" height=\"768\" src=\"http:\/\/pedroleopoldo.mg.gov.br\/wp-content\/uploads\/2022\/01\/WhatsApp-Image-2022-01-12-at-13.39.45-5.jpeg\" alt=\"\" data-id=\"19422\" data-link=\"http:\/\/pedroleopoldo.mg.gov.br\/?attachment_id=19422\" class=\"wp-image-19422\" srcset=\"https:\/\/arquivo.pedroleopoldo.mg.gov.br\/wp-content\/uploads\/2022\/01\/WhatsApp-Image-2022-01-12-at-13.39.45-5.jpeg 1024w, https:\/\/arquivo.pedroleopoldo.mg.gov.br\/wp-content\/uploads\/2022\/01\/WhatsApp-Image-2022-01-12-at-13.39.45-5-300x225.jpeg 300w, https:\/\/arquivo.pedroleopoldo.mg.gov.br\/wp-content\/uploads\/2022\/01\/WhatsApp-Image-2022-01-12-at-13.39.45-5-768x576.jpeg 768w\" sizes=\"(max-width: 1024px) 100vw, 1024px\" \/><\/figure><\/li><li class=\"blocks-gallery-item\"><figure><img decoding=\"async\" loading=\"lazy\" width=\"768\" height=\"1024\" src=\"http:\/\/pedroleopoldo.mg.gov.br\/wp-content\/uploads\/2022\/01\/WhatsApp-Image-2022-01-12-at-13.39.45-2.jpeg\" alt=\"\" data-id=\"19423\" data-link=\"http:\/\/pedroleopoldo.mg.gov.br\/?attachment_id=19423\" class=\"wp-image-19423\" srcset=\"https:\/\/arquivo.pedroleopoldo.mg.gov.br\/wp-content\/uploads\/2022\/01\/WhatsApp-Image-2022-01-12-at-13.39.45-2.jpeg 768w, https:\/\/arquivo.pedroleopoldo.mg.gov.br\/wp-content\/uploads\/2022\/01\/WhatsApp-Image-2022-01-12-at-13.39.45-2-225x300.jpeg 225w\" sizes=\"(max-width: 768px) 100vw, 768px\" \/><\/figure><\/li><li class=\"blocks-gallery-item\"><figure><img decoding=\"async\" loading=\"lazy\" width=\"768\" height=\"1024\" src=\"http:\/\/pedroleopoldo.mg.gov.br\/wp-content\/uploads\/2022\/01\/WhatsApp-Image-2022-01-12-at-13.44.31-17.jpeg\" alt=\"\" data-id=\"19425\" data-full-url=\"http:\/\/pedroleopoldo.mg.gov.br\/wp-content\/uploads\/2022\/01\/WhatsApp-Image-2022-01-12-at-13.44.31-17.jpeg\" data-link=\"http:\/\/pedroleopoldo.mg.gov.br\/?attachment_id=19425\" class=\"wp-image-19425\" srcset=\"https:\/\/arquivo.pedroleopoldo.mg.gov.br\/wp-content\/uploads\/2022\/01\/WhatsApp-Image-2022-01-12-at-13.44.31-17.jpeg 768w, https:\/\/arquivo.pedroleopoldo.mg.gov.br\/wp-content\/uploads\/2022\/01\/WhatsApp-Image-2022-01-12-at-13.44.31-17-225x300.jpeg 225w\" sizes=\"(max-width: 768px) 100vw, 768px\" \/><\/figure><\/li><li class=\"blocks-gallery-item\"><figure><img decoding=\"async\" loading=\"lazy\" width=\"1024\" height=\"498\" src=\"http:\/\/pedroleopoldo.mg.gov.br\/wp-content\/uploads\/2022\/01\/WhatsApp-Image-2022-01-12-at-13.41.00-20.jpeg\" alt=\"\" data-id=\"19424\" data-link=\"http:\/\/pedroleopoldo.mg.gov.br\/?attachment_id=19424\" class=\"wp-image-19424\" srcset=\"https:\/\/arquivo.pedroleopoldo.mg.gov.br\/wp-content\/uploads\/2022\/01\/WhatsApp-Image-2022-01-12-at-13.41.00-20.jpeg 1024w, https:\/\/arquivo.pedroleopoldo.mg.gov.br\/wp-content\/uploads\/2022\/01\/WhatsApp-Image-2022-01-12-at-13.41.00-20-300x146.jpeg 300w, https:\/\/arquivo.pedroleopoldo.mg.gov.br\/wp-content\/uploads\/2022\/01\/WhatsApp-Image-2022-01-12-at-13.41.00-20-768x374.jpeg 768w\" sizes=\"(max-width: 1024px) 100vw, 1024px\" \/><\/figure><\/li><\/ul><\/figure>\n","protected":false},"excerpt":{"rendered":"<p>Pedro Leopoldo n\u00e3o registrou mortes, desaparecidos ou desalojados O m\u00eas de Janeiro come\u00e7ou com muita \u00e1gua em Pedro Leopoldo e todo o estado de Minas Gerais. Em oito&nbsp;dias a regi\u00e3o metropolitana de Belo Horizonte registrou mais da metade da chuva esperada para o in\u00edcio deste ano, o que acabou trazendo in\u00fameros registros de ocorr\u00eancias. Devido &hellip; <a href=\"https:\/\/arquivo.pedroleopoldo.mg.gov.br\/?p=19412\" class=\"more-link\">Continuar lendo <span class=\"screen-reader-text\">Prefeitura e Defesa Civil atuam no combate aos estragos causados pela chuva<\/span><\/a><\/p>\n","protected":false},"author":1,"featured_media":19413,"comment_status":"closed","ping_status":"closed","sticky":false,"template":"","format":"standard","meta":{"footnotes":""},"categories":[4],"tags":[],"_links":{"self":[{"href":"https:\/\/arquivo.pedroleopoldo.mg.gov.br\/index.php?rest_route=\/wp\/v2\/posts\/19412"}],"collection":[{"href":"https:\/\/arquivo.pedroleopoldo.mg.gov.br\/index.php?rest_route=\/wp\/v2\/posts"}],"about":[{"href":"https:\/\/arquivo.pedroleopoldo.mg.gov.br\/index.php?rest_route=\/wp\/v2\/types\/post"}],"author":[{"embeddable":true,"href":"https:\/\/arquivo.pedroleopoldo.mg.gov.br\/index.php?rest_route=\/wp\/v2\/users\/1"}],"replies":[{"embeddable":true,"href":"https:\/\/arquivo.pedroleopoldo.mg.gov.br\/index.php?rest_route=%2Fwp%2Fv2%2Fcomments&post=19412"}],"version-history":[{"count":0,"href":"https:\/\/arquivo.pedroleopoldo.mg.gov.br\/index.php?rest_route=\/wp\/v2\/posts\/19412\/revisions"}],"wp:featuredmedia":[{"embeddable":true,"href":"https:\/\/arquivo.pedroleopoldo.mg.gov.br\/index.php?rest_route=\/wp\/v2\/media\/19413"}],"wp:attachment":[{"href":"https:\/\/arquivo.pedroleopoldo.mg.gov.br\/index.php?rest_route=%2Fwp%2Fv2%2Fmedia&parent=19412"}],"wp:term":[{"taxonomy":"category","embeddable":true,"href":"https:\/\/arquivo.pedroleopoldo.mg.gov.br\/index.php?rest_route=%2Fwp%2Fv2%2Fcategories&post=19412"},{"taxonomy":"post_tag","embeddable":true,"href":"https:\/\/arquivo.pedroleopoldo.mg.gov.br\/index.php?rest_route=%2Fwp%2Fv2%2Ftags&post=19412"}],"curies":[{"name":"wp","href":"https:\/\/api.w.org\/{rel}","templated":true}]}}