{"id":19409,"date":"2022-01-13T10:06:45","date_gmt":"2022-01-13T13:06:45","guid":{"rendered":"http:\/\/pedroleopoldo.mg.gov.br\/?p=19409"},"modified":"2022-01-13T10:06:49","modified_gmt":"2022-01-13T13:06:49","slug":"prefeitura-de-pedro-leopoldo-cria-o-conselho-de-politicas-lgbtqia","status":"publish","type":"post","link":"https:\/\/arquivo.pedroleopoldo.mg.gov.br\/?p=19409","title":{"rendered":"Prefeitura de Pedro Leopoldo cria o Conselho de Pol\u00edticas LGBTQIA+"},"content":{"rendered":"\n<p><em>O Conselho \u00e9 in\u00e9dito no munic\u00edpio, sendo PL a 3\u00aa cidade de Minas Gerais a abra\u00e7ar a causa<\/em><em><\/em><\/p>\n\n\n\n<p>Uma iniciativa da Prefeitura de Pedro Leopoldo, atrav\u00e9s da Secretaria Municipal de Desenvolvimento Social, sancionou no dia 05 de janeiro de 2022, a nova Lei 3.632 que cria o Conselho Municipal de Pol\u00edticas P\u00fablicas para a Popula\u00e7\u00e3o LGBTQIA +.<\/p>\n\n\n\n<p>O Conselho que ser\u00e1 formado por \u00f3rg\u00e3o colegiado, tem por objetivo formular, propor diretrizes, acompanhar, fiscalizar e avaliar o desenvolvimento das pol\u00edticas p\u00fablicas de combate \u00e0 discrimina\u00e7\u00e3o e \u00e0 promo\u00e7\u00e3o e defesa dos direitos de L\u00e9sbicas, Gays, Bissexuais, Travestis e Transexuais, Transg\u00eaneros, Queers, Intersexuais, Assexuais e de todas as identidades de g\u00eanero e orienta\u00e7\u00f5es sexuais n\u00e3o hetero-cisg\u00eaneras (LGBTQIA+).<\/p>\n\n\n\n<p>A Prefeita Eloisa Helena falou sobre a import\u00e2ncia de uma administra\u00e7\u00e3o que governa para todos. \u201cDurante toda minha vida as diferen\u00e7as existiram. Na verdade, caracterizar como \u201cdiferen\u00e7a\u201d n\u00e3o \u00e9 um termo correto, somos todos iguais. Mas foi algo que nunca deixou de estar presente na sociedade. Hoje, o que me deixa contente \u00e9 ver que a pauta \u00e9 mais debatida e abra\u00e7ada pela maioria. Na minha administra\u00e7\u00e3o sempre procurei voltar meus olhares e a\u00e7\u00f5es para todos, sem nenhum tipo de distin\u00e7\u00e3o, discrimina\u00e7\u00e3o ou preconceito. E&nbsp;assim ser\u00e1\u201d, disse.<\/p>\n\n\n\n<p>A Social Media, Bruna Bessa, de 26 anos, moradora de Pedro Leopoldo, falou sobre a import\u00e2ncia da cria\u00e7\u00e3o deste Conselho para o munic\u00edpio. \u201cVisto que somos o segundo pa\u00eds do mundo que mais mata ou pratica viol\u00eancia f\u00edsica e verbal contra a comunidade LGBTQIA +, considero esta iniciativa de suma import\u00e2ncia para que as demandas de nossa comunidade sejam acolhidas de forma digna! Principalmente na \u00e1rea da Sa\u00fade. \u00c9 um grande passo para pessoas como n\u00f3s, que temos que lutar para existir!\u201d, destacou.<\/p>\n\n\n\n<figure class=\"wp-block-image size-large is-resized\"><img decoding=\"async\" loading=\"lazy\" src=\"http:\/\/pedroleopoldo.mg.gov.br\/wp-content\/uploads\/2022\/01\/WhatsApp-Image-2022-01-12-at-17.28.53.jpeg\" alt=\"\" class=\"wp-image-19410\" width=\"227\" height=\"241\" srcset=\"https:\/\/arquivo.pedroleopoldo.mg.gov.br\/wp-content\/uploads\/2022\/01\/WhatsApp-Image-2022-01-12-at-17.28.53.jpeg 575w, https:\/\/arquivo.pedroleopoldo.mg.gov.br\/wp-content\/uploads\/2022\/01\/WhatsApp-Image-2022-01-12-at-17.28.53-282x300.jpeg 282w\" sizes=\"(max-width: 227px) 100vw, 227px\" \/><figcaption>Bruna Bessa, 26 anos, Social Media<\/figcaption><\/figure>\n\n\n\n<p>Quem tamb\u00e9m falou do assunto foi o educador de 24 anos, Ot\u00e1vio Pereira Camargos. \u201cEspero que a cidade abrace de cora\u00e7\u00e3o esta causa e que a popula\u00e7\u00e3o LGBTQIA + chegue junto para participar e ser protagonista nesse processo de transforma\u00e7\u00e3o social. Pagamos impostos, consumimos e movimentamos a economia local, vendemos nossa for\u00e7a de trabalho dentro da cidade, temos amores, fam\u00edlias, parentes, colegas de trabalho, vizinhas, amizades e tantos outros la\u00e7os sociais que se preocupam e tamb\u00e9m querem que sejamos respeitadas. E n\u00f3s n\u00e3o queremos nem mais, nem menos, queremos apenas equidade e justi\u00e7a social\u201d, refor\u00e7ou.<\/p>\n\n\n\n<p>De acordo com a Secret\u00e1ria de Desenvolvimento Social, Viviane Santos, existe uma reuni\u00e3o agendada para este m\u00eas de Janeiro&nbsp;para alinhar a nomea\u00e7\u00e3o dos&nbsp;membros do Conselho.<\/p>\n","protected":false},"excerpt":{"rendered":"<p>O Conselho \u00e9 in\u00e9dito no munic\u00edpio, sendo PL a 3\u00aa cidade de Minas Gerais a abra\u00e7ar a causa Uma iniciativa da Prefeitura de Pedro Leopoldo, atrav\u00e9s da Secretaria Municipal de Desenvolvimento Social, sancionou no dia 05 de janeiro de 2022, a nova Lei 3.632 que cria o Conselho Municipal de Pol\u00edticas P\u00fablicas para a Popula\u00e7\u00e3o &hellip; <a href=\"https:\/\/arquivo.pedroleopoldo.mg.gov.br\/?p=19409\" class=\"more-link\">Continuar lendo <span class=\"screen-reader-text\">Prefeitura de Pedro Leopoldo cria o Conselho de Pol\u00edticas LGBTQIA+<\/span><\/a><\/p>\n","protected":false},"author":1,"featured_media":17185,"comment_status":"closed","ping_status":"closed","sticky":false,"template":"","format":"standard","meta":{"footnotes":""},"categories":[4],"tags":[],"_links":{"self":[{"href":"https:\/\/arquivo.pedroleopoldo.mg.gov.br\/index.php?rest_route=\/wp\/v2\/posts\/19409"}],"collection":[{"href":"https:\/\/arquivo.pedroleopoldo.mg.gov.br\/index.php?rest_route=\/wp\/v2\/posts"}],"about":[{"href":"https:\/\/arquivo.pedroleopoldo.mg.gov.br\/index.php?rest_route=\/wp\/v2\/types\/post"}],"author":[{"embeddable":true,"href":"https:\/\/arquivo.pedroleopoldo.mg.gov.br\/index.php?rest_route=\/wp\/v2\/users\/1"}],"replies":[{"embeddable":true,"href":"https:\/\/arquivo.pedroleopoldo.mg.gov.br\/index.php?rest_route=%2Fwp%2Fv2%2Fcomments&post=19409"}],"version-history":[{"count":0,"href":"https:\/\/arquivo.pedroleopoldo.mg.gov.br\/index.php?rest_route=\/wp\/v2\/posts\/19409\/revisions"}],"wp:featuredmedia":[{"embeddable":true,"href":"https:\/\/arquivo.pedroleopoldo.mg.gov.br\/index.php?rest_route=\/wp\/v2\/media\/17185"}],"wp:attachment":[{"href":"https:\/\/arquivo.pedroleopoldo.mg.gov.br\/index.php?rest_route=%2Fwp%2Fv2%2Fmedia&parent=19409"}],"wp:term":[{"taxonomy":"category","embeddable":true,"href":"https:\/\/arquivo.pedroleopoldo.mg.gov.br\/index.php?rest_route=%2Fwp%2Fv2%2Fcategories&post=19409"},{"taxonomy":"post_tag","embeddable":true,"href":"https:\/\/arquivo.pedroleopoldo.mg.gov.br\/index.php?rest_route=%2Fwp%2Fv2%2Ftags&post=19409"}],"curies":[{"name":"wp","href":"https:\/\/api.w.org\/{rel}","templated":true}]}}