{"id":19381,"date":"2022-01-12T11:20:12","date_gmt":"2022-01-12T14:20:12","guid":{"rendered":"http:\/\/pedroleopoldo.mg.gov.br\/?p=19381"},"modified":"2026-03-20T16:27:45","modified_gmt":"2026-03-20T19:27:45","slug":"errata-publicacao-edital-34-e-35","status":"publish","type":"post","link":"https:\/\/arquivo.pedroleopoldo.mg.gov.br\/?p=19381","title":{"rendered":"Errata Publica\u00e7\u00e3o Edital 34 e 35"},"content":{"rendered":"\n<p>Segue a errata do Edital de Convoca\u00e7\u00e3o 034\/2022, em raz\u00e3o dos candidatos classificados em 37\u00ba e 38\u00ba lugares, Ronaldo C\u00e9sar Silva Freire e Clarice Batista de Lima, j\u00e1 haviam sido convocados atrav\u00e9s do Edital 22\/2021, de 25\/11\/2021, por essa raz\u00e3o,&nbsp;publica-se&nbsp;a Errata do Edital 34\/2022, datado de 11\/01\/2022.<\/p>\n\n\n<a href=\"https:\/\/arquivo.pedroleopoldo.mg.gov.br\/wp-content\/uploads\/2022\/01\/Edital-34-errata-e-35.pdf\" class=\"pdfemb-viewer\" style=\"\" data-width=\"max\" data-height=\"max\" data-toolbar=\"both\" data-toolbar-fixed=\"on\">Edital-34-errata-e-35<\/a>\n<p class=\"wp-block-pdfemb-pdf-embedder-viewer\"><\/p>\n\n\n\n<p><\/p>\n","protected":false},"excerpt":{"rendered":"<p>Segue a errata do Edital de Convoca\u00e7\u00e3o 034\/2022, em raz\u00e3o dos candidatos classificados em 37\u00ba e 38\u00ba lugares, Ronaldo C\u00e9sar Silva Freire e Clarice Batista de Lima, j\u00e1 haviam sido convocados atrav\u00e9s do Edital 22\/2021, de 25\/11\/2021, por essa raz\u00e3o,&nbsp;publica-se&nbsp;a Errata do Edital 34\/2022, datado de 11\/01\/2022.<\/p>\n","protected":false},"author":1,"featured_media":0,"comment_status":"closed","ping_status":"closed","sticky":false,"template":"","format":"standard","meta":{"footnotes":""},"categories":[14],"tags":[],"_links":{"self":[{"href":"https:\/\/arquivo.pedroleopoldo.mg.gov.br\/index.php?rest_route=\/wp\/v2\/posts\/19381"}],"collection":[{"href":"https:\/\/arquivo.pedroleopoldo.mg.gov.br\/index.php?rest_route=\/wp\/v2\/posts"}],"about":[{"href":"https:\/\/arquivo.pedroleopoldo.mg.gov.br\/index.php?rest_route=\/wp\/v2\/types\/post"}],"author":[{"embeddable":true,"href":"https:\/\/arquivo.pedroleopoldo.mg.gov.br\/index.php?rest_route=\/wp\/v2\/users\/1"}],"replies":[{"embeddable":true,"href":"https:\/\/arquivo.pedroleopoldo.mg.gov.br\/index.php?rest_route=%2Fwp%2Fv2%2Fcomments&post=19381"}],"version-history":[{"count":1,"href":"https:\/\/arquivo.pedroleopoldo.mg.gov.br\/index.php?rest_route=\/wp\/v2\/posts\/19381\/revisions"}],"predecessor-version":[{"id":32055,"href":"https:\/\/arquivo.pedroleopoldo.mg.gov.br\/index.php?rest_route=\/wp\/v2\/posts\/19381\/revisions\/32055"}],"wp:attachment":[{"href":"https:\/\/arquivo.pedroleopoldo.mg.gov.br\/index.php?rest_route=%2Fwp%2Fv2%2Fmedia&parent=19381"}],"wp:term":[{"taxonomy":"category","embeddable":true,"href":"https:\/\/arquivo.pedroleopoldo.mg.gov.br\/index.php?rest_route=%2Fwp%2Fv2%2Fcategories&post=19381"},{"taxonomy":"post_tag","embeddable":true,"href":"https:\/\/arquivo.pedroleopoldo.mg.gov.br\/index.php?rest_route=%2Fwp%2Fv2%2Ftags&post=19381"}],"curies":[{"name":"wp","href":"https:\/\/api.w.org\/{rel}","templated":true}]}}