{"id":19372,"date":"2022-01-10T17:21:08","date_gmt":"2022-01-10T20:21:08","guid":{"rendered":"http:\/\/pedroleopoldo.mg.gov.br\/?p=19372"},"modified":"2022-01-10T17:23:04","modified_gmt":"2022-01-10T20:23:04","slug":"balanco-das-chuvas","status":"publish","type":"post","link":"https:\/\/arquivo.pedroleopoldo.mg.gov.br\/?p=19372","title":{"rendered":"Balan\u00e7o das Chuvas"},"content":{"rendered":"\n<p>Devido \u00e0s chuvas que assolam o Estado de Minas Gerais, e consequentemente Pedro Leopoldo, o n\u00edvel de chuva trouxe o aumento quantitativo do n\u00edvel de \u00e1gua em rios e ribeir\u00f5es do munic\u00edpio.<\/p>\n\n\n\n<p>Os bairros mais afetados pela situa\u00e7\u00e3o presente s\u00e3o: Periquito, Horta Comunit\u00e1ria, Bairro Donato, S\u00e3o Jos\u00e9, Santo Ant\u00f4nio da Barra, Garimpo, Ferreiras, Tapera, Santa Rita, Joana D&#8217;arc e Centro.<\/p>\n\n\n\n<p>De todos os bairros citados, o conhecido como Horta Comunit\u00e1ria, pode ser considerado um dos mais afetados, pois foi necess\u00e1rio realizar a retirada de moradores que residem no local, sendo 20 pessoas, que est\u00e3o abrigadas na Escola Municipal Santo Ant\u00f4nio da Barra, um abrigo tempor\u00e1rio j\u00e1 estabelecido no Plano de Conting\u00eancia do munic\u00edpio realizado pela Defesa Civil, em vista do aumento do n\u00edvel de \u00e1gua.<\/p>\n\n\n\n<p>Outros bairros citados apresentaram transbordamentos dos ribeir\u00f5es e rios, sendo: Bairro Periquito, Bairro Donato, Bairro S\u00e3o Jos\u00e9, Parque Exposi\u00e7\u00e3o e Centro, onde a Defesa Civil j\u00e1 compareceu orientando os moradores e acompanhando o n\u00edvel da \u00e1gua.<\/p>\n\n\n\n<p>At\u00e9 o presente momento, os rios e ribeir\u00f5es se encontram est\u00e1veis, mas *<strong>podendo ter altera\u00e7\u00f5es conforme o n\u00edvel da chuva.<\/strong><\/p>\n\n\n\n<p>Defesa Civil, Secretaria de Obras, equipes de limpeza urbana, ilumina\u00e7\u00e3o p\u00fablica, Desenvolvimento Social, Seguran\u00e7a P\u00fablica e outros setores da Prefeitura est\u00e3o totalmente dedicados aos trabalhos envolvendo as ocorr\u00eancias, diuturnamente. Pontos de risco est\u00e3o sendo constantemente monitorados.<\/p>\n\n\n\n<p><strong>Desenvolvimento Social<\/strong><\/p>\n\n\n\n<p>A Secretaria de Desenvolvimento Social de Pedro Leopoldo foi acionada pela Defesa Civil em fun\u00e7\u00e3o das ocorr\u00eancias das chuvas do final de semana para atender fam\u00edlias em situa\u00e7\u00e3o de vulnerabilidade, como forma de preven\u00e7\u00e3o. A princ\u00edpio n\u00e3o foi constatada nenhuma perda material significativa, e, por isto, n\u00e3o h\u00e1, neste momento, necessidade de doa\u00e7\u00f5es por parte da popula\u00e7\u00e3o. O Munic\u00edpio conseguiu contornar a situa\u00e7\u00e3o destas pessoas, oferecendo abrigo, banho, cobertas, colch\u00f5es e alimenta\u00e7\u00e3o. Agora o CRAS ir\u00e1 acompanhar as poss\u00edveis necessidades destas pessoas e disponibiliz\u00e1-las de acordo com os benef\u00edcios socioassistenciais dispon\u00edveis na pasta. Lembramos que a Prefeitura criou emergencialmente o Plant\u00e3o Social, que s\u00e3o n\u00fameros de telefone para que as fam\u00edlias em vulnerabilidade que se encontram em situa\u00e7\u00e3o de risco possam acionar a Secretaria Municipal de Desenvolvimento Social. Havendo necessidade de doa\u00e7\u00f5es o Munic\u00edpio informar\u00e1.<\/p>\n\n\n\n<p><strong>Reuni\u00e3o com o Estado<\/strong><\/p>\n\n\n\n<p>O Munic\u00edpio de Pedro Leopoldo, atrav\u00e9s da Prefeita Eloisa Helena, participa nesta manh\u00e3 de uma reuni\u00e3o com o Governo do Estado, com a presen\u00e7a do Governador Romeu Zema, representantes da Defesa Civil e do Corpo de Bombeiros, al\u00e9m de outros chefes de executivo da regi\u00e3o, com a pauta \u201cSitua\u00e7\u00e3o de Emerg\u00eancia\u201d em fun\u00e7\u00e3o das chuvas intensas dos \u00faltimos dias. O encontro acontece no Pal\u00e1cio Tiradentes, na Cidade Administrativa. O objetivo \u00e9 minimizar ao m\u00e1ximo as consequ\u00eancias das cat\u00e1strofes naturais em estradas, rodovias e, sobretudo, para a popula\u00e7\u00e3o. A\u00e7\u00f5es e planos de conting\u00eancia para todo Estado, incluindo a regi\u00e3o metropolitana, est\u00e3o sendo discutidos.<\/p>\n\n\n\n<p><strong>Lagoa<\/strong><\/p>\n\n\n\n<p>Lamentavelmente uma pessoa veio a falecer nesta segunda-feira, ap\u00f3s tentar atravessar a p\u00e9 a lagoa de Lagoa de Santo Ant\u00f4nio. Cabe informar que a passagem no local foi interditada por tempo indeterminado pela Prefeitura, via TransPL, no dia 24 de novembro, devido \u00e0 eleva\u00e7\u00e3o do n\u00edvel da \u00e1gua. \u00c0 \u00e9poca a interdi\u00e7\u00e3o foi feita com cavaletes e sinaliza\u00e7\u00e3o pertinente, de forma permanente, mas algumas pessoas chegaram a retirar os obst\u00e1culos, se arriscando na travessia, seja de carro ou a p\u00e9. A TransPL realiza a confer\u00eancia da sinaliza\u00e7\u00e3o diariamente. A Prefeitura lamenta profundamente a ocorr\u00eancia fatal e volta a pedir a colabora\u00e7\u00e3o das pessoas para que respeitem e n\u00e3o ultrapassem o local que est\u00e1 bloqueado. \u00c9 pela sua pr\u00f3pria seguran\u00e7a!<\/p>\n","protected":false},"excerpt":{"rendered":"<p>Devido \u00e0s chuvas que assolam o Estado de Minas Gerais, e consequentemente Pedro Leopoldo, o n\u00edvel de chuva trouxe o aumento quantitativo do n\u00edvel de \u00e1gua em rios e ribeir\u00f5es do munic\u00edpio. Os bairros mais afetados pela situa\u00e7\u00e3o presente s\u00e3o: Periquito, Horta Comunit\u00e1ria, Bairro Donato, S\u00e3o Jos\u00e9, Santo Ant\u00f4nio da Barra, Garimpo, Ferreiras, Tapera, Santa &hellip; <a href=\"https:\/\/arquivo.pedroleopoldo.mg.gov.br\/?p=19372\" class=\"more-link\">Continuar lendo <span class=\"screen-reader-text\">Balan\u00e7o das Chuvas<\/span><\/a><\/p>\n","protected":false},"author":1,"featured_media":19373,"comment_status":"closed","ping_status":"closed","sticky":false,"template":"","format":"standard","meta":{"footnotes":""},"categories":[4],"tags":[],"_links":{"self":[{"href":"https:\/\/arquivo.pedroleopoldo.mg.gov.br\/index.php?rest_route=\/wp\/v2\/posts\/19372"}],"collection":[{"href":"https:\/\/arquivo.pedroleopoldo.mg.gov.br\/index.php?rest_route=\/wp\/v2\/posts"}],"about":[{"href":"https:\/\/arquivo.pedroleopoldo.mg.gov.br\/index.php?rest_route=\/wp\/v2\/types\/post"}],"author":[{"embeddable":true,"href":"https:\/\/arquivo.pedroleopoldo.mg.gov.br\/index.php?rest_route=\/wp\/v2\/users\/1"}],"replies":[{"embeddable":true,"href":"https:\/\/arquivo.pedroleopoldo.mg.gov.br\/index.php?rest_route=%2Fwp%2Fv2%2Fcomments&post=19372"}],"version-history":[{"count":0,"href":"https:\/\/arquivo.pedroleopoldo.mg.gov.br\/index.php?rest_route=\/wp\/v2\/posts\/19372\/revisions"}],"wp:featuredmedia":[{"embeddable":true,"href":"https:\/\/arquivo.pedroleopoldo.mg.gov.br\/index.php?rest_route=\/wp\/v2\/media\/19373"}],"wp:attachment":[{"href":"https:\/\/arquivo.pedroleopoldo.mg.gov.br\/index.php?rest_route=%2Fwp%2Fv2%2Fmedia&parent=19372"}],"wp:term":[{"taxonomy":"category","embeddable":true,"href":"https:\/\/arquivo.pedroleopoldo.mg.gov.br\/index.php?rest_route=%2Fwp%2Fv2%2Fcategories&post=19372"},{"taxonomy":"post_tag","embeddable":true,"href":"https:\/\/arquivo.pedroleopoldo.mg.gov.br\/index.php?rest_route=%2Fwp%2Fv2%2Ftags&post=19372"}],"curies":[{"name":"wp","href":"https:\/\/api.w.org\/{rel}","templated":true}]}}