{"id":19327,"date":"2022-01-03T15:50:23","date_gmt":"2022-01-03T18:50:23","guid":{"rendered":"http:\/\/pedroleopoldo.mg.gov.br\/?p=19327"},"modified":"2022-01-03T15:50:29","modified_gmt":"2022-01-03T18:50:29","slug":"matriculas-para-a-rede-publica-municipal-de-ensino-vao-ate-o-dia-14-de-janeiro","status":"publish","type":"post","link":"https:\/\/arquivo.pedroleopoldo.mg.gov.br\/?p=19327","title":{"rendered":"Matr\u00edculas para a rede p\u00fablica municipal de ensino v\u00e3o at\u00e9 o dia 14 de janeiro"},"content":{"rendered":"\n<p>\ud83d\udc69\ud83c\udffd\u200d\ud83c\udfeb Aten\u00e7\u00e3o! Vai at\u00e9 o dia 14 de janeiro de 2022, o prazo para a matr\u00edcula nas escolas p\u00fablicas municipais de Pedro Leopoldo. Confira nas imagens a documenta\u00e7\u00e3o necess\u00e1ria e n\u00e3o perca o prazo!<\/p>\n\n\n\n<figure class=\"wp-block-image size-large\"><img decoding=\"async\" loading=\"lazy\" width=\"1024\" height=\"1024\" src=\"http:\/\/pedroleopoldo.mg.gov.br\/wp-content\/uploads\/2022\/01\/WhatsApp-Image-2022-01-03-at-13.05.14-1024x1024.jpeg\" alt=\"\" class=\"wp-image-19330\" srcset=\"https:\/\/arquivo.pedroleopoldo.mg.gov.br\/wp-content\/uploads\/2022\/01\/WhatsApp-Image-2022-01-03-at-13.05.14-1024x1024.jpeg 1024w, https:\/\/arquivo.pedroleopoldo.mg.gov.br\/wp-content\/uploads\/2022\/01\/WhatsApp-Image-2022-01-03-at-13.05.14-300x300.jpeg 300w, https:\/\/arquivo.pedroleopoldo.mg.gov.br\/wp-content\/uploads\/2022\/01\/WhatsApp-Image-2022-01-03-at-13.05.14-150x150.jpeg 150w, https:\/\/arquivo.pedroleopoldo.mg.gov.br\/wp-content\/uploads\/2022\/01\/WhatsApp-Image-2022-01-03-at-13.05.14-768x768.jpeg 768w, https:\/\/arquivo.pedroleopoldo.mg.gov.br\/wp-content\/uploads\/2022\/01\/WhatsApp-Image-2022-01-03-at-13.05.14.jpeg 1080w\" sizes=\"(max-width: 1024px) 100vw, 1024px\" \/><\/figure>\n\n\n\n<figure class=\"wp-block-image size-large\"><img decoding=\"async\" loading=\"lazy\" width=\"1024\" height=\"1024\" src=\"http:\/\/pedroleopoldo.mg.gov.br\/wp-content\/uploads\/2022\/01\/WhatsApp-Image-2022-01-03-at-13.05.22-1024x1024.jpeg\" alt=\"\" class=\"wp-image-19329\" srcset=\"https:\/\/arquivo.pedroleopoldo.mg.gov.br\/wp-content\/uploads\/2022\/01\/WhatsApp-Image-2022-01-03-at-13.05.22-1024x1024.jpeg 1024w, https:\/\/arquivo.pedroleopoldo.mg.gov.br\/wp-content\/uploads\/2022\/01\/WhatsApp-Image-2022-01-03-at-13.05.22-300x300.jpeg 300w, https:\/\/arquivo.pedroleopoldo.mg.gov.br\/wp-content\/uploads\/2022\/01\/WhatsApp-Image-2022-01-03-at-13.05.22-150x150.jpeg 150w, https:\/\/arquivo.pedroleopoldo.mg.gov.br\/wp-content\/uploads\/2022\/01\/WhatsApp-Image-2022-01-03-at-13.05.22-768x768.jpeg 768w, https:\/\/arquivo.pedroleopoldo.mg.gov.br\/wp-content\/uploads\/2022\/01\/WhatsApp-Image-2022-01-03-at-13.05.22.jpeg 1080w\" sizes=\"(max-width: 1024px) 100vw, 1024px\" \/><\/figure>\n\n\n\n<figure class=\"wp-block-image size-large\"><img decoding=\"async\" loading=\"lazy\" width=\"1024\" height=\"1024\" src=\"http:\/\/pedroleopoldo.mg.gov.br\/wp-content\/uploads\/2022\/01\/WhatsApp-Image-2022-01-03-at-13.05.29-1024x1024.jpeg\" alt=\"\" class=\"wp-image-19328\" srcset=\"https:\/\/arquivo.pedroleopoldo.mg.gov.br\/wp-content\/uploads\/2022\/01\/WhatsApp-Image-2022-01-03-at-13.05.29-1024x1024.jpeg 1024w, https:\/\/arquivo.pedroleopoldo.mg.gov.br\/wp-content\/uploads\/2022\/01\/WhatsApp-Image-2022-01-03-at-13.05.29-300x300.jpeg 300w, https:\/\/arquivo.pedroleopoldo.mg.gov.br\/wp-content\/uploads\/2022\/01\/WhatsApp-Image-2022-01-03-at-13.05.29-150x150.jpeg 150w, https:\/\/arquivo.pedroleopoldo.mg.gov.br\/wp-content\/uploads\/2022\/01\/WhatsApp-Image-2022-01-03-at-13.05.29-768x768.jpeg 768w, https:\/\/arquivo.pedroleopoldo.mg.gov.br\/wp-content\/uploads\/2022\/01\/WhatsApp-Image-2022-01-03-at-13.05.29.jpeg 1080w\" sizes=\"(max-width: 1024px) 100vw, 1024px\" \/><\/figure>\n","protected":false},"excerpt":{"rendered":"<p>\ud83d\udc69\ud83c\udffd\u200d\ud83c\udfeb Aten\u00e7\u00e3o! Vai at\u00e9 o dia 14 de janeiro de 2022, o prazo para a matr\u00edcula nas escolas p\u00fablicas municipais de Pedro Leopoldo. Confira nas imagens a documenta\u00e7\u00e3o necess\u00e1ria e n\u00e3o perca o prazo!<\/p>\n","protected":false},"author":1,"featured_media":19331,"comment_status":"closed","ping_status":"closed","sticky":false,"template":"","format":"standard","meta":{"footnotes":""},"categories":[4],"tags":[],"_links":{"self":[{"href":"https:\/\/arquivo.pedroleopoldo.mg.gov.br\/index.php?rest_route=\/wp\/v2\/posts\/19327"}],"collection":[{"href":"https:\/\/arquivo.pedroleopoldo.mg.gov.br\/index.php?rest_route=\/wp\/v2\/posts"}],"about":[{"href":"https:\/\/arquivo.pedroleopoldo.mg.gov.br\/index.php?rest_route=\/wp\/v2\/types\/post"}],"author":[{"embeddable":true,"href":"https:\/\/arquivo.pedroleopoldo.mg.gov.br\/index.php?rest_route=\/wp\/v2\/users\/1"}],"replies":[{"embeddable":true,"href":"https:\/\/arquivo.pedroleopoldo.mg.gov.br\/index.php?rest_route=%2Fwp%2Fv2%2Fcomments&post=19327"}],"version-history":[{"count":0,"href":"https:\/\/arquivo.pedroleopoldo.mg.gov.br\/index.php?rest_route=\/wp\/v2\/posts\/19327\/revisions"}],"wp:featuredmedia":[{"embeddable":true,"href":"https:\/\/arquivo.pedroleopoldo.mg.gov.br\/index.php?rest_route=\/wp\/v2\/media\/19331"}],"wp:attachment":[{"href":"https:\/\/arquivo.pedroleopoldo.mg.gov.br\/index.php?rest_route=%2Fwp%2Fv2%2Fmedia&parent=19327"}],"wp:term":[{"taxonomy":"category","embeddable":true,"href":"https:\/\/arquivo.pedroleopoldo.mg.gov.br\/index.php?rest_route=%2Fwp%2Fv2%2Fcategories&post=19327"},{"taxonomy":"post_tag","embeddable":true,"href":"https:\/\/arquivo.pedroleopoldo.mg.gov.br\/index.php?rest_route=%2Fwp%2Fv2%2Ftags&post=19327"}],"curies":[{"name":"wp","href":"https:\/\/api.w.org\/{rel}","templated":true}]}}