{"id":19322,"date":"2022-01-03T15:35:30","date_gmt":"2022-01-03T18:35:30","guid":{"rendered":"http:\/\/pedroleopoldo.mg.gov.br\/?p=19322"},"modified":"2022-01-03T15:41:55","modified_gmt":"2022-01-03T18:41:55","slug":"pl-continua-a-vacinar-criancas-acima-de-12-anos-e-demais-publicos-com-dose-de-reforco","status":"publish","type":"post","link":"https:\/\/arquivo.pedroleopoldo.mg.gov.br\/?p=19322","title":{"rendered":"PL continua a vacinar pessoas acima de 12 anos e demais p\u00fablicos com dose de refor\u00e7o"},"content":{"rendered":"\n<p>\ud83d\ude37\ud83d\udc89 O ano \u00e9 novo, mas a vacina\u00e7\u00e3o continua! E os cuidados s\u00e3o os mesmos!<br>Fique atento aos intervalos para a dose de refor\u00e7o e compare\u00e7a a uma unidade de sa\u00fade para se vacinar! Ah, e a primeira dose est\u00e1 liberada para todos os p\u00fablicos acima de 12 anos nos ESFs e CMI (de acordo com disponibilidade de doses).<\/p>\n\n\n\n<p>\u26a0\ufe0f Hor\u00e1rios de atendimento:<br>CMI: das 8h30 \u00e0s 12h e das 13h \u00e0s 15h30.<br>ESFs: somente das 9h \u00e0s 12h.<\/p>\n\n\n\n<p>\u260e\ufe0f Novo n\u00famero do CMI: 98814-5596<\/p>\n\n\n\n<figure class=\"wp-block-gallery columns-1 is-cropped wp-block-gallery-1 is-layout-flex wp-block-gallery-is-layout-flex\"><ul class=\"blocks-gallery-grid\"><li class=\"blocks-gallery-item\"><figure><img decoding=\"async\" loading=\"lazy\" width=\"1024\" height=\"1024\" src=\"http:\/\/pedroleopoldo.mg.gov.br\/wp-content\/uploads\/2022\/01\/WhatsApp-Image-2022-01-03-at-15.28.42-1024x1024.jpeg\" alt=\"\" data-id=\"19323\" data-full-url=\"http:\/\/pedroleopoldo.mg.gov.br\/wp-content\/uploads\/2022\/01\/WhatsApp-Image-2022-01-03-at-15.28.42.jpeg\" data-link=\"http:\/\/pedroleopoldo.mg.gov.br\/?attachment_id=19323\" class=\"wp-image-19323\" srcset=\"https:\/\/arquivo.pedroleopoldo.mg.gov.br\/wp-content\/uploads\/2022\/01\/WhatsApp-Image-2022-01-03-at-15.28.42-1024x1024.jpeg 1024w, https:\/\/arquivo.pedroleopoldo.mg.gov.br\/wp-content\/uploads\/2022\/01\/WhatsApp-Image-2022-01-03-at-15.28.42-300x300.jpeg 300w, https:\/\/arquivo.pedroleopoldo.mg.gov.br\/wp-content\/uploads\/2022\/01\/WhatsApp-Image-2022-01-03-at-15.28.42-150x150.jpeg 150w, https:\/\/arquivo.pedroleopoldo.mg.gov.br\/wp-content\/uploads\/2022\/01\/WhatsApp-Image-2022-01-03-at-15.28.42-768x768.jpeg 768w, https:\/\/arquivo.pedroleopoldo.mg.gov.br\/wp-content\/uploads\/2022\/01\/WhatsApp-Image-2022-01-03-at-15.28.42.jpeg 1080w\" sizes=\"(max-width: 1024px) 100vw, 1024px\" \/><\/figure><\/li><\/ul><\/figure>\n","protected":false},"excerpt":{"rendered":"<p>\ud83d\ude37\ud83d\udc89 O ano \u00e9 novo, mas a vacina\u00e7\u00e3o continua! E os cuidados s\u00e3o os mesmos!Fique atento aos intervalos para a dose de refor\u00e7o e compare\u00e7a a uma unidade de sa\u00fade para se vacinar! Ah, e a primeira dose est\u00e1 liberada para todos os p\u00fablicos acima de 12 anos nos ESFs e CMI (de acordo com &hellip; <a href=\"https:\/\/arquivo.pedroleopoldo.mg.gov.br\/?p=19322\" class=\"more-link\">Continuar lendo <span class=\"screen-reader-text\">PL continua a vacinar pessoas acima de 12 anos e demais p\u00fablicos com dose de refor\u00e7o<\/span><\/a><\/p>\n","protected":false},"author":1,"featured_media":19324,"comment_status":"closed","ping_status":"closed","sticky":false,"template":"","format":"standard","meta":{"footnotes":""},"categories":[4],"tags":[],"_links":{"self":[{"href":"https:\/\/arquivo.pedroleopoldo.mg.gov.br\/index.php?rest_route=\/wp\/v2\/posts\/19322"}],"collection":[{"href":"https:\/\/arquivo.pedroleopoldo.mg.gov.br\/index.php?rest_route=\/wp\/v2\/posts"}],"about":[{"href":"https:\/\/arquivo.pedroleopoldo.mg.gov.br\/index.php?rest_route=\/wp\/v2\/types\/post"}],"author":[{"embeddable":true,"href":"https:\/\/arquivo.pedroleopoldo.mg.gov.br\/index.php?rest_route=\/wp\/v2\/users\/1"}],"replies":[{"embeddable":true,"href":"https:\/\/arquivo.pedroleopoldo.mg.gov.br\/index.php?rest_route=%2Fwp%2Fv2%2Fcomments&post=19322"}],"version-history":[{"count":0,"href":"https:\/\/arquivo.pedroleopoldo.mg.gov.br\/index.php?rest_route=\/wp\/v2\/posts\/19322\/revisions"}],"wp:featuredmedia":[{"embeddable":true,"href":"https:\/\/arquivo.pedroleopoldo.mg.gov.br\/index.php?rest_route=\/wp\/v2\/media\/19324"}],"wp:attachment":[{"href":"https:\/\/arquivo.pedroleopoldo.mg.gov.br\/index.php?rest_route=%2Fwp%2Fv2%2Fmedia&parent=19322"}],"wp:term":[{"taxonomy":"category","embeddable":true,"href":"https:\/\/arquivo.pedroleopoldo.mg.gov.br\/index.php?rest_route=%2Fwp%2Fv2%2Fcategories&post=19322"},{"taxonomy":"post_tag","embeddable":true,"href":"https:\/\/arquivo.pedroleopoldo.mg.gov.br\/index.php?rest_route=%2Fwp%2Fv2%2Ftags&post=19322"}],"curies":[{"name":"wp","href":"https:\/\/api.w.org\/{rel}","templated":true}]}}