{"id":19273,"date":"2021-12-29T14:59:56","date_gmt":"2021-12-29T17:59:56","guid":{"rendered":"http:\/\/pedroleopoldo.mg.gov.br\/?p=19273"},"modified":"2021-12-29T15:00:01","modified_gmt":"2021-12-29T18:00:01","slug":"prefeitura-investe-em-limpeza-urbana","status":"publish","type":"post","link":"https:\/\/arquivo.pedroleopoldo.mg.gov.br\/?p=19273","title":{"rendered":"Prefeitura investe em limpeza urbana"},"content":{"rendered":"\n<p>Pra quem acha que a Prefs faz corpo mole no fim do ano, aqui n\u00e3o! A quarta-feira come\u00e7ou com um trabalho de replantio, limpeza geral e higieniza\u00e7\u00e3o da pra\u00e7a Tancredo Neves, no centro do munic\u00edpio. O local que \u00e9 muito frequentado pela popula\u00e7\u00e3o est\u00e1 com um ambiente adequado para todos!<\/p>\n\n\n\n<figure class=\"wp-block-image size-large\"><img decoding=\"async\" loading=\"lazy\" width=\"1024\" height=\"576\" src=\"http:\/\/pedroleopoldo.mg.gov.br\/wp-content\/uploads\/2021\/12\/WhatsApp-Image-2021-12-29-at-12.47.02-1024x576.jpeg\" alt=\"\" class=\"wp-image-19274\" srcset=\"https:\/\/arquivo.pedroleopoldo.mg.gov.br\/wp-content\/uploads\/2021\/12\/WhatsApp-Image-2021-12-29-at-12.47.02-1024x576.jpeg 1024w, https:\/\/arquivo.pedroleopoldo.mg.gov.br\/wp-content\/uploads\/2021\/12\/WhatsApp-Image-2021-12-29-at-12.47.02-300x169.jpeg 300w, https:\/\/arquivo.pedroleopoldo.mg.gov.br\/wp-content\/uploads\/2021\/12\/WhatsApp-Image-2021-12-29-at-12.47.02-768x432.jpeg 768w, https:\/\/arquivo.pedroleopoldo.mg.gov.br\/wp-content\/uploads\/2021\/12\/WhatsApp-Image-2021-12-29-at-12.47.02-1536x864.jpeg 1536w, https:\/\/arquivo.pedroleopoldo.mg.gov.br\/wp-content\/uploads\/2021\/12\/WhatsApp-Image-2021-12-29-at-12.47.02.jpeg 1600w\" sizes=\"(max-width: 1024px) 100vw, 1024px\" \/><\/figure>\n\n\n\n<figure class=\"wp-block-image size-large\"><img decoding=\"async\" loading=\"lazy\" width=\"1024\" height=\"576\" src=\"http:\/\/pedroleopoldo.mg.gov.br\/wp-content\/uploads\/2021\/12\/WhatsApp-Image-2021-12-29-at-12.46.56-1024x576.jpeg\" alt=\"\" class=\"wp-image-19275\" srcset=\"https:\/\/arquivo.pedroleopoldo.mg.gov.br\/wp-content\/uploads\/2021\/12\/WhatsApp-Image-2021-12-29-at-12.46.56-1024x576.jpeg 1024w, https:\/\/arquivo.pedroleopoldo.mg.gov.br\/wp-content\/uploads\/2021\/12\/WhatsApp-Image-2021-12-29-at-12.46.56-300x169.jpeg 300w, https:\/\/arquivo.pedroleopoldo.mg.gov.br\/wp-content\/uploads\/2021\/12\/WhatsApp-Image-2021-12-29-at-12.46.56-768x432.jpeg 768w, https:\/\/arquivo.pedroleopoldo.mg.gov.br\/wp-content\/uploads\/2021\/12\/WhatsApp-Image-2021-12-29-at-12.46.56-1536x864.jpeg 1536w, https:\/\/arquivo.pedroleopoldo.mg.gov.br\/wp-content\/uploads\/2021\/12\/WhatsApp-Image-2021-12-29-at-12.46.56.jpeg 1600w\" sizes=\"(max-width: 1024px) 100vw, 1024px\" \/><\/figure>\n","protected":false},"excerpt":{"rendered":"<p>Pra quem acha que a Prefs faz corpo mole no fim do ano, aqui n\u00e3o! A quarta-feira come\u00e7ou com um trabalho de replantio, limpeza geral e higieniza\u00e7\u00e3o da pra\u00e7a Tancredo Neves, no centro do munic\u00edpio. O local que \u00e9 muito frequentado pela popula\u00e7\u00e3o est\u00e1 com um ambiente adequado para todos!<\/p>\n","protected":false},"author":1,"featured_media":19275,"comment_status":"closed","ping_status":"closed","sticky":false,"template":"","format":"standard","meta":{"footnotes":""},"categories":[4],"tags":[],"_links":{"self":[{"href":"https:\/\/arquivo.pedroleopoldo.mg.gov.br\/index.php?rest_route=\/wp\/v2\/posts\/19273"}],"collection":[{"href":"https:\/\/arquivo.pedroleopoldo.mg.gov.br\/index.php?rest_route=\/wp\/v2\/posts"}],"about":[{"href":"https:\/\/arquivo.pedroleopoldo.mg.gov.br\/index.php?rest_route=\/wp\/v2\/types\/post"}],"author":[{"embeddable":true,"href":"https:\/\/arquivo.pedroleopoldo.mg.gov.br\/index.php?rest_route=\/wp\/v2\/users\/1"}],"replies":[{"embeddable":true,"href":"https:\/\/arquivo.pedroleopoldo.mg.gov.br\/index.php?rest_route=%2Fwp%2Fv2%2Fcomments&post=19273"}],"version-history":[{"count":0,"href":"https:\/\/arquivo.pedroleopoldo.mg.gov.br\/index.php?rest_route=\/wp\/v2\/posts\/19273\/revisions"}],"wp:featuredmedia":[{"embeddable":true,"href":"https:\/\/arquivo.pedroleopoldo.mg.gov.br\/index.php?rest_route=\/wp\/v2\/media\/19275"}],"wp:attachment":[{"href":"https:\/\/arquivo.pedroleopoldo.mg.gov.br\/index.php?rest_route=%2Fwp%2Fv2%2Fmedia&parent=19273"}],"wp:term":[{"taxonomy":"category","embeddable":true,"href":"https:\/\/arquivo.pedroleopoldo.mg.gov.br\/index.php?rest_route=%2Fwp%2Fv2%2Fcategories&post=19273"},{"taxonomy":"post_tag","embeddable":true,"href":"https:\/\/arquivo.pedroleopoldo.mg.gov.br\/index.php?rest_route=%2Fwp%2Fv2%2Ftags&post=19273"}],"curies":[{"name":"wp","href":"https:\/\/api.w.org\/{rel}","templated":true}]}}