{"id":19234,"date":"2021-12-27T13:00:56","date_gmt":"2021-12-27T16:00:56","guid":{"rendered":"http:\/\/pedroleopoldo.mg.gov.br\/?p=19234"},"modified":"2021-12-27T13:01:37","modified_gmt":"2021-12-27T16:01:37","slug":"prefeitura-de-pedro-leopoldo-deseja-um-feliz-natal-a-populacao","status":"publish","type":"post","link":"https:\/\/arquivo.pedroleopoldo.mg.gov.br\/?p=19234","title":{"rendered":"Prefeitura de Pedro Leopoldo deseja um Feliz Natal \u00e0 popula\u00e7\u00e3o"},"content":{"rendered":"\n<p>Natal \u00e9 \u00e9poca de renovar os sonhos e metas para o ano novo que se anuncia.<\/p>\n\n\n\n<p>\u00c9 momento de agradecer e celebrar todas as conquistas vividas e os objetivos alcan\u00e7ados.<\/p>\n\n\n\n<p>Que possamos reafirmar nossa parceria por uma Pedro Leopoldo melhor, com determina\u00e7\u00e3o e otimismo, levando conosco todas as li\u00e7\u00f5es que aprendemos.<\/p>\n\n\n\n<p>Deixamos aqui nossa mensagem de Feliz Natal com as imagens do nosso lindo Natal Iluminado, uma iniciativa da Prefeitura de Pedro Leopoldo, atrav\u00e9s da Secretaria Municipal de Cultura!\u00a0<\/p>\n\n\n\n<figure class=\"wp-block-embed-instagram wp-block-embed is-type-rich is-provider-instagram\"><div class=\"wp-block-embed__wrapper\">\nhttps:\/\/www.instagram.com\/tv\/CX4TFsUoO2R\/?utm_source=ig_web_copy_link\n<\/div><\/figure>\n","protected":false},"excerpt":{"rendered":"<p>Natal \u00e9 \u00e9poca de renovar os sonhos e metas para o ano novo que se anuncia. \u00c9 momento de agradecer e celebrar todas as conquistas vividas e os objetivos alcan\u00e7ados. Que possamos reafirmar nossa parceria por uma Pedro Leopoldo melhor, com determina\u00e7\u00e3o e otimismo, levando conosco todas as li\u00e7\u00f5es que aprendemos. Deixamos aqui nossa mensagem &hellip; <a href=\"https:\/\/arquivo.pedroleopoldo.mg.gov.br\/?p=19234\" class=\"more-link\">Continuar lendo <span class=\"screen-reader-text\">Prefeitura de Pedro Leopoldo deseja um Feliz Natal \u00e0 popula\u00e7\u00e3o<\/span><\/a><\/p>\n","protected":false},"author":1,"featured_media":19203,"comment_status":"closed","ping_status":"closed","sticky":false,"template":"","format":"standard","meta":{"footnotes":""},"categories":[4],"tags":[],"_links":{"self":[{"href":"https:\/\/arquivo.pedroleopoldo.mg.gov.br\/index.php?rest_route=\/wp\/v2\/posts\/19234"}],"collection":[{"href":"https:\/\/arquivo.pedroleopoldo.mg.gov.br\/index.php?rest_route=\/wp\/v2\/posts"}],"about":[{"href":"https:\/\/arquivo.pedroleopoldo.mg.gov.br\/index.php?rest_route=\/wp\/v2\/types\/post"}],"author":[{"embeddable":true,"href":"https:\/\/arquivo.pedroleopoldo.mg.gov.br\/index.php?rest_route=\/wp\/v2\/users\/1"}],"replies":[{"embeddable":true,"href":"https:\/\/arquivo.pedroleopoldo.mg.gov.br\/index.php?rest_route=%2Fwp%2Fv2%2Fcomments&post=19234"}],"version-history":[{"count":0,"href":"https:\/\/arquivo.pedroleopoldo.mg.gov.br\/index.php?rest_route=\/wp\/v2\/posts\/19234\/revisions"}],"wp:featuredmedia":[{"embeddable":true,"href":"https:\/\/arquivo.pedroleopoldo.mg.gov.br\/index.php?rest_route=\/wp\/v2\/media\/19203"}],"wp:attachment":[{"href":"https:\/\/arquivo.pedroleopoldo.mg.gov.br\/index.php?rest_route=%2Fwp%2Fv2%2Fmedia&parent=19234"}],"wp:term":[{"taxonomy":"category","embeddable":true,"href":"https:\/\/arquivo.pedroleopoldo.mg.gov.br\/index.php?rest_route=%2Fwp%2Fv2%2Fcategories&post=19234"},{"taxonomy":"post_tag","embeddable":true,"href":"https:\/\/arquivo.pedroleopoldo.mg.gov.br\/index.php?rest_route=%2Fwp%2Fv2%2Ftags&post=19234"}],"curies":[{"name":"wp","href":"https:\/\/api.w.org\/{rel}","templated":true}]}}