{"id":19227,"date":"2021-12-27T12:54:52","date_gmt":"2021-12-27T15:54:52","guid":{"rendered":"http:\/\/pedroleopoldo.mg.gov.br\/?p=19227"},"modified":"2021-12-27T12:54:57","modified_gmt":"2021-12-27T15:54:57","slug":"defesa-civil-municipal-realiza-acao-de-natal","status":"publish","type":"post","link":"https:\/\/arquivo.pedroleopoldo.mg.gov.br\/?p=19227","title":{"rendered":"Defesa Civil municipal realiza a\u00e7\u00e3o de Natal"},"content":{"rendered":"\n<p>Na manh\u00e3 da \u00faltima quinta-feira, 23 de dezembro, a Coordenadoria de Prote\u00e7\u00e3o e Defesa Civil ( COMPDEC) e a Guarda Civil Municipal de Pedro Leopoldo entregaram, na vila Aparecida e em Dr Lund, kit\u2019s surpresa para as crian\u00e7as destas localidades. A a\u00e7\u00e3o foi uma parceria entre agentes brigadistas e coordena\u00e7\u00e3o da Defesa Civil.<\/p>\n\n\n\n<figure class=\"wp-block-image size-large\"><img decoding=\"async\" loading=\"lazy\" width=\"1024\" height=\"768\" src=\"http:\/\/pedroleopoldo.mg.gov.br\/wp-content\/uploads\/2021\/12\/WhatsApp-Image-2021-12-23-at-12.13.56-1024x768.jpeg\" alt=\"\" class=\"wp-image-19228\" srcset=\"https:\/\/arquivo.pedroleopoldo.mg.gov.br\/wp-content\/uploads\/2021\/12\/WhatsApp-Image-2021-12-23-at-12.13.56-1024x768.jpeg 1024w, https:\/\/arquivo.pedroleopoldo.mg.gov.br\/wp-content\/uploads\/2021\/12\/WhatsApp-Image-2021-12-23-at-12.13.56-300x225.jpeg 300w, https:\/\/arquivo.pedroleopoldo.mg.gov.br\/wp-content\/uploads\/2021\/12\/WhatsApp-Image-2021-12-23-at-12.13.56-768x576.jpeg 768w, https:\/\/arquivo.pedroleopoldo.mg.gov.br\/wp-content\/uploads\/2021\/12\/WhatsApp-Image-2021-12-23-at-12.13.56.jpeg 1040w\" sizes=\"(max-width: 1024px) 100vw, 1024px\" \/><\/figure>\n\n\n\n<figure class=\"wp-block-image size-large\"><img decoding=\"async\" loading=\"lazy\" width=\"1024\" height=\"768\" src=\"http:\/\/pedroleopoldo.mg.gov.br\/wp-content\/uploads\/2021\/12\/WhatsApp-Image-2021-12-23-at-12.13.09-1024x768.jpeg\" alt=\"\" class=\"wp-image-19229\" srcset=\"https:\/\/arquivo.pedroleopoldo.mg.gov.br\/wp-content\/uploads\/2021\/12\/WhatsApp-Image-2021-12-23-at-12.13.09-1024x768.jpeg 1024w, https:\/\/arquivo.pedroleopoldo.mg.gov.br\/wp-content\/uploads\/2021\/12\/WhatsApp-Image-2021-12-23-at-12.13.09-300x225.jpeg 300w, https:\/\/arquivo.pedroleopoldo.mg.gov.br\/wp-content\/uploads\/2021\/12\/WhatsApp-Image-2021-12-23-at-12.13.09-768x576.jpeg 768w, https:\/\/arquivo.pedroleopoldo.mg.gov.br\/wp-content\/uploads\/2021\/12\/WhatsApp-Image-2021-12-23-at-12.13.09.jpeg 1040w\" sizes=\"(max-width: 1024px) 100vw, 1024px\" \/><\/figure>\n\n\n\n<figure class=\"wp-block-image size-large\"><img decoding=\"async\" loading=\"lazy\" width=\"1024\" height=\"768\" src=\"http:\/\/pedroleopoldo.mg.gov.br\/wp-content\/uploads\/2021\/12\/WhatsApp-Image-2021-12-23-at-12.13.06-1024x768.jpeg\" alt=\"\" class=\"wp-image-19230\" srcset=\"https:\/\/arquivo.pedroleopoldo.mg.gov.br\/wp-content\/uploads\/2021\/12\/WhatsApp-Image-2021-12-23-at-12.13.06-1024x768.jpeg 1024w, https:\/\/arquivo.pedroleopoldo.mg.gov.br\/wp-content\/uploads\/2021\/12\/WhatsApp-Image-2021-12-23-at-12.13.06-300x225.jpeg 300w, https:\/\/arquivo.pedroleopoldo.mg.gov.br\/wp-content\/uploads\/2021\/12\/WhatsApp-Image-2021-12-23-at-12.13.06-768x576.jpeg 768w, https:\/\/arquivo.pedroleopoldo.mg.gov.br\/wp-content\/uploads\/2021\/12\/WhatsApp-Image-2021-12-23-at-12.13.06.jpeg 1040w\" sizes=\"(max-width: 1024px) 100vw, 1024px\" \/><\/figure>\n\n\n\n<figure class=\"wp-block-image size-large\"><img decoding=\"async\" loading=\"lazy\" width=\"1024\" height=\"768\" src=\"http:\/\/pedroleopoldo.mg.gov.br\/wp-content\/uploads\/2021\/12\/WhatsApp-Image-2021-12-23-at-12.13.05-1024x768.jpeg\" alt=\"\" class=\"wp-image-19232\" srcset=\"https:\/\/arquivo.pedroleopoldo.mg.gov.br\/wp-content\/uploads\/2021\/12\/WhatsApp-Image-2021-12-23-at-12.13.05-1024x768.jpeg 1024w, https:\/\/arquivo.pedroleopoldo.mg.gov.br\/wp-content\/uploads\/2021\/12\/WhatsApp-Image-2021-12-23-at-12.13.05-300x225.jpeg 300w, https:\/\/arquivo.pedroleopoldo.mg.gov.br\/wp-content\/uploads\/2021\/12\/WhatsApp-Image-2021-12-23-at-12.13.05-768x576.jpeg 768w, https:\/\/arquivo.pedroleopoldo.mg.gov.br\/wp-content\/uploads\/2021\/12\/WhatsApp-Image-2021-12-23-at-12.13.05.jpeg 1040w\" sizes=\"(max-width: 1024px) 100vw, 1024px\" \/><\/figure>\n","protected":false},"excerpt":{"rendered":"<p>Na manh\u00e3 da \u00faltima quinta-feira, 23 de dezembro, a Coordenadoria de Prote\u00e7\u00e3o e Defesa Civil ( COMPDEC) e a Guarda Civil Municipal de Pedro Leopoldo entregaram, na vila Aparecida e em Dr Lund, kit\u2019s surpresa para as crian\u00e7as destas localidades. A a\u00e7\u00e3o foi uma parceria entre agentes brigadistas e coordena\u00e7\u00e3o da Defesa Civil.<\/p>\n","protected":false},"author":1,"featured_media":19231,"comment_status":"closed","ping_status":"closed","sticky":false,"template":"","format":"standard","meta":{"footnotes":""},"categories":[4],"tags":[],"_links":{"self":[{"href":"https:\/\/arquivo.pedroleopoldo.mg.gov.br\/index.php?rest_route=\/wp\/v2\/posts\/19227"}],"collection":[{"href":"https:\/\/arquivo.pedroleopoldo.mg.gov.br\/index.php?rest_route=\/wp\/v2\/posts"}],"about":[{"href":"https:\/\/arquivo.pedroleopoldo.mg.gov.br\/index.php?rest_route=\/wp\/v2\/types\/post"}],"author":[{"embeddable":true,"href":"https:\/\/arquivo.pedroleopoldo.mg.gov.br\/index.php?rest_route=\/wp\/v2\/users\/1"}],"replies":[{"embeddable":true,"href":"https:\/\/arquivo.pedroleopoldo.mg.gov.br\/index.php?rest_route=%2Fwp%2Fv2%2Fcomments&post=19227"}],"version-history":[{"count":0,"href":"https:\/\/arquivo.pedroleopoldo.mg.gov.br\/index.php?rest_route=\/wp\/v2\/posts\/19227\/revisions"}],"wp:featuredmedia":[{"embeddable":true,"href":"https:\/\/arquivo.pedroleopoldo.mg.gov.br\/index.php?rest_route=\/wp\/v2\/media\/19231"}],"wp:attachment":[{"href":"https:\/\/arquivo.pedroleopoldo.mg.gov.br\/index.php?rest_route=%2Fwp%2Fv2%2Fmedia&parent=19227"}],"wp:term":[{"taxonomy":"category","embeddable":true,"href":"https:\/\/arquivo.pedroleopoldo.mg.gov.br\/index.php?rest_route=%2Fwp%2Fv2%2Fcategories&post=19227"},{"taxonomy":"post_tag","embeddable":true,"href":"https:\/\/arquivo.pedroleopoldo.mg.gov.br\/index.php?rest_route=%2Fwp%2Fv2%2Ftags&post=19227"}],"curies":[{"name":"wp","href":"https:\/\/api.w.org\/{rel}","templated":true}]}}