{"id":19217,"date":"2021-12-27T12:44:49","date_gmt":"2021-12-27T15:44:49","guid":{"rendered":"http:\/\/pedroleopoldo.mg.gov.br\/?p=19217"},"modified":"2021-12-27T12:44:53","modified_gmt":"2021-12-27T15:44:53","slug":"prefeitura-entrega-cestas-basicas-para-usuarios-do-cras-norte","status":"publish","type":"post","link":"https:\/\/arquivo.pedroleopoldo.mg.gov.br\/?p=19217","title":{"rendered":"Prefeitura entrega cestas b\u00e1sicas para usu\u00e1rios do Cras Norte"},"content":{"rendered":"\n<p>A Secretaria de Desenvolvimento Social trabalha com afinco para garantir o direito dos usu\u00e1rios de seus equipamentos. Seguindo esta linha, hoje foi dia de entregar benef\u00edcios de alimenta\u00e7\u00e3o (cestas b\u00e1sicas) para usu\u00e1rios cadastrados no Cras Norte, que solicitaram o benef\u00edcio junto ao equipamento durante esta semana! <\/p>\n\n\n\n<p>Fam\u00edlias de bairros distintos da regi\u00e3o Norte foram atendidas.<\/p>\n\n\n\n<figure class=\"wp-block-image size-large\"><img decoding=\"async\" loading=\"lazy\" width=\"1024\" height=\"768\" src=\"http:\/\/pedroleopoldo.mg.gov.br\/wp-content\/uploads\/2021\/12\/WhatsApp-Image-2021-12-23-at-13.15.39-1-1024x768.jpeg\" alt=\"\" class=\"wp-image-19222\" srcset=\"https:\/\/arquivo.pedroleopoldo.mg.gov.br\/wp-content\/uploads\/2021\/12\/WhatsApp-Image-2021-12-23-at-13.15.39-1-1024x768.jpeg 1024w, https:\/\/arquivo.pedroleopoldo.mg.gov.br\/wp-content\/uploads\/2021\/12\/WhatsApp-Image-2021-12-23-at-13.15.39-1-300x225.jpeg 300w, https:\/\/arquivo.pedroleopoldo.mg.gov.br\/wp-content\/uploads\/2021\/12\/WhatsApp-Image-2021-12-23-at-13.15.39-1-768x576.jpeg 768w, https:\/\/arquivo.pedroleopoldo.mg.gov.br\/wp-content\/uploads\/2021\/12\/WhatsApp-Image-2021-12-23-at-13.15.39-1-1536x1152.jpeg 1536w, https:\/\/arquivo.pedroleopoldo.mg.gov.br\/wp-content\/uploads\/2021\/12\/WhatsApp-Image-2021-12-23-at-13.15.39-1.jpeg 1600w\" sizes=\"(max-width: 1024px) 100vw, 1024px\" \/><\/figure>\n\n\n\n<figure class=\"wp-block-image size-large\"><img decoding=\"async\" loading=\"lazy\" width=\"1024\" height=\"768\" src=\"http:\/\/pedroleopoldo.mg.gov.br\/wp-content\/uploads\/2021\/12\/WhatsApp-Image-2021-12-23-at-13.15.36-2-1024x768.jpeg\" alt=\"\" class=\"wp-image-19224\" srcset=\"https:\/\/arquivo.pedroleopoldo.mg.gov.br\/wp-content\/uploads\/2021\/12\/WhatsApp-Image-2021-12-23-at-13.15.36-2-1024x768.jpeg 1024w, https:\/\/arquivo.pedroleopoldo.mg.gov.br\/wp-content\/uploads\/2021\/12\/WhatsApp-Image-2021-12-23-at-13.15.36-2-300x225.jpeg 300w, https:\/\/arquivo.pedroleopoldo.mg.gov.br\/wp-content\/uploads\/2021\/12\/WhatsApp-Image-2021-12-23-at-13.15.36-2-768x576.jpeg 768w, https:\/\/arquivo.pedroleopoldo.mg.gov.br\/wp-content\/uploads\/2021\/12\/WhatsApp-Image-2021-12-23-at-13.15.36-2-1536x1152.jpeg 1536w, https:\/\/arquivo.pedroleopoldo.mg.gov.br\/wp-content\/uploads\/2021\/12\/WhatsApp-Image-2021-12-23-at-13.15.36-2.jpeg 1600w\" sizes=\"(max-width: 1024px) 100vw, 1024px\" \/><\/figure>\n\n\n\n<figure class=\"wp-block-image size-large\"><img decoding=\"async\" loading=\"lazy\" width=\"1024\" height=\"768\" src=\"http:\/\/pedroleopoldo.mg.gov.br\/wp-content\/uploads\/2021\/12\/WhatsApp-Image-2021-12-23-at-13.15.35-1-1024x768.jpeg\" alt=\"\" class=\"wp-image-19225\" srcset=\"https:\/\/arquivo.pedroleopoldo.mg.gov.br\/wp-content\/uploads\/2021\/12\/WhatsApp-Image-2021-12-23-at-13.15.35-1-1024x768.jpeg 1024w, https:\/\/arquivo.pedroleopoldo.mg.gov.br\/wp-content\/uploads\/2021\/12\/WhatsApp-Image-2021-12-23-at-13.15.35-1-300x225.jpeg 300w, https:\/\/arquivo.pedroleopoldo.mg.gov.br\/wp-content\/uploads\/2021\/12\/WhatsApp-Image-2021-12-23-at-13.15.35-1-768x576.jpeg 768w, https:\/\/arquivo.pedroleopoldo.mg.gov.br\/wp-content\/uploads\/2021\/12\/WhatsApp-Image-2021-12-23-at-13.15.35-1-1536x1152.jpeg 1536w, https:\/\/arquivo.pedroleopoldo.mg.gov.br\/wp-content\/uploads\/2021\/12\/WhatsApp-Image-2021-12-23-at-13.15.35-1.jpeg 1600w\" sizes=\"(max-width: 1024px) 100vw, 1024px\" \/><\/figure>\n","protected":false},"excerpt":{"rendered":"<p>A Secretaria de Desenvolvimento Social trabalha com afinco para garantir o direito dos usu\u00e1rios de seus equipamentos. Seguindo esta linha, hoje foi dia de entregar benef\u00edcios de alimenta\u00e7\u00e3o (cestas b\u00e1sicas) para usu\u00e1rios cadastrados no Cras Norte, que solicitaram o benef\u00edcio junto ao equipamento durante esta semana! Fam\u00edlias de bairros distintos da regi\u00e3o Norte foram atendidas.<\/p>\n","protected":false},"author":1,"featured_media":19219,"comment_status":"closed","ping_status":"closed","sticky":false,"template":"","format":"standard","meta":{"footnotes":""},"categories":[4],"tags":[],"_links":{"self":[{"href":"https:\/\/arquivo.pedroleopoldo.mg.gov.br\/index.php?rest_route=\/wp\/v2\/posts\/19217"}],"collection":[{"href":"https:\/\/arquivo.pedroleopoldo.mg.gov.br\/index.php?rest_route=\/wp\/v2\/posts"}],"about":[{"href":"https:\/\/arquivo.pedroleopoldo.mg.gov.br\/index.php?rest_route=\/wp\/v2\/types\/post"}],"author":[{"embeddable":true,"href":"https:\/\/arquivo.pedroleopoldo.mg.gov.br\/index.php?rest_route=\/wp\/v2\/users\/1"}],"replies":[{"embeddable":true,"href":"https:\/\/arquivo.pedroleopoldo.mg.gov.br\/index.php?rest_route=%2Fwp%2Fv2%2Fcomments&post=19217"}],"version-history":[{"count":0,"href":"https:\/\/arquivo.pedroleopoldo.mg.gov.br\/index.php?rest_route=\/wp\/v2\/posts\/19217\/revisions"}],"wp:featuredmedia":[{"embeddable":true,"href":"https:\/\/arquivo.pedroleopoldo.mg.gov.br\/index.php?rest_route=\/wp\/v2\/media\/19219"}],"wp:attachment":[{"href":"https:\/\/arquivo.pedroleopoldo.mg.gov.br\/index.php?rest_route=%2Fwp%2Fv2%2Fmedia&parent=19217"}],"wp:term":[{"taxonomy":"category","embeddable":true,"href":"https:\/\/arquivo.pedroleopoldo.mg.gov.br\/index.php?rest_route=%2Fwp%2Fv2%2Fcategories&post=19217"},{"taxonomy":"post_tag","embeddable":true,"href":"https:\/\/arquivo.pedroleopoldo.mg.gov.br\/index.php?rest_route=%2Fwp%2Fv2%2Ftags&post=19217"}],"curies":[{"name":"wp","href":"https:\/\/api.w.org\/{rel}","templated":true}]}}